{"id":3079,"date":"2021-04-13T18:42:59","date_gmt":"2021-04-13T21:42:59","guid":{"rendered":"https:\/\/radiorevelacionfm.cl\/?p=3079"},"modified":"2021-04-13T18:42:59","modified_gmt":"2021-04-13T21:42:59","slug":"aprueban-proyecto-de-diputado-alinco-que-asegura-acceso-a-caminos-publicos-en-predios-agricolas","status":"publish","type":"post","link":"https:\/\/radiorevelacionfm.cl\/?p=3079","title":{"rendered":"Aprueban proyecto de diputado Alinco que asegura acceso a caminos p\u00fablicos en predios agr\u00edcolas"},"content":{"rendered":"<div class=\"flex_column av_one_full  flex_column_div av-zero-column-padding first  avia-builder-el-0  el_before_av_one_full  avia-builder-el-first  \" style='border-radius:0px; '><div  class='avia-image-container  av-styling-    avia-builder-el-1  avia-builder-el-no-sibling  avia-align-center '  itemprop=\"image\" itemscope=\"itemscope\" itemtype=\"https:\/\/schema.org\/ImageObject\"  ><div class='avia-image-container-inner'><div class='avia-image-overlay-wrap'><img decoding=\"async\" class='wp-image-0 avia-img-lazy-loading-not-0 avia_image' src=\"https:\/\/radiorevelacionfm.cl\/wp-content\/uploads\/2021\/04\/DIPUTADO-RENE-ALINCO.jpg\" alt='' title=''   itemprop=\"thumbnailUrl\"  \/><\/div><\/div><\/div><\/div><div class=\"flex_column av_one_full  flex_column_div av-zero-column-padding first  avia-builder-el-2  el_after_av_one_full  el_before_av_one_full  column-top-margin\" style='border-radius:0px; '><section class=\"av_textblock_section \"  itemscope=\"itemscope\" itemtype=\"https:\/\/schema.org\/BlogPosting\" itemprop=\"blogPost\" ><div class='avia_textblock  '   itemprop=\"text\" ><p style=\"text-align: center;\"><strong><span style=\"font-size: 18pt;\">Aprueban proyecto de diputado Alinco que asegura acceso a caminos p\u00fablicos en predios agr\u00edcolas<\/span><\/strong><\/p>\n<div id=\"gtx-trans\" style=\"position: absolute; left: -50px; top: 4.31534px;\">\n<div class=\"gtx-trans-icon\"><\/div>\n<\/div>\n<\/div><\/section><\/div><div class=\"flex_column av_one_full  flex_column_div av-zero-column-padding first  avia-builder-el-4  el_after_av_one_full  el_before_av_hr  column-top-margin\" style='border-radius:0px; '><section class=\"av_textblock_section \"  itemscope=\"itemscope\" itemtype=\"https:\/\/schema.org\/BlogPosting\" itemprop=\"blogPost\" ><div class='avia_textblock  '   itemprop=\"text\" ><p style=\"text-align: justify;\">Por 145 votos a favor y una abstenci\u00f3n, la C\u00e1mara de Diputados aprob\u00f3 el proyecto que establece\u00a0normas sobre la divisi\u00f3n de predios r\u00fasticos, para garantizar la constituci\u00f3n de servidumbres de tr\u00e1nsito de pleno derecho, iniciativa que beneficia a muchos productores campesinos de la regi\u00f3n de Ays\u00e9n.<\/p>\n<p style=\"text-align: justify;\">La iniciativa, informada a la Sala por el diputado autor de la moci\u00f3n, Ren\u00e9 Alinco\u00a0y que modifica el decreto ley 3.516, de 1980, busca subsanar las dificultades o falta de acceso a caminos p\u00fablicos producidas por la subdivisi\u00f3n de predios. Tras su tramitaci\u00f3n en la Comisi\u00f3n de Agricultura, Silvicultura y Desarrollo Rural, se estableci\u00f3 que los predios resultantes de una subdivisi\u00f3n deber\u00e1n tener acceso a un espacio p\u00fablico o a un camino proveniente del proceso de parcelaci\u00f3n de la reforma agraria.<\/p>\n<p style=\"text-align: justify;\">En ese sentido, el objetivo del proyecto es establecer la servidumbre de tr\u00e1nsito para los propietarios de un predio, sin necesidad de llegar a instancias de litigio entre el due\u00f1o del predio sirviente y dominante.<\/p>\n<p style=\"text-align: justify;\">En su intervenci\u00f3n en Sala, el parlamentario aysenino sostuvo \u201cen mi regi\u00f3n de Ays\u00e9n, hace mucho tiempo que ha comenzado la subdivisi\u00f3n de terrenos y el no acceso de los hijos de colonos a sus terrenos hist\u00f3ricos. C\u00f3mo no recordar hoy d\u00eda a un viejo campesino que ya no est\u00e1 con nosotros, Julio Anti\u00f1irre, quien hizo Patria muchos a\u00f1os y posteriormente uno de los vecinos vendi\u00f3 un predio anterior y le cerraron el acceso, este campesino falleci\u00f3 porque tuvo que pasar por una barranca cerca del r\u00edo grande. Esta iniciativa obedece tambi\u00e9n a la sugerencia de muchos dirigentes campesinos como don Reynaldo Bilbao del sector de Villa Ortega, por lo tanto, creemos que esto no abarca ni involucra lo que se denomina la segunda vivienda, no estamos hablando de parcelas de placer, estamos hablando de terrenos, de veranadas, donde los campesinos que viven de su trabajo, de la crianza de animales y explotaci\u00f3n del bosque no tienen acceso a sus hist\u00f3ricos territorios. Creo que este es un proyecto social y que sin duda va a significar el desarrollo y fortalecimiento econ\u00f3mico de los peque\u00f1os y medianos campesinos de todo nuestro pa\u00eds\u201d.<\/p>\n<p style=\"text-align: justify;\">Asimismo, el parlamentario enfatiz\u00f3. \u201cQuiero agradecer a la Comisi\u00f3n y firmantes de nuestro proyecto, porque lamentablemente para nuestros campesinos estos son terrenos ciegos donde no se puede ingresar y mucho menos pueden sacar sus productos\u201d.<\/p>\n<p style=\"text-align: justify;\">En las intervenciones, las y los diputados resaltaron la importancia de contar con accesos libres a los caminos p\u00fablicos, resguardando los derechos de conectividad y de salida y entrada a lugares de tr\u00e1nsito de uso p\u00fablico. As\u00ed tambi\u00e9n, destacaron la trascendencia de este proyecto para el sector rural, para su desarrollo igualitario y para la inclusi\u00f3n de todos los sectores.<\/p>\n<p style=\"text-align: justify;\">Participaron en el debate los diputados\u00a0Pablo Prieto\u00a0(IND),\u00a0Ren\u00e9 Alinco\u00a0(IND),\u00a0Pedro Vel\u00e1squez\u00a0(IND),\u00a0Jorge Sabag\u00a0(DC),\u00a0Frank Sauerbaum\u00a0(RN),\u00a0Miguel \u00c1ngel Calisto\u00a0(DC),\u00a0Leonardo Soto\u00a0(PS),\u00a0Iv\u00e1n Flores\u00a0(DC) e\u00a0Ignacio Urrutia\u00a0(PREP); y las diputadas\u00a0Alejandra Sep\u00falveda\u00a0(FRVS) y\u00a0Emilia Nuyado\u00a0(PS).<\/p>\n<p style=\"text-align: justify;\">Finalmente, cabe se\u00f1alar que por no haber sido objeto de indicaciones, el proyecto de ley tambi\u00e9n fue aprobado en particular y despachado al Senado.<\/p>\n<\/div><\/section><\/div><div  style='height:50px' class='hr hr-invisible   avia-builder-el-6  el_after_av_one_full  el_before_av_social_share '><span class='hr-inner ' ><span class='hr-inner-style'><\/span><\/span><\/div><\/p>\n<div  class='av-social-sharing-box  avia-builder-el-7  el_after_av_hr  el_before_av_hr  '><div class='av-share-box'><h5 class='av-share-link-description av-no-toc '>Compartir esta noticia<\/h5><ul class='av-share-box-list noLightbox'><li class='av-share-link av-social-link-facebook' ><a target=\"_blank\" aria-label=\"Compartir en Facebook\" href='https:\/\/www.facebook.com\/sharer.php?u=https:\/\/radiorevelacionfm.cl\/?p=3079&#038;t=Aprueban%20proyecto%20de%20diputado%20Alinco%20que%20asegura%20acceso%20a%20caminos%20p%C3%BAblicos%20en%20predios%20agr%C3%ADcolas' aria-hidden='false' data-av_icon='\ue8f3' data-av_iconfont='entypo-fontello' title='' data-avia-related-tooltip='Compartir en Facebook' rel=\"noopener\"><span class='avia_hidden_link_text'>Compartir en Facebook<\/span><\/a><\/li><li class='av-share-link av-social-link-twitter' ><a target=\"_blank\" aria-label=\"Compartir en Twitter\" href='https:\/\/twitter.com\/share?text=Aprueban%20proyecto%20de%20diputado%20Alinco%20que%20asegura%20acceso%20a%20caminos%20p%C3%BAblicos%20en%20predios%20agr%C3%ADcolas&#038;url=https:\/\/radiorevelacionfm.cl\/?p=3079' aria-hidden='false' data-av_icon='\ue8f1' data-av_iconfont='entypo-fontello' title='' data-avia-related-tooltip='Compartir en Twitter' rel=\"noopener\"><span class='avia_hidden_link_text'>Compartir en Twitter<\/span><\/a><\/li><li class='av-share-link av-social-link-whatsapp' ><a target=\"_blank\" aria-label=\"Compartir en Whatsapp\" href='https:\/\/api.whatsapp.com\/send?text=https:\/\/radiorevelacionfm.cl\/?p=3079' aria-hidden='false' data-av_icon='\uf232' data-av_iconfont='entypo-fontello' title='' data-avia-related-tooltip='Compartir en Whatsapp' rel=\"noopener\"><span class='avia_hidden_link_text'>Compartir en Whatsapp<\/span><\/a><\/li><li class='av-share-link av-social-link-linkedin' ><a target=\"_blank\" aria-label=\"Compartir en LinkedIn\" href='https:\/\/linkedin.com\/shareArticle?mini=true&#038;title=Aprueban%20proyecto%20de%20diputado%20Alinco%20que%20asegura%20acceso%20a%20caminos%20p%C3%BAblicos%20en%20predios%20agr%C3%ADcolas&#038;url=https:\/\/radiorevelacionfm.cl\/?p=3079' aria-hidden='false' data-av_icon='\ue8fc' data-av_iconfont='entypo-fontello' title='' data-avia-related-tooltip='Compartir en LinkedIn' rel=\"noopener\"><span class='avia_hidden_link_text'>Compartir en LinkedIn<\/span><\/a><\/li><li class='av-share-link av-social-link-mail' ><a  aria-label=\"Compartir por correo\" href='mailto:?subject=Aprueban%20proyecto%20de%20diputado%20Alinco%20que%20asegura%20acceso%20a%20caminos%20p%C3%BAblicos%20en%20predios%20agr%C3%ADcolas&#038;body=https:\/\/radiorevelacionfm.cl\/?p=3079' aria-hidden='false' data-av_icon='\ue805' data-av_iconfont='entypo-fontello' title='' data-avia-related-tooltip='Compartir por correo'><span class='avia_hidden_link_text'>Compartir por correo<\/span><\/a><\/li><\/ul><\/div><\/div>\n<div  style='height:50px' class='hr hr-invisible   avia-builder-el-8  el_after_av_social_share  el_before_av_comments_list '><span class='hr-inner ' ><span class='hr-inner-style'><\/span><\/span><\/div>\n<div  class='av-buildercomment  av-blog-meta-html-info-disabled av-blog-meta-tag-disabled  '><\/div>\n","protected":false},"excerpt":{"rendered":"","protected":false},"author":1,"featured_media":0,"comment_status":"open","ping_status":"open","sticky":false,"template":"","format":"standard","meta":{"footnotes":""},"categories":[35],"tags":[],"class_list":["post-3079","post","type-post","status-publish","format-standard","hentry","category-politica"],"jetpack_featured_media_url":"","_links":{"self":[{"href":"https:\/\/radiorevelacionfm.cl\/index.php?rest_route=\/wp\/v2\/posts\/3079","targetHints":{"allow":["GET"]}}],"collection":[{"href":"https:\/\/radiorevelacionfm.cl\/index.php?rest_route=\/wp\/v2\/posts"}],"about":[{"href":"https:\/\/radiorevelacionfm.cl\/index.php?rest_route=\/wp\/v2\/types\/post"}],"author":[{"embeddable":true,"href":"https:\/\/radiorevelacionfm.cl\/index.php?rest_route=\/wp\/v2\/users\/1"}],"replies":[{"embeddable":true,"href":"https:\/\/radiorevelacionfm.cl\/index.php?rest_route=%2Fwp%2Fv2%2Fcomments&post=3079"}],"version-history":[{"count":1,"href":"https:\/\/radiorevelacionfm.cl\/index.php?rest_route=\/wp\/v2\/posts\/3079\/revisions"}],"predecessor-version":[{"id":3081,"href":"https:\/\/radiorevelacionfm.cl\/index.php?rest_route=\/wp\/v2\/posts\/3079\/revisions\/3081"}],"wp:attachment":[{"href":"https:\/\/radiorevelacionfm.cl\/index.php?rest_route=%2Fwp%2Fv2%2Fmedia&parent=3079"}],"wp:term":[{"taxonomy":"category","embeddable":true,"href":"https:\/\/radiorevelacionfm.cl\/index.php?rest_route=%2Fwp%2Fv2%2Fcategories&post=3079"},{"taxonomy":"post_tag","embeddable":true,"href":"https:\/\/radiorevelacionfm.cl\/index.php?rest_route=%2Fwp%2Fv2%2Ftags&post=3079"}],"curies":[{"name":"wp","href":"https:\/\/api.w.org\/{rel}","templated":true}]}}