{"id":30788,"date":"2023-05-08T11:03:19","date_gmt":"2023-05-08T14:03:19","guid":{"rendered":"https:\/\/radiorevelacionfm.cl\/?p=30788"},"modified":"2023-05-08T11:03:19","modified_gmt":"2023-05-08T14:03:19","slug":"en-coyhaique-realizaran-dialogo-ciudadano-para-avanzar-hacia-un-sistema-nacional-de-cuidados","status":"publish","type":"post","link":"https:\/\/radiorevelacionfm.cl\/?p=30788","title":{"rendered":"En Coyhaique realizar\u00e1n Di\u00e1logo Ciudadano para avanzar hacia un Sistema Nacional de Cuidados"},"content":{"rendered":"<div class=\"flex_column av_one_full  flex_column_div av-zero-column-padding first  avia-builder-el-0  el_before_av_one_full  avia-builder-el-first  \" style='border-radius:0px; '><div  class='avia-image-container  av-styling-    avia-builder-el-1  avia-builder-el-no-sibling  avia-align-center '  itemprop=\"image\" itemscope=\"itemscope\" itemtype=\"https:\/\/schema.org\/ImageObject\"  ><div class='avia-image-container-inner'><div class='avia-image-overlay-wrap'><img decoding=\"async\" class='wp-image-30789 avia-img-lazy-loading-not-30789 avia_image' src=\"https:\/\/radiorevelacionfm.cl\/wp-content\/uploads\/2023\/05\/cuidados1-3-1-1.jpeg\" alt='' title='cuidados1 (3) (1) (1)' height=\"600\" width=\"800\"  itemprop=\"thumbnailUrl\" srcset=\"https:\/\/radiorevelacionfm.cl\/wp-content\/uploads\/2023\/05\/cuidados1-3-1-1.jpeg 800w, https:\/\/radiorevelacionfm.cl\/wp-content\/uploads\/2023\/05\/cuidados1-3-1-1-300x225.jpeg 300w, https:\/\/radiorevelacionfm.cl\/wp-content\/uploads\/2023\/05\/cuidados1-3-1-1-768x576.jpeg 768w, https:\/\/radiorevelacionfm.cl\/wp-content\/uploads\/2023\/05\/cuidados1-3-1-1-705x529.jpeg 705w, https:\/\/radiorevelacionfm.cl\/wp-content\/uploads\/2023\/05\/cuidados1-3-1-1-450x338.jpeg 450w, https:\/\/radiorevelacionfm.cl\/wp-content\/uploads\/2023\/05\/cuidados1-3-1-1-600x450.jpeg 600w\" sizes=\"(max-width: 800px) 100vw, 800px\" \/><\/div><\/div><\/div><\/div><div class=\"flex_column av_one_full  flex_column_div av-zero-column-padding first  avia-builder-el-2  el_after_av_one_full  el_before_av_one_full  column-top-margin\" style='border-radius:0px; '><section class=\"av_textblock_section \"  itemscope=\"itemscope\" itemtype=\"https:\/\/schema.org\/BlogPosting\" itemprop=\"blogPost\" ><div class='avia_textblock  '   itemprop=\"text\" ><p style=\"text-align: center;\"><strong><span style=\"font-size: 18pt;\">En Coyhaique realizar\u00e1n Di\u00e1logo Ciudadano para avanzar hacia un Sistema Nacional de Cuidados<\/span><\/strong><\/p>\n<div id=\"gtx-trans\" style=\"position: absolute; left: -50px; top: 4.31534px;\">\n<div class=\"gtx-trans-icon\"><\/div>\n<\/div>\n<\/div><\/section><\/div><div class=\"flex_column av_one_full  flex_column_div av-zero-column-padding first  avia-builder-el-4  el_after_av_one_full  el_before_av_hr  column-top-margin\" style='border-radius:0px; '><section class=\"av_textblock_section \"  itemscope=\"itemscope\" itemtype=\"https:\/\/schema.org\/BlogPosting\" itemprop=\"blogPost\" ><div class='avia_textblock  '   itemprop=\"text\" ><p style=\"text-align: justify;\">\u00abHablemos de Cuidados\u00bb es el nombre de esta iniciativa impulsada por la Subsecretar\u00eda de Servicios Sociales del Ministerio de Desarrollo Social, con la asistencia t\u00e9cnica de ONU Mujeres. El encuentro, que dar\u00e1 inicio a los Di\u00e1logos Sociales de Cuidados que se est\u00e1n replicando en todo el pa\u00eds, reunir\u00e1 a organizaciones de cuidadoras y cuidadores con las Seremis de Desarrollo Social, de la Mujer y Equidad de G\u00e9nero, Seremi de Gobierno y Delegaci\u00f3n Regional Presidencial. La actividad se realizar\u00e1 el d\u00eda jueves 11 de mayo, a partir de las 17:30 horas en el Sal\u00f3n Auditorio del MOP.<\/p>\n<p style=\"text-align: justify;\">Los di\u00e1logos sociales se est\u00e1n realizando en todas las regiones del pa\u00eds, este jueves es el turno de nuestra regi\u00f3n, por lo que el Delegado Regional Presidencial, Rodrigo Araya, destac\u00f3 esta iniciativa: \u201cPara\u00a0 nuestro Gobierno, el gobierno del Presidente Gabriel Boric, es tremendamente trascendente avanzar en el reconocimiento de las labores que tienen que realizar la mayor\u00eda de veces mujeres en nuestro pa\u00eds. Ya existe un Registro Nacional de Cuidadores y Cuidadoras, es por eso que estamos avanzando en esta implementaci\u00f3n. Se van a trabajar di\u00e1logos comunitarios con relaci\u00f3n a los cuidados, se van a realizar en todo el pa\u00eds, en todas las regiones. Nosotros aqu\u00ed en la regi\u00f3n de Ays\u00e9n tendremos el di\u00e1logo el d\u00eda 11 de mayo donde la SEREMI de Desarrollo Social, la SEREMI de Gobierno y la SEREMI de la Mujer y Equidad de G\u00e9nero han levantado actores claves en el tema de cuidados que han convocado a esta actividad para que se pueda trabajar en esta tem\u00e1tica con las particularidades de nuestro territorio\u201d.<\/p>\n<p style=\"text-align: justify;\">El objetivo de este encuentro es recoger experiencias e informaci\u00f3n de parte de cuidadoras y cuidadores para proveer de insumos que permitan la construcci\u00f3n de un Sistema Nacional de Cuidados.<\/p>\n<p style=\"text-align: justify;\">Karina Acevedo Auad, Seremi de Desarrollo Social y Familia en Ays\u00e9n, explic\u00f3 que estos di\u00e1logos realizados en conjunto con ONU Mujeres, son un espacio de conversaci\u00f3n con el objeto de insumar una nueva pol\u00edtica p\u00fablica con garant\u00eda de derechos y un sistema nacional de cuidados.<\/p>\n<p style=\"text-align: justify;\">\u201cTodos y todas en alg\u00fan momento de nuestras vidas seremos cuidados o cuidaremos a alguien y como un dato muy importante es que en Chile existen al menos 1 mill\u00f3n 200 mil personas requieren de un o una cuidadora, por eso el Presidente Gabriel Boric no ha encomendado una tremenda meta: generar un sistema nacional de cuidado a trav\u00e9s de un proyecto que considere la participaci\u00f3n ciudadana.\u00a0 En esa l\u00ednea desarrollaremos el di\u00e1logo ciudadano \u201cHablemos de Cuidados\u201d junto a actores relevantes, autoridades y expertos este jueves 11 de mayo a partir de las 17:30 horas, un espacio destinado a aportar en la construcci\u00f3n de una nueva pol\u00edtica p\u00fablica\u201d.<\/p>\n<p style=\"text-align: justify;\">En tanto, la Seremi de Gobierno, Tatiana Pl\u00e1, enfatiz\u00f3: \u00abLa participaci\u00f3n ciudadana en la construcci\u00f3n de la pol\u00edtica p\u00fablica es un aspecto central del gobierno del Presidente Gabriel Boric y estamos convencidos de que trabajando en conjunto podremos construir juntas y juntos un Sistema Nacional de Cuidados para nuestra regi\u00f3n y nuestro pa\u00eds que distribuya de forma m\u00e1s equitativa los cuidados en la sociedad\u201d.<\/p>\n<p style=\"text-align: justify;\">Posterior al \u00a0Di\u00e1logo Social que se realizar\u00e1 este 11 de mayo, las personas que quieran participar en Di\u00e1logos Autoconvocados podr\u00e1n hacerlo de manera grupal ingresando a la p\u00e1gina www.hablemosdecuidados.cl, donde encontrar\u00e1n el kit de participaci\u00f3n, con orientaciones para realizar di\u00e1logos al interior de sus comunidades y organizaciones.<\/p>\n<\/div><\/section><\/div><div  style='height:50px' class='hr hr-invisible   avia-builder-el-6  el_after_av_one_full  el_before_av_social_share '><span class='hr-inner ' ><span class='hr-inner-style'><\/span><\/span><\/div><\/p>\n<div  class='av-social-sharing-box  avia-builder-el-7  el_after_av_hr  el_before_av_hr  '><div class='av-share-box'><h5 class='av-share-link-description av-no-toc '>Compartir esta noticia<\/h5><ul class='av-share-box-list noLightbox'><li class='av-share-link av-social-link-facebook' ><a target=\"_blank\" aria-label=\"Compartir en Facebook\" href='https:\/\/www.facebook.com\/sharer.php?u=https:\/\/radiorevelacionfm.cl\/?p=30788&#038;t=En%20Coyhaique%20realizar%C3%A1n%20Di%C3%A1logo%20Ciudadano%20para%20avanzar%20hacia%20un%20Sistema%20Nacional%20de%20Cuidados' aria-hidden='false' data-av_icon='\ue8f3' data-av_iconfont='entypo-fontello' title='' data-avia-related-tooltip='Compartir en Facebook' rel=\"noopener\"><span class='avia_hidden_link_text'>Compartir en Facebook<\/span><\/a><\/li><li class='av-share-link av-social-link-twitter' ><a target=\"_blank\" aria-label=\"Compartir en Twitter\" href='https:\/\/twitter.com\/share?text=En%20Coyhaique%20realizar%C3%A1n%20Di%C3%A1logo%20Ciudadano%20para%20avanzar%20hacia%20un%20Sistema%20Nacional%20de%20Cuidados&#038;url=https:\/\/radiorevelacionfm.cl\/?p=30788' aria-hidden='false' data-av_icon='\ue8f1' data-av_iconfont='entypo-fontello' title='' data-avia-related-tooltip='Compartir en Twitter' rel=\"noopener\"><span class='avia_hidden_link_text'>Compartir en Twitter<\/span><\/a><\/li><li class='av-share-link av-social-link-whatsapp' ><a target=\"_blank\" aria-label=\"Compartir en Whatsapp\" href='https:\/\/api.whatsapp.com\/send?text=https:\/\/radiorevelacionfm.cl\/?p=30788' aria-hidden='false' data-av_icon='\uf232' data-av_iconfont='entypo-fontello' title='' data-avia-related-tooltip='Compartir en Whatsapp' rel=\"noopener\"><span class='avia_hidden_link_text'>Compartir en Whatsapp<\/span><\/a><\/li><li class='av-share-link av-social-link-linkedin' ><a target=\"_blank\" aria-label=\"Compartir en LinkedIn\" href='https:\/\/linkedin.com\/shareArticle?mini=true&#038;title=En%20Coyhaique%20realizar%C3%A1n%20Di%C3%A1logo%20Ciudadano%20para%20avanzar%20hacia%20un%20Sistema%20Nacional%20de%20Cuidados&#038;url=https:\/\/radiorevelacionfm.cl\/?p=30788' aria-hidden='false' data-av_icon='\ue8fc' data-av_iconfont='entypo-fontello' title='' data-avia-related-tooltip='Compartir en LinkedIn' rel=\"noopener\"><span class='avia_hidden_link_text'>Compartir en LinkedIn<\/span><\/a><\/li><li class='av-share-link av-social-link-mail' ><a  aria-label=\"Compartir por correo\" href='mailto:?subject=En%20Coyhaique%20realizar%C3%A1n%20Di%C3%A1logo%20Ciudadano%20para%20avanzar%20hacia%20un%20Sistema%20Nacional%20de%20Cuidados&#038;body=https:\/\/radiorevelacionfm.cl\/?p=30788' aria-hidden='false' data-av_icon='\ue805' data-av_iconfont='entypo-fontello' title='' data-avia-related-tooltip='Compartir por correo'><span class='avia_hidden_link_text'>Compartir por correo<\/span><\/a><\/li><\/ul><\/div><\/div>\n<div  style='height:50px' class='hr hr-invisible   avia-builder-el-8  el_after_av_social_share  el_before_av_comments_list '><span class='hr-inner ' ><span class='hr-inner-style'><\/span><\/span><\/div>\n<div  class='av-buildercomment  av-blog-meta-html-info-disabled av-blog-meta-tag-disabled  '><\/div>\n","protected":false},"excerpt":{"rendered":"","protected":false},"author":1,"featured_media":30789,"comment_status":"open","ping_status":"open","sticky":false,"template":"","format":"standard","meta":{"footnotes":""},"categories":[38],"tags":[],"class_list":["post-30788","post","type-post","status-publish","format-standard","has-post-thumbnail","hentry","category-regional"],"jetpack_featured_media_url":"https:\/\/radiorevelacionfm.cl\/wp-content\/uploads\/2023\/05\/cuidados1-3-1-1.jpeg","_links":{"self":[{"href":"https:\/\/radiorevelacionfm.cl\/index.php?rest_route=\/wp\/v2\/posts\/30788","targetHints":{"allow":["GET"]}}],"collection":[{"href":"https:\/\/radiorevelacionfm.cl\/index.php?rest_route=\/wp\/v2\/posts"}],"about":[{"href":"https:\/\/radiorevelacionfm.cl\/index.php?rest_route=\/wp\/v2\/types\/post"}],"author":[{"embeddable":true,"href":"https:\/\/radiorevelacionfm.cl\/index.php?rest_route=\/wp\/v2\/users\/1"}],"replies":[{"embeddable":true,"href":"https:\/\/radiorevelacionfm.cl\/index.php?rest_route=%2Fwp%2Fv2%2Fcomments&post=30788"}],"version-history":[{"count":1,"href":"https:\/\/radiorevelacionfm.cl\/index.php?rest_route=\/wp\/v2\/posts\/30788\/revisions"}],"predecessor-version":[{"id":30790,"href":"https:\/\/radiorevelacionfm.cl\/index.php?rest_route=\/wp\/v2\/posts\/30788\/revisions\/30790"}],"wp:featuredmedia":[{"embeddable":true,"href":"https:\/\/radiorevelacionfm.cl\/index.php?rest_route=\/wp\/v2\/media\/30789"}],"wp:attachment":[{"href":"https:\/\/radiorevelacionfm.cl\/index.php?rest_route=%2Fwp%2Fv2%2Fmedia&parent=30788"}],"wp:term":[{"taxonomy":"category","embeddable":true,"href":"https:\/\/radiorevelacionfm.cl\/index.php?rest_route=%2Fwp%2Fv2%2Fcategories&post=30788"},{"taxonomy":"post_tag","embeddable":true,"href":"https:\/\/radiorevelacionfm.cl\/index.php?rest_route=%2Fwp%2Fv2%2Ftags&post=30788"}],"curies":[{"name":"wp","href":"https:\/\/api.w.org\/{rel}","templated":true}]}}