{"id":30773,"date":"2023-05-05T22:25:17","date_gmt":"2023-05-06T01:25:17","guid":{"rendered":"https:\/\/radiorevelacionfm.cl\/?p=30773"},"modified":"2023-05-05T22:25:17","modified_gmt":"2023-05-06T01:25:17","slug":"cerca-de-30-familias-de-fachinal-cuentan-con-agua-potable-gracias-a-la-construccion-de-nuevo-servicio-sanitario-rural","status":"publish","type":"post","link":"https:\/\/radiorevelacionfm.cl\/?p=30773","title":{"rendered":"Cerca de 30 familias de Fachinal cuentan con agua potable gracias a la construcci\u00f3n de nuevo servicio sanitario rural"},"content":{"rendered":"<div class=\"flex_column av_one_full  flex_column_div av-zero-column-padding first  avia-builder-el-0  el_before_av_one_full  avia-builder-el-first  \" style='border-radius:0px; '><div  class='avia-image-container  av-styling-    avia-builder-el-1  avia-builder-el-no-sibling  avia-align-center '  itemprop=\"image\" itemscope=\"itemscope\" itemtype=\"https:\/\/schema.org\/ImageObject\"  ><div class='avia-image-container-inner'><div class='avia-image-overlay-wrap'><img decoding=\"async\" class='wp-image-30774 avia-img-lazy-loading-not-30774 avia_image' src=\"https:\/\/radiorevelacionfm.cl\/wp-content\/uploads\/2023\/05\/SIETE-FACHINAL-1-1.jpg\" alt='' title='SIETE-FACHINAL (1) (1)' height=\"600\" width=\"900\"  itemprop=\"thumbnailUrl\" srcset=\"https:\/\/radiorevelacionfm.cl\/wp-content\/uploads\/2023\/05\/SIETE-FACHINAL-1-1.jpg 900w, https:\/\/radiorevelacionfm.cl\/wp-content\/uploads\/2023\/05\/SIETE-FACHINAL-1-1-300x200.jpg 300w, https:\/\/radiorevelacionfm.cl\/wp-content\/uploads\/2023\/05\/SIETE-FACHINAL-1-1-768x512.jpg 768w, https:\/\/radiorevelacionfm.cl\/wp-content\/uploads\/2023\/05\/SIETE-FACHINAL-1-1-705x470.jpg 705w, https:\/\/radiorevelacionfm.cl\/wp-content\/uploads\/2023\/05\/SIETE-FACHINAL-1-1-450x300.jpg 450w, https:\/\/radiorevelacionfm.cl\/wp-content\/uploads\/2023\/05\/SIETE-FACHINAL-1-1-600x400.jpg 600w\" sizes=\"(max-width: 900px) 100vw, 900px\" \/><\/div><\/div><\/div><\/div><div class=\"flex_column av_one_full  flex_column_div av-zero-column-padding first  avia-builder-el-2  el_after_av_one_full  el_before_av_one_full  column-top-margin\" style='border-radius:0px; '><section class=\"av_textblock_section \"  itemscope=\"itemscope\" itemtype=\"https:\/\/schema.org\/BlogPosting\" itemprop=\"blogPost\" ><div class='avia_textblock  '   itemprop=\"text\" ><p style=\"text-align: center;\"><span style=\"font-size: 18pt;\"><strong>Cerca de 30 familias de Fachinal cuentan con agua potable gracias a la construcci\u00f3n de nuevo servicio sanitario rural<\/strong><\/span><\/p>\n<div id=\"gtx-trans\" style=\"position: absolute; left: -50px; top: 4.31534px;\">\n<div class=\"gtx-trans-icon\"><\/div>\n<\/div>\n<\/div><\/section><\/div><div class=\"flex_column av_one_full  flex_column_div av-zero-column-padding first  avia-builder-el-4  el_after_av_one_full  el_before_av_hr  column-top-margin\" style='border-radius:0px; '><section class=\"av_textblock_section \"  itemscope=\"itemscope\" itemtype=\"https:\/\/schema.org\/BlogPosting\" itemprop=\"blogPost\" ><div class='avia_textblock  '   itemprop=\"text\" ><p style=\"text-align: justify;\">Para que las vecinas y vecinos de la comunidad rural de Fachinal, ubicada en la comuna de Chile Chico puedan tener acceso al abastecimiento de agua potable en sus hogares, el gobierno del presidente Gabriel Boric a trav\u00e9s de la Subdirecci\u00f3n de Servicios Sanitarios Rurales de la Direcci\u00f3n Regional de Obras Hidr\u00e1ulicas del Ministerio de Obras P\u00fablicas, tom\u00f3 la firme decisi\u00f3n de transformar la realidad de esta comunidad que desde hace m\u00e1s de cincuenta a\u00f1os no contaba con agua potable y construy\u00f3 \u00a0un Servicio Sanitario Rural, que inaugur\u00f3 esta semana.<\/p>\n<p style=\"text-align: justify;\">As\u00ed lo coment\u00f3 Juan Francisco Saldivia Haro, vecino con 53 a\u00f1os viviendo en Fachinal. \u201cEsto ha sido un gran logro para nosotros. La verdad es que se hizo con esfuerzo, pero se hizo. Lleg\u00f3. Estamos muy contentos, muy feliz con el adelanto que se ha hecho. F\u00edjese que yo llevo 53 a\u00f1os aqu\u00ed y lleg\u00f3 ahora reci\u00e9n el agua\u201d, a lo que agreg\u00f3 Antonio Mu\u00f1oz, presidente del Servicio Sanitario Rural ex APR de Fachinal \u201cfue un d\u00eda hist\u00f3rico hoy d\u00eda, va a quedar para la historia, porque dentro de este anhelo que ten\u00edamos nosotros desde el a\u00f1o 2016, de poder tener agua potable en nuestra localidad, este ha sido un anhelo que hoy d\u00eda se da por hecho. Ya se entreg\u00f3 el proyecto terminado y ahora nosotros estamos a cargo del agua potable, as\u00ed que tenemos que ver qu\u00e9 pasos tenemos que dar para empezar a hacer funcionar este sistema. Muy contento, muy agradecido de cada persona que puso todo su empe\u00f1o para que esto salga adelante\u201d.<\/p>\n<p style=\"text-align: justify;\">Hasta hoy, la comunidad deb\u00eda abastecerse de agua mediante el uso de sistemas individuales o del acarreo de agua desde la zona urbana, por lo que la inversi\u00f3n de la Direcci\u00f3n Regional de Obras Hidr\u00e1ulicas del Ministerio de Obras P\u00fablicas en estas obras, y que alcanz\u00f3 los 668 millones de pesos fue fundamental, para generar el cambio que la comunidad necesitaba para tener acceso a un recurso b\u00e1sico como poder contar con agua potable en sus hogares y a partir de ah\u00ed avanzar en equidad e igualdad territorial y en su propio desarrollo.<\/p>\n<p style=\"text-align: justify;\">El Secretario Regional Ministerial de Obras P\u00fablicas, Patricio Sanhueza Ulloa, se\u00f1al\u00f3 \u201cnos encontramos en Fachinal junto a los vecinos, vecinas y dirigentes de la Junta de Vecinos y del Comit\u00e9 de Agua Potable, ex-APR en la inauguraci\u00f3n del Servicio Sanitario Rural de esta localidad, oportunidad en la que destacamos el accionar y gestiones que tanto los antiguos como los nuevos dirigentes han realizado con importantes esfuerzos durante muchos a\u00f1os y en un trabajo mancomunado con nuestro ministerio para construir este nuevo Servicio Sanitario Rural. Hacemos un reconocimiento tambi\u00e9n, al esfuerzo y labor que el equipo de la Subdirecci\u00f3n de Servicios Sanitarios Rurales de nuestra Direcci\u00f3n Regional de Obras Hidr\u00e1ulicas ha efectuado para generar el Dise\u00f1o y posteriormente las obras, considerando que esta iniciativa es una de las que tuvo mayor costo por arranque domiciliario, situaci\u00f3n que da cuenta de lo que nos ha pedido nuestro presidente Gabriel Boric, que para nuestro gobierno todos y todas somos importantes, no importa el lugar en donde vivamos, as\u00ed que en esta localidad que ha estado un poco abandonada por el Estado, hoy d\u00eda estamos dando respuesta al acceso al agua\u201d.<\/p>\n<p style=\"text-align: justify;\">Son cerca de treinta las familias que a partir de esta fecha se ven beneficiadas con estas obras, las que consideraron realizar limpieza y desinfecci\u00f3n de pozo profundo existente en el lugar desde 2017, la implementaci\u00f3n de tratamiento del sistema a trav\u00e9s de suministro de una bomba dosificadora de cloro con su respectiva caseta incluida, la construcci\u00f3n de un estanque met\u00e1lico de 20 m3, la implementaci\u00f3n de una planta booster junto con la l\u00ednea de impulsi\u00f3n que abastecer\u00e1 el sector alto de Fachinal, la incorporaci\u00f3n de tres pilones de incendio, la ejecuci\u00f3n de empalmes el\u00e9ctricos, tableros de fuerza y control, circuitos el\u00e9ctricos e instalaciones de alumbrado tanto para el recinto de captaci\u00f3n como en el sistema booster. Adem\u00e1s, se instalaron paneles solares para la provisi\u00f3n energ\u00eda fotovoltaica para ambos sistemas.<\/p>\n<p style=\"text-align: justify;\">Consultado al respecto, Francisco Real, Director Regional de Obras Hidr\u00e1ulicas del MOP, coment\u00f3 que la planta Booster es una bomba que se encuentra adentro de la red de agua y que cumple la funci\u00f3n de aumentar la presi\u00f3n del agua que reciben en su hogar los vecinos y vecinas y adem\u00e1s, permite llevar agua a sectores donde la cota es m\u00e1s alta, y agreg\u00f3 \u201cestamos s\u00faper contentos con este nuevo servicio que hemos construido. Es un desaf\u00edo importante para nosotros llegar con agua potable a localidades rurales como est\u00e1 pero hemos podido concretar esta obra, la que sabemos era una sentida necesidad de las y los vecinos. Vamos a seguir avanzando, este a\u00f1o vamos a construir cinco nuevos Servicios Sanitarios Rurales y en los a\u00f1os venideros vamos a generar 40 nuevos Dise\u00f1os de SSR, porque queremos acortar la brecha y dar acceso al abastecimiento de agua potable a m\u00e1s personas, como lo ha pedido nuestro presidente Gabriel Boric y ministra Jessica L\u00f3pez\u201d.<\/p>\n<p style=\"text-align: justify;\">Por su parte, el Delegado presidencial provincia General Carrera, Crist\u00f3bal Barcel\u00f3 \u201cestamos contentos como equipo de la Delegaci\u00f3n de acompa\u00f1ar al Seremi de Obras y al Director Regional de Obras Hidr\u00e1ulicas y su equipo, en esta obra que es muy importante para la comunidad de la provincia y por supuesto, para Fachinal que es beneficiada directamente. \u201dEs una deuda hist\u00f3rica que tenemos con esta comunidad para poder seguir creciendo, permitirles que puedan continuar desarroll\u00e1ndose y que finalmente Fachinal no sea una localidad olvidada, sino que pase a ser una localidad que tenga mayor productividad, que sea capaz de que las familias vengan ac\u00e1 a hacer vida y finalmente a crecer y desarrollar nuestra provincia\u201d.<\/p>\n<\/div><\/section><\/div><div  style='height:50px' class='hr hr-invisible   avia-builder-el-6  el_after_av_one_full  el_before_av_social_share '><span class='hr-inner ' ><span class='hr-inner-style'><\/span><\/span><\/div><\/p>\n<div  class='av-social-sharing-box  avia-builder-el-7  el_after_av_hr  el_before_av_hr  '><div class='av-share-box'><h5 class='av-share-link-description av-no-toc '>Compartir esta noticia<\/h5><ul class='av-share-box-list noLightbox'><li class='av-share-link av-social-link-facebook' ><a target=\"_blank\" aria-label=\"Compartir en Facebook\" href='https:\/\/www.facebook.com\/sharer.php?u=https:\/\/radiorevelacionfm.cl\/?p=30773&#038;t=Cerca%20de%2030%20familias%20de%20Fachinal%20cuentan%20con%20agua%20potable%20gracias%20a%20la%20construcci%C3%B3n%20de%20nuevo%20servicio%20sanitario%20rural' aria-hidden='false' data-av_icon='\ue8f3' data-av_iconfont='entypo-fontello' title='' data-avia-related-tooltip='Compartir en Facebook' rel=\"noopener\"><span class='avia_hidden_link_text'>Compartir en Facebook<\/span><\/a><\/li><li class='av-share-link av-social-link-twitter' ><a target=\"_blank\" aria-label=\"Compartir en Twitter\" href='https:\/\/twitter.com\/share?text=Cerca%20de%2030%20familias%20de%20Fachinal%20cuentan%20con%20agua%20potable%20gracias%20a%20la%20construcci%C3%B3n%20de%20nuevo%20servicio%20sanitario%20rural&#038;url=https:\/\/radiorevelacionfm.cl\/?p=30773' aria-hidden='false' data-av_icon='\ue8f1' data-av_iconfont='entypo-fontello' title='' data-avia-related-tooltip='Compartir en Twitter' rel=\"noopener\"><span class='avia_hidden_link_text'>Compartir en Twitter<\/span><\/a><\/li><li class='av-share-link av-social-link-whatsapp' ><a target=\"_blank\" aria-label=\"Compartir en Whatsapp\" href='https:\/\/api.whatsapp.com\/send?text=https:\/\/radiorevelacionfm.cl\/?p=30773' aria-hidden='false' data-av_icon='\uf232' data-av_iconfont='entypo-fontello' title='' data-avia-related-tooltip='Compartir en Whatsapp' rel=\"noopener\"><span class='avia_hidden_link_text'>Compartir en Whatsapp<\/span><\/a><\/li><li class='av-share-link av-social-link-linkedin' ><a target=\"_blank\" aria-label=\"Compartir en LinkedIn\" href='https:\/\/linkedin.com\/shareArticle?mini=true&#038;title=Cerca%20de%2030%20familias%20de%20Fachinal%20cuentan%20con%20agua%20potable%20gracias%20a%20la%20construcci%C3%B3n%20de%20nuevo%20servicio%20sanitario%20rural&#038;url=https:\/\/radiorevelacionfm.cl\/?p=30773' aria-hidden='false' data-av_icon='\ue8fc' data-av_iconfont='entypo-fontello' title='' data-avia-related-tooltip='Compartir en LinkedIn' rel=\"noopener\"><span class='avia_hidden_link_text'>Compartir en LinkedIn<\/span><\/a><\/li><li class='av-share-link av-social-link-mail' ><a  aria-label=\"Compartir por correo\" href='mailto:?subject=Cerca%20de%2030%20familias%20de%20Fachinal%20cuentan%20con%20agua%20potable%20gracias%20a%20la%20construcci%C3%B3n%20de%20nuevo%20servicio%20sanitario%20rural&#038;body=https:\/\/radiorevelacionfm.cl\/?p=30773' aria-hidden='false' data-av_icon='\ue805' data-av_iconfont='entypo-fontello' title='' data-avia-related-tooltip='Compartir por correo'><span class='avia_hidden_link_text'>Compartir por correo<\/span><\/a><\/li><\/ul><\/div><\/div>\n<div  style='height:50px' class='hr hr-invisible   avia-builder-el-8  el_after_av_social_share  el_before_av_comments_list '><span class='hr-inner ' ><span class='hr-inner-style'><\/span><\/span><\/div>\n<div  class='av-buildercomment  av-blog-meta-html-info-disabled av-blog-meta-tag-disabled  '><\/div>\n","protected":false},"excerpt":{"rendered":"","protected":false},"author":1,"featured_media":30774,"comment_status":"open","ping_status":"open","sticky":false,"template":"","format":"standard","meta":{"footnotes":""},"categories":[38],"tags":[],"class_list":["post-30773","post","type-post","status-publish","format-standard","has-post-thumbnail","hentry","category-regional"],"jetpack_featured_media_url":"https:\/\/radiorevelacionfm.cl\/wp-content\/uploads\/2023\/05\/SIETE-FACHINAL-1-1.jpg","_links":{"self":[{"href":"https:\/\/radiorevelacionfm.cl\/index.php?rest_route=\/wp\/v2\/posts\/30773","targetHints":{"allow":["GET"]}}],"collection":[{"href":"https:\/\/radiorevelacionfm.cl\/index.php?rest_route=\/wp\/v2\/posts"}],"about":[{"href":"https:\/\/radiorevelacionfm.cl\/index.php?rest_route=\/wp\/v2\/types\/post"}],"author":[{"embeddable":true,"href":"https:\/\/radiorevelacionfm.cl\/index.php?rest_route=\/wp\/v2\/users\/1"}],"replies":[{"embeddable":true,"href":"https:\/\/radiorevelacionfm.cl\/index.php?rest_route=%2Fwp%2Fv2%2Fcomments&post=30773"}],"version-history":[{"count":1,"href":"https:\/\/radiorevelacionfm.cl\/index.php?rest_route=\/wp\/v2\/posts\/30773\/revisions"}],"predecessor-version":[{"id":30775,"href":"https:\/\/radiorevelacionfm.cl\/index.php?rest_route=\/wp\/v2\/posts\/30773\/revisions\/30775"}],"wp:featuredmedia":[{"embeddable":true,"href":"https:\/\/radiorevelacionfm.cl\/index.php?rest_route=\/wp\/v2\/media\/30774"}],"wp:attachment":[{"href":"https:\/\/radiorevelacionfm.cl\/index.php?rest_route=%2Fwp%2Fv2%2Fmedia&parent=30773"}],"wp:term":[{"taxonomy":"category","embeddable":true,"href":"https:\/\/radiorevelacionfm.cl\/index.php?rest_route=%2Fwp%2Fv2%2Fcategories&post=30773"},{"taxonomy":"post_tag","embeddable":true,"href":"https:\/\/radiorevelacionfm.cl\/index.php?rest_route=%2Fwp%2Fv2%2Ftags&post=30773"}],"curies":[{"name":"wp","href":"https:\/\/api.w.org\/{rel}","templated":true}]}}