{"id":30768,"date":"2023-05-05T20:12:27","date_gmt":"2023-05-05T23:12:27","guid":{"rendered":"https:\/\/radiorevelacionfm.cl\/?p=30768"},"modified":"2023-05-05T22:43:06","modified_gmt":"2023-05-06T01:43:06","slug":"mas-de-90-mil-personas-estan-habilitadas-para-votar-este-domingo-en-la-region-de-aysen","status":"publish","type":"post","link":"https:\/\/radiorevelacionfm.cl\/?p=30768","title":{"rendered":"M\u00e1s de 97 mil personas est\u00e1n habilitadas para votar este domingo en la regi\u00f3n de Ays\u00e9n"},"content":{"rendered":"<div class=\"flex_column av_one_full  flex_column_div av-zero-column-padding first  avia-builder-el-0  el_before_av_one_full  avia-builder-el-first  \" style='border-radius:0px; '><div  class='avia-image-container  av-styling-    avia-builder-el-1  avia-builder-el-no-sibling  avia-align-center '  itemprop=\"image\" itemscope=\"itemscope\" itemtype=\"https:\/\/schema.org\/ImageObject\"  ><div class='avia-image-container-inner'><div class='avia-image-overlay-wrap'><img decoding=\"async\" class='wp-image-30769 avia-img-lazy-loading-not-30769 avia_image' src=\"https:\/\/radiorevelacionfm.cl\/wp-content\/uploads\/2023\/05\/IMG-3740-1-1.jpg\" alt='' title='IMG-3740 (1) (1)' height=\"600\" width=\"776\"  itemprop=\"thumbnailUrl\" srcset=\"https:\/\/radiorevelacionfm.cl\/wp-content\/uploads\/2023\/05\/IMG-3740-1-1.jpg 776w, https:\/\/radiorevelacionfm.cl\/wp-content\/uploads\/2023\/05\/IMG-3740-1-1-300x232.jpg 300w, https:\/\/radiorevelacionfm.cl\/wp-content\/uploads\/2023\/05\/IMG-3740-1-1-768x594.jpg 768w, https:\/\/radiorevelacionfm.cl\/wp-content\/uploads\/2023\/05\/IMG-3740-1-1-705x545.jpg 705w, https:\/\/radiorevelacionfm.cl\/wp-content\/uploads\/2023\/05\/IMG-3740-1-1-450x348.jpg 450w, https:\/\/radiorevelacionfm.cl\/wp-content\/uploads\/2023\/05\/IMG-3740-1-1-600x464.jpg 600w\" sizes=\"(max-width: 776px) 100vw, 776px\" \/><\/div><\/div><\/div><\/div>\n<div class=\"flex_column av_one_full  flex_column_div av-zero-column-padding first  avia-builder-el-2  el_after_av_one_full  el_before_av_one_full  column-top-margin\" style='border-radius:0px; '><section class=\"av_textblock_section \"  itemscope=\"itemscope\" itemtype=\"https:\/\/schema.org\/BlogPosting\" itemprop=\"blogPost\" ><div class='avia_textblock  '   itemprop=\"text\" ><p style=\"text-align: center;\"><strong><span style=\"font-size: 18pt;\">M\u00e1s de 97 mil personas est\u00e1n habilitadas para votar este domingo en la regi\u00f3n de Ays\u00e9n<\/span><\/strong><\/p>\n<div id=\"gtx-trans\" style=\"position: absolute; left: -50px; top: 4.31534px;\">\n<div class=\"gtx-trans-icon\"><\/div>\n<\/div>\n<\/div><\/section><\/div><div class=\"flex_column av_one_full  flex_column_div av-zero-column-padding first  avia-builder-el-4  el_after_av_one_full  el_before_av_hr  column-top-margin\" style='border-radius:0px; '><section class=\"av_textblock_section \"  itemscope=\"itemscope\" itemtype=\"https:\/\/schema.org\/BlogPosting\" itemprop=\"blogPost\" ><div class='avia_textblock  '   itemprop=\"text\" ><p style=\"font-weight: 400; text-align: justify;\">Un total de 97.935 personas podr\u00e1n votar en las elecciones de este domingo, en la regi\u00f3n de Ays\u00e9n. As\u00ed lo informaron las autoridades que durante la ma\u00f1ana del viernes visitaron el local de votaci\u00f3n del Liceo San Felipe Benicio, en Coyhaique, con el objetivo de corroborar en terreno los preparativos de cara a las elecciones de consejeros constitucionales.<\/p>\n<p style=\"font-weight: 400; text-align: justify;\">El delegado presidencial regional, Rodrigo Araya Morales, destac\u00f3 el despliegue global que se realizar\u00e1 desde las instituciones p\u00fablicas, para garantizar que la ciudadan\u00eda ejerza su derecho a voto. \u201cCuarenta locales de sufragio instalados en la regi\u00f3n donde todos los servicios est\u00e1n trabajando para garantizar el acceso. Tenemos novedades muy importantes como la instalaci\u00f3n de un nuevo local de votaci\u00f3n, en isla Gala, que fue un compromiso que asumimos el a\u00f1o pasado con el Servel y se pudo implementar este a\u00f1o. Adem\u00e1s, m\u00e1s de 1.300 vocales de mesa estar\u00e1n desplegados en el territorio\u201d, se\u00f1al\u00f3 el delegado presidencial.<\/p>\n<p style=\"font-weight: 400; text-align: justify;\">Por su parte, el seremi de justicia, Samuel Navarro Castro, record\u00f3 que solamente se puede votar presentando el carnet o el pasaporte. \u201cLa novedad es que el mi\u00e9rcoles se public\u00f3 una ley que extiende la vigencia de la c\u00e9dula de identidad y el pasaporte para estas elecciones y las de diciembre\u201d, detall\u00f3.<\/p>\n<p style=\"font-weight: 400; text-align: justify;\">El director regional del SERVEL, N\u00e9stor Sep\u00falveda Hermosilla, mencion\u00f3 que tras la constituci\u00f3n de mesas del d\u00eda s\u00e1bado 6, es esperable una instalaci\u00f3n de las mismas a primera hora del domingo.<\/p>\n<p style=\"font-weight: 400; text-align: justify;\">Asimismo, se refiri\u00f3 a la sanci\u00f3n a la que se exponen quienes no cumplan con su obligaci\u00f3n de votar. \u201cQuiero recordar que el horario de funcionamiento va desde las 08:00 de la ma\u00f1ana hasta las 6 de la tarde, para todas las mesas receptoras de sufragio. Como este es un proceso obligatorio, la ley indica que el juez de Polic\u00eda Local puede aplicar una multa que va entre las 0,5 a 3 UTM\u201d, se\u00f1al\u00f3, refiri\u00e9ndose a las personas que no voten, ni tampoco se excusen por estar a m\u00e1s de 200Km de su lugar de votaci\u00f3n.<\/p>\n<p style=\"font-weight: 400; text-align: justify;\">Por su parte, el Jefe de Zona de Carabineros, general Patricio Santos, reiter\u00f3 que las personas que requieran presentar sus excusas podr\u00e1n hacerlo en cualquier dependencia de la instituci\u00f3n, entre las 00:00 horas y las 23:59 del d\u00eda domingo. Asimismo, el uniformado mencion\u00f3 que a trav\u00e9s de un acuerdo con el municipio de la capital regional, se contar\u00e1 con un espacio adicional para presentar estas excusas, en el gimnasio regional de avenida Ogana, en Coyhaique, donde se habilitar\u00e1n 20 m\u00f3dulos de atenci\u00f3n con este fin.<\/p>\n<p style=\"font-weight: 400; text-align: justify;\">Del mismo modo, indic\u00f3 que \u201c150 carabineros van a estar trabajando en funci\u00f3n del acto eleccionario. Cien de ellos en los exteriores de los recintos y tenemos las coordinaciones con el personal de Ej\u00e9rcito para cualquier situaci\u00f3n que pueda darse\u201d, mencion\u00f3 el general Santos.<\/p>\n<p style=\"font-weight: 400; text-align: justify;\">Desde el Ej\u00e9rcito se inform\u00f3 que sus efectivos se hicieron cargo de los establecimientos en los que se desarrollar\u00e1 el proceso, desde el d\u00eda jueves de esta semana.<\/p>\n<p style=\"font-weight: 400; text-align: justify;\">El general Mario Sep\u00falveda Fuentes, detall\u00f3 que a partir de las 09:00 horas del d\u00eda jueves 4, los efectivos de Ej\u00e9rcito, Armada y Carabineros tomaron control de los locales en resguardo de la seguridad del proceso. \u201cComo jefatura de fuerza ya hemos emitido algunas disposiciones propias de la Ley 18.700, como la suspensi\u00f3n del porte de armas a partir de las 00:00 horas del d\u00eda viernes 5\u201d, explic\u00f3 el comandante en jefe de la IV Divisi\u00f3n de Ej\u00e9rcito.<\/p>\n<p style=\"font-weight: 400; text-align: justify;\">Por parte de la cartera de Transportes, la seremi Claudia Cantero indic\u00f3 que el trabajo del organismo ha volcado su tarea a facilitar que ning\u00fan ciudadano se quede sin votar por falta de movilizaci\u00f3n. \u201cDispondremos de 80 servicios contratados especialmente para este d\u00eda, como tambi\u00e9n servicios que operan normalmente y que tienen la obligatoriedad de funcionar el d\u00eda domingo\u201d, explic\u00f3, agregando que se solicit\u00f3 a los servicios de taxis que igualmente presten servicio ese d\u00eda, informaci\u00f3n que podr\u00e1 ser obtenida en las cuentas de redes sociales de la instituci\u00f3n.<\/p>\n<\/div><\/section><\/div><\/p>\n<div  style='height:50px' class='hr hr-invisible   avia-builder-el-6  el_after_av_one_full  el_before_av_social_share '><span class='hr-inner ' ><span class='hr-inner-style'><\/span><\/span><\/div>\n<div  class='av-social-sharing-box  avia-builder-el-7  el_after_av_hr  el_before_av_hr  '><div class='av-share-box'><h5 class='av-share-link-description av-no-toc '>Compartir esta noticia<\/h5><ul class='av-share-box-list noLightbox'><li class='av-share-link av-social-link-facebook' ><a target=\"_blank\" aria-label=\"Compartir en Facebook\" href='https:\/\/www.facebook.com\/sharer.php?u=https:\/\/radiorevelacionfm.cl\/?p=30768&#038;t=M%C3%A1s%20de%2097%20mil%20personas%20est%C3%A1n%20habilitadas%20para%20votar%20este%20domingo%20en%20la%20regi%C3%B3n%20de%20Ays%C3%A9n' aria-hidden='false' data-av_icon='\ue8f3' data-av_iconfont='entypo-fontello' title='' data-avia-related-tooltip='Compartir en Facebook' rel=\"noopener\"><span class='avia_hidden_link_text'>Compartir en Facebook<\/span><\/a><\/li><li class='av-share-link av-social-link-twitter' ><a target=\"_blank\" aria-label=\"Compartir en Twitter\" href='https:\/\/twitter.com\/share?text=M%C3%A1s%20de%2097%20mil%20personas%20est%C3%A1n%20habilitadas%20para%20votar%20este%20domingo%20en%20la%20regi%C3%B3n%20de%20Ays%C3%A9n&#038;url=https:\/\/radiorevelacionfm.cl\/?p=30768' aria-hidden='false' data-av_icon='\ue8f1' data-av_iconfont='entypo-fontello' title='' data-avia-related-tooltip='Compartir en Twitter' rel=\"noopener\"><span class='avia_hidden_link_text'>Compartir en Twitter<\/span><\/a><\/li><li class='av-share-link av-social-link-whatsapp' ><a target=\"_blank\" aria-label=\"Compartir en Whatsapp\" href='https:\/\/api.whatsapp.com\/send?text=https:\/\/radiorevelacionfm.cl\/?p=30768' aria-hidden='false' data-av_icon='\uf232' data-av_iconfont='entypo-fontello' title='' data-avia-related-tooltip='Compartir en Whatsapp' rel=\"noopener\"><span class='avia_hidden_link_text'>Compartir en Whatsapp<\/span><\/a><\/li><li class='av-share-link av-social-link-linkedin' ><a target=\"_blank\" aria-label=\"Compartir en LinkedIn\" href='https:\/\/linkedin.com\/shareArticle?mini=true&#038;title=M%C3%A1s%20de%2097%20mil%20personas%20est%C3%A1n%20habilitadas%20para%20votar%20este%20domingo%20en%20la%20regi%C3%B3n%20de%20Ays%C3%A9n&#038;url=https:\/\/radiorevelacionfm.cl\/?p=30768' aria-hidden='false' data-av_icon='\ue8fc' data-av_iconfont='entypo-fontello' title='' data-avia-related-tooltip='Compartir en LinkedIn' rel=\"noopener\"><span class='avia_hidden_link_text'>Compartir en LinkedIn<\/span><\/a><\/li><li class='av-share-link av-social-link-mail' ><a  aria-label=\"Compartir por correo\" href='mailto:?subject=M%C3%A1s%20de%2097%20mil%20personas%20est%C3%A1n%20habilitadas%20para%20votar%20este%20domingo%20en%20la%20regi%C3%B3n%20de%20Ays%C3%A9n&#038;body=https:\/\/radiorevelacionfm.cl\/?p=30768' aria-hidden='false' data-av_icon='\ue805' data-av_iconfont='entypo-fontello' title='' data-avia-related-tooltip='Compartir por correo'><span class='avia_hidden_link_text'>Compartir por correo<\/span><\/a><\/li><\/ul><\/div><\/div>\n<div  style='height:50px' class='hr hr-invisible   avia-builder-el-8  el_after_av_social_share  el_before_av_comments_list '><span class='hr-inner ' ><span class='hr-inner-style'><\/span><\/span><\/div>\n<div  class='av-buildercomment  av-blog-meta-html-info-disabled av-blog-meta-tag-disabled  '><\/div>\n","protected":false},"excerpt":{"rendered":"","protected":false},"author":1,"featured_media":30769,"comment_status":"open","ping_status":"open","sticky":false,"template":"","format":"standard","meta":{"footnotes":""},"categories":[38],"tags":[],"class_list":["post-30768","post","type-post","status-publish","format-standard","has-post-thumbnail","hentry","category-regional"],"jetpack_featured_media_url":"https:\/\/radiorevelacionfm.cl\/wp-content\/uploads\/2023\/05\/IMG-3740-1-1.jpg","_links":{"self":[{"href":"https:\/\/radiorevelacionfm.cl\/index.php?rest_route=\/wp\/v2\/posts\/30768","targetHints":{"allow":["GET"]}}],"collection":[{"href":"https:\/\/radiorevelacionfm.cl\/index.php?rest_route=\/wp\/v2\/posts"}],"about":[{"href":"https:\/\/radiorevelacionfm.cl\/index.php?rest_route=\/wp\/v2\/types\/post"}],"author":[{"embeddable":true,"href":"https:\/\/radiorevelacionfm.cl\/index.php?rest_route=\/wp\/v2\/users\/1"}],"replies":[{"embeddable":true,"href":"https:\/\/radiorevelacionfm.cl\/index.php?rest_route=%2Fwp%2Fv2%2Fcomments&post=30768"}],"version-history":[{"count":2,"href":"https:\/\/radiorevelacionfm.cl\/index.php?rest_route=\/wp\/v2\/posts\/30768\/revisions"}],"predecessor-version":[{"id":30780,"href":"https:\/\/radiorevelacionfm.cl\/index.php?rest_route=\/wp\/v2\/posts\/30768\/revisions\/30780"}],"wp:featuredmedia":[{"embeddable":true,"href":"https:\/\/radiorevelacionfm.cl\/index.php?rest_route=\/wp\/v2\/media\/30769"}],"wp:attachment":[{"href":"https:\/\/radiorevelacionfm.cl\/index.php?rest_route=%2Fwp%2Fv2%2Fmedia&parent=30768"}],"wp:term":[{"taxonomy":"category","embeddable":true,"href":"https:\/\/radiorevelacionfm.cl\/index.php?rest_route=%2Fwp%2Fv2%2Fcategories&post=30768"},{"taxonomy":"post_tag","embeddable":true,"href":"https:\/\/radiorevelacionfm.cl\/index.php?rest_route=%2Fwp%2Fv2%2Ftags&post=30768"}],"curies":[{"name":"wp","href":"https:\/\/api.w.org\/{rel}","templated":true}]}}