{"id":30765,"date":"2023-05-06T11:19:29","date_gmt":"2023-05-06T14:19:29","guid":{"rendered":"https:\/\/radiorevelacionfm.cl\/?p=30765"},"modified":"2023-05-06T11:19:29","modified_gmt":"2023-05-06T14:19:29","slug":"en-coyhaique-realizan-reconocimientos-en-el-mes-de-las-y-los-trabajadores","status":"publish","type":"post","link":"https:\/\/radiorevelacionfm.cl\/?p=30765","title":{"rendered":"En Coyhaique realizan reconocimientos en el Mes de las y los Trabajadores"},"content":{"rendered":"<div class=\"flex_column av_one_full  flex_column_div av-zero-column-padding first  avia-builder-el-0  el_before_av_one_full  avia-builder-el-first  \" style='border-radius:0px; '><div  class='avia-image-container  av-styling-    avia-builder-el-1  avia-builder-el-no-sibling  avia-align-center '  itemprop=\"image\" itemscope=\"itemscope\" itemtype=\"https:\/\/schema.org\/ImageObject\"  ><div class='avia-image-container-inner'><div class='avia-image-overlay-wrap'><img decoding=\"async\" class='wp-image-30766 avia-img-lazy-loading-not-30766 avia_image' src=\"https:\/\/radiorevelacionfm.cl\/wp-content\/uploads\/2023\/05\/final_reconocimiento_ydirigentes-1_optimized.jpg\" alt='' title='final_reconocimiento_ydirigentes-(1)_optimized' height=\"600\" width=\"1143\"  itemprop=\"thumbnailUrl\" srcset=\"https:\/\/radiorevelacionfm.cl\/wp-content\/uploads\/2023\/05\/final_reconocimiento_ydirigentes-1_optimized.jpg 1143w, https:\/\/radiorevelacionfm.cl\/wp-content\/uploads\/2023\/05\/final_reconocimiento_ydirigentes-1_optimized-300x157.jpg 300w, https:\/\/radiorevelacionfm.cl\/wp-content\/uploads\/2023\/05\/final_reconocimiento_ydirigentes-1_optimized-1030x541.jpg 1030w, https:\/\/radiorevelacionfm.cl\/wp-content\/uploads\/2023\/05\/final_reconocimiento_ydirigentes-1_optimized-768x403.jpg 768w, https:\/\/radiorevelacionfm.cl\/wp-content\/uploads\/2023\/05\/final_reconocimiento_ydirigentes-1_optimized-705x370.jpg 705w, https:\/\/radiorevelacionfm.cl\/wp-content\/uploads\/2023\/05\/final_reconocimiento_ydirigentes-1_optimized-450x236.jpg 450w, https:\/\/radiorevelacionfm.cl\/wp-content\/uploads\/2023\/05\/final_reconocimiento_ydirigentes-1_optimized-600x315.jpg 600w\" sizes=\"(max-width: 1143px) 100vw, 1143px\" \/><\/div><\/div><\/div><\/div><div class=\"flex_column av_one_full  flex_column_div av-zero-column-padding first  avia-builder-el-2  el_after_av_one_full  el_before_av_one_full  column-top-margin\" style='border-radius:0px; '><section class=\"av_textblock_section \"  itemscope=\"itemscope\" itemtype=\"https:\/\/schema.org\/BlogPosting\" itemprop=\"blogPost\" ><div class='avia_textblock  '   itemprop=\"text\" ><p style=\"text-align: center;\"><strong><span style=\"font-size: 18pt;\">En Coyhaique realizan reconocimientos en el Mes de las y los Trabajadores<\/span><\/strong><\/p>\n<div id=\"gtx-trans\" style=\"position: absolute; left: -50px; top: 4.31534px;\">\n<div class=\"gtx-trans-icon\"><\/div>\n<\/div>\n<\/div><\/section><\/div><div class=\"flex_column av_one_full  flex_column_div av-zero-column-padding first  avia-builder-el-4  el_after_av_one_full  el_before_av_hr  column-top-margin\" style='border-radius:0px; '><section class=\"av_textblock_section \"  itemscope=\"itemscope\" itemtype=\"https:\/\/schema.org\/BlogPosting\" itemprop=\"blogPost\" ><div class='avia_textblock  '   itemprop=\"text\" ><p class=\"v1MsoNormal\" style=\"text-align: justify;\"><span lang=\"ES-MX\">En una masiva y emotiva ceremonia que cont\u00f3 c<\/span><span lang=\"ES\">on la presencia del Subsecretario del Trabajo, Giorgio Boccardo, la Gobernadora Regional de Ays\u00e9n, Andrea Mac\u00edas; Delegado Presidencial Regional, Rodrigo Araya, Alcalde de Coyhaique, Carlos Gatica; Seremis, directores de la cartera del Trabajo y Previsi\u00f3n Social y Sercotec, Observatorio Laboral; dirigentes sindicales, presidente de la CUT, Mauricio Mu\u00f1oz y ANEF, Y\u00e9ssica Almonacid, se desarroll\u00f3 la \u00abCeremonia Por las y Los Trabajadores y el Trabajo Decente\u00bb, donde el Subsecretario realiz\u00f3 una presentaci\u00f3n sobre la ley de las 40 horas y se destacaron a trabajadores\/as y dirigentes.<\/span><\/p>\n<p class=\"v1MsoNormal\" style=\"text-align: justify;\"><span lang=\"ES\">Al respecto, la autoridad nacional afirm\u00f3, \u00abMuy contento de estar el d\u00eda de hoy ac\u00e1 en la regi\u00f3n, y conmemorar el D\u00eda del Trabajador y la Trabajadora, tambi\u00e9n pudimos estar reconociendo la labor de dirigentes y dirigentas sindicales hist\u00f3ricos, justamente para reconocer el aporte que hacen a la regi\u00f3n, el aporte que hacen a construir dignidad, derechos sociales y por supuesto tambi\u00e9n, de contribuir a mejorar el bienestar del pa\u00eds\u00bb, manifest\u00f3 el Subsecretario del Trabajo, Giorgio Boccardo.<\/span><\/p>\n<p class=\"v1MsoNormal\" style=\"text-align: justify;\"><span lang=\"ES\">En la misma l\u00ednea, el Delegado Presidencial Regional, Rodrigo Araya, coment\u00f3, \u00abEl d\u00eda 1\u00b0 de mayo conmemora un hito hist\u00f3rico que tiene acerbo hist\u00f3rico cultural de desarrollo\u00a0 en nuestro pa\u00eds, nuestro territorio y nuestra regi\u00f3n muy importante, tambi\u00e9n en la ocasi\u00f3n pudimos reconocer el aporte de muchos trabajadores, que aportaron a la vida sindical, queremos hacer un afectuoso saludo tambi\u00e9n a todas las trabajadoras y trabajadores de nuestro territorio y el compromiso de nuestro Gobierno de seguir trabajando por una seguridad social, seguridad econ\u00f3mica que se refleja, por ejemplo, en la reducci\u00f3n de la jornada laboral a 40 horas, un hito tremendamente relevante\u00bb.<\/span><\/p>\n<p class=\"v1MsoNormal\" style=\"text-align: justify;\"><span lang=\"ES-MX\">Sobre el reconocimiento, el Seremi del Trabajo y Previsi\u00f3n Social, explic\u00f3, \u00abEstamos muy contentos con estos reconocimientos del d\u00eda de hoy, lo organizamos con los distintos sindicatos, tambi\u00e9n con la CUT provincial, con la ANEF, donde los mismos pares reconocieron a los integrantes de cada sindicato y eso es un acto muy relevante. Estuvo tambi\u00e9n la presidenta de la C\u00e1mara de Comercio de Coyhaique y hacemos carne el tripartismo, estando presentes trabajadores, empresarios y el Estado\u00bb.<\/span><\/p>\n<p class=\"v1gmail-MsoListParagraphCxSpLast\" style=\"text-align: justify;\"><span lang=\"ES-MX\">A su vez, Y\u00e9ssica Almonacid, presidenta de ANEF, destac\u00f3 los 80 a\u00f1os de vida de la organizaci\u00f3n y el reconocimiento a dirigentes hist\u00f3ricos, \u00abLa importancia del rol del dirigente y de la dirigenta sindical y que hoy celebramos que se reconozca por parte de la Seremi del Trabajo, justo en un periodo donde estamos entre medio del 1\u00b0 de Mayo y el 5 de Mayo, que nuestra organizaci\u00f3n fundada por Clotario Blest cumple 80 a\u00f1os de lucha sindical y de conquista de derechos. Quisimos reconocer a tres dirigentes que son muy importantes para nosotros, Luis Gonz\u00e1lez, Walter Ram\u00edrez y tambi\u00e9n Sergio Mu\u00f1oz, a prop\u00f3sito tambi\u00e9n de la memoria. Este a\u00f1o se cumplen 50 a\u00f1os del golpe militar y es importante reconocer a aquellos que estuvieron dando la lucha para la recuperaci\u00f3n de la democracia, pero tambi\u00e9n defendiendo a la clase obrera y a la clase trabajadora. Contar que mantenemos constantemente una mesa con la Seremi del Trabajo porque queremos seguir avanzando en derechos para los trabajadores y las trabajadoras de la Regi\u00f3n de Ays\u00e9n\u00bb.<\/span><\/p>\n<p class=\"v1gmail-MsoListParagraph\" style=\"text-align: justify;\"><span lang=\"ES-MX\">Por su parte, Mauricio Mu\u00f1oz, presidente de la CUT, coment\u00f3 sobre la elecci\u00f3n de los dirigentes homenajeados, \u00abNosotros acudimos a la llamada del Subsecretario y de la Serem\u00eda del Trabajo, toda vez que entendimos que era la oportunidad de reconocer a dirigentes sindicales de la Regi\u00f3n de Ays\u00e9n, quienes han jugado un papel fundamental, en diferentes \u00e1mbitos, pero particularmente en la recuperaci\u00f3n de la democracia. Tomamos la determinaci\u00f3n que fueran tres dirigentes: Walter Ram\u00edrez, primer presidente de la CUT post dictadura, aparte de eso, tambi\u00e9n un gran dirigente de car\u00e1cter regional y nacional en el sector salud, un abrazo para \u00e9l. Lo mismo con Luis Gonz\u00e1lez, presidente de la CUT en la Regi\u00f3n de Ays\u00e9n o de la provincia y tambi\u00e9n del Sindicato de la Construcci\u00f3n, un destacado dirigente, un luchador contra la dictadura y por supuesto, nuestro querido Sergio Mu\u00f1oz, destacado dirigente sindical de la ANEF, de la mesa del sector p\u00fablico y de la CUT. Estamos muy contentos por este espacio que dio el Subsecretario, por el espacio que da la Serem\u00eda del Trabajo para hacer este tipo de reconocimiento que siempre son bienvenidos y en ese sentido, decir que no va a ser el primero ni el \u00faltimo en esta l\u00ednea en el Mes de los Trabajadores\u00bb.<\/span><\/p>\n<p class=\"v1MsoNormal\" style=\"text-align: justify;\"><u><span lang=\"ES-MX\">Reconocimientos<\/span><\/u><\/p>\n<p class=\"v1MsoNormal\" style=\"text-align: justify;\"><span lang=\"ES-MX\">Uno de los homenajeados fue el ex presidente de la CUT y ex presidente del Sindicato de la Construcci\u00f3n, Luis Gonz\u00e1lez, quien muy emocionado agradeci\u00f3 el reconocimiento en vida, \u00abMe ha parecido importante porque creo que nunca ac\u00e1 en esta regi\u00f3n se hab\u00eda hecho un acto de tal magnitud, as\u00ed es que contento, yo creo que hay que seguir haci\u00e9ndolo. Hay un buen equipo, me gust\u00f3 la juventud que hay en los cargos de las Serem\u00edas y los mandantes del Trabajo, as\u00ed es que feliz, contento. Uno entra a esto para ayudar a su gente, llevo muchos a\u00f1os de dirigente, pero uno nunca espera reconocimiento, s\u00f3lo que ayuden a su gente, a sus asociados, por quienes trabaja uno, usted sabe que en esta regi\u00f3n antes se sufr\u00eda mucho en el invierno, as\u00ed que feliz y contento con el reconocimiento\u00bb.<\/span><\/p>\n<p class=\"v1gmail-MsoListParagraph\" style=\"text-align: justify;\"><span lang=\"ES-MX\">\u00d8\u00a0\u00a0<\/span><span lang=\"ES-MX\">Tal como mencionaron los dirigentes de CUT y ANEF, se destac\u00f3 en trayectoria dirigencial hist\u00f3rica a Luis Gonz\u00e1lez, Walter Ram\u00edrez y Sergio Mu\u00f1oz.<\/span><\/p>\n<p class=\"v1gmail-MsoListParagraph\" style=\"text-align: justify;\"><span lang=\"ES-MX\">\u00d8\u00a0\u00a0<\/span><span lang=\"ES-MX\">En trayectoria laboral y sindical, junto al Sindicato de Hiperm\u00e1s se reconoci\u00f3 a Alejandro Labra\u00f1a Canales; junto a la Asociaci\u00f3n de Funcionarios Auxiliares Municipales, AFAEM, se reconoci\u00f3 a Manuel Alvarado; junto a la Asociaci\u00f3n de Empleadas de Casa Particular, ANECAP, se reconoci\u00f3 a Delicia Hueitra Espina; junto al Sindicato de Trabajadores Gastron\u00f3micos y Actividades Conexas, se reconoci\u00f3 a Gladys Caico Vargas; Belarmino Uribe Franco y Jos\u00e9 Saldivia Aguilante; junto al Sindicato de Sociedad Minera Pac\u00edfico del Sur, se reconoci\u00f3 a Manuel Hern\u00e1ndez Palomino, Luis Acu\u00f1a Acu\u00f1a y Jos\u00e9 Carilepe C\u00e1rdenas.<\/span><\/p>\n<p class=\"v1gmail-MsoListParagraph\" style=\"text-align: justify;\"><span lang=\"ES-MX\">\u00d8\u00a0\u00a0<\/span><span lang=\"ES-MX\">En la actividad se realiz\u00f3 adem\u00e1s un sentido reconocimiento p\u00f3stumo junto a la Asociaci\u00f3n de Funcionarios Auxiliares Municipales, AFAEM, y a la Asociaci\u00f3n de Funcionarios de la Educaci\u00f3n de Coyhaique, AFEMCO, al dirigente sindical Jovel Chodil Vel\u00e1squez, siendo representado por su hermana; y junto al Sindicato de Trabajadores Gastron\u00f3micos y Actividades Conexas, a su socio, Ciro Ojeda C\u00e1rdenas, quien justamente falleci\u00f3 hace un mes atr\u00e1s, recibiendo su hijo el homenaje.<\/span><\/p>\n<p class=\"v1gmail-MsoListParagraph\" style=\"text-align: justify;\"><span lang=\"ES\">\u00d8\u00a0\u00a0<\/span><span lang=\"ES-MX\">El Seremi de Trabajo y Previsi\u00f3n Social adem\u00e1s realiz\u00f3 un reconocimiento a la labor de Eumenia Torres Alarc\u00f3n, trabajadora que se desempe\u00f1a como chofer de camiones de aseo domiciliario, en un \u00e1mbito tradicionalmente masculinizado. \u00a0<\/span><\/p>\n<p class=\"v1MsoNormal\" style=\"text-align: justify;\"><span lang=\"ES\">\u00a0<\/span><\/p>\n<\/div><\/section><\/div><div  style='height:50px' class='hr hr-invisible   avia-builder-el-6  el_after_av_one_full  el_before_av_social_share '><span class='hr-inner ' ><span class='hr-inner-style'><\/span><\/span><\/div><\/p>\n<div  class='av-social-sharing-box  avia-builder-el-7  el_after_av_hr  el_before_av_hr  '><div class='av-share-box'><h5 class='av-share-link-description av-no-toc '>Compartir esta noticia<\/h5><ul class='av-share-box-list noLightbox'><li class='av-share-link av-social-link-facebook' ><a target=\"_blank\" aria-label=\"Compartir en Facebook\" href='https:\/\/www.facebook.com\/sharer.php?u=https:\/\/radiorevelacionfm.cl\/?p=30765&#038;t=En%20Coyhaique%20realizan%20reconocimientos%20en%20el%20Mes%20de%20las%20y%20los%20Trabajadores' aria-hidden='false' data-av_icon='\ue8f3' data-av_iconfont='entypo-fontello' title='' data-avia-related-tooltip='Compartir en Facebook' rel=\"noopener\"><span class='avia_hidden_link_text'>Compartir en Facebook<\/span><\/a><\/li><li class='av-share-link av-social-link-twitter' ><a target=\"_blank\" aria-label=\"Compartir en Twitter\" href='https:\/\/twitter.com\/share?text=En%20Coyhaique%20realizan%20reconocimientos%20en%20el%20Mes%20de%20las%20y%20los%20Trabajadores&#038;url=https:\/\/radiorevelacionfm.cl\/?p=30765' aria-hidden='false' data-av_icon='\ue8f1' data-av_iconfont='entypo-fontello' title='' data-avia-related-tooltip='Compartir en Twitter' rel=\"noopener\"><span class='avia_hidden_link_text'>Compartir en Twitter<\/span><\/a><\/li><li class='av-share-link av-social-link-whatsapp' ><a target=\"_blank\" aria-label=\"Compartir en Whatsapp\" href='https:\/\/api.whatsapp.com\/send?text=https:\/\/radiorevelacionfm.cl\/?p=30765' aria-hidden='false' data-av_icon='\uf232' data-av_iconfont='entypo-fontello' title='' data-avia-related-tooltip='Compartir en Whatsapp' rel=\"noopener\"><span class='avia_hidden_link_text'>Compartir en Whatsapp<\/span><\/a><\/li><li class='av-share-link av-social-link-linkedin' ><a target=\"_blank\" aria-label=\"Compartir en LinkedIn\" href='https:\/\/linkedin.com\/shareArticle?mini=true&#038;title=En%20Coyhaique%20realizan%20reconocimientos%20en%20el%20Mes%20de%20las%20y%20los%20Trabajadores&#038;url=https:\/\/radiorevelacionfm.cl\/?p=30765' aria-hidden='false' data-av_icon='\ue8fc' data-av_iconfont='entypo-fontello' title='' data-avia-related-tooltip='Compartir en LinkedIn' rel=\"noopener\"><span class='avia_hidden_link_text'>Compartir en LinkedIn<\/span><\/a><\/li><li class='av-share-link av-social-link-mail' ><a  aria-label=\"Compartir por correo\" href='mailto:?subject=En%20Coyhaique%20realizan%20reconocimientos%20en%20el%20Mes%20de%20las%20y%20los%20Trabajadores&#038;body=https:\/\/radiorevelacionfm.cl\/?p=30765' aria-hidden='false' data-av_icon='\ue805' data-av_iconfont='entypo-fontello' title='' data-avia-related-tooltip='Compartir por correo'><span class='avia_hidden_link_text'>Compartir por correo<\/span><\/a><\/li><\/ul><\/div><\/div>\n<div  style='height:50px' class='hr hr-invisible   avia-builder-el-8  el_after_av_social_share  el_before_av_comments_list '><span class='hr-inner ' ><span class='hr-inner-style'><\/span><\/span><\/div>\n<div  class='av-buildercomment  av-blog-meta-html-info-disabled av-blog-meta-tag-disabled  '><\/div>\n","protected":false},"excerpt":{"rendered":"","protected":false},"author":1,"featured_media":30766,"comment_status":"open","ping_status":"open","sticky":false,"template":"","format":"standard","meta":{"footnotes":""},"categories":[56],"tags":[],"class_list":["post-30765","post","type-post","status-publish","format-standard","has-post-thumbnail","hentry","category-trabajo"],"jetpack_featured_media_url":"https:\/\/radiorevelacionfm.cl\/wp-content\/uploads\/2023\/05\/final_reconocimiento_ydirigentes-1_optimized.jpg","_links":{"self":[{"href":"https:\/\/radiorevelacionfm.cl\/index.php?rest_route=\/wp\/v2\/posts\/30765","targetHints":{"allow":["GET"]}}],"collection":[{"href":"https:\/\/radiorevelacionfm.cl\/index.php?rest_route=\/wp\/v2\/posts"}],"about":[{"href":"https:\/\/radiorevelacionfm.cl\/index.php?rest_route=\/wp\/v2\/types\/post"}],"author":[{"embeddable":true,"href":"https:\/\/radiorevelacionfm.cl\/index.php?rest_route=\/wp\/v2\/users\/1"}],"replies":[{"embeddable":true,"href":"https:\/\/radiorevelacionfm.cl\/index.php?rest_route=%2Fwp%2Fv2%2Fcomments&post=30765"}],"version-history":[{"count":1,"href":"https:\/\/radiorevelacionfm.cl\/index.php?rest_route=\/wp\/v2\/posts\/30765\/revisions"}],"predecessor-version":[{"id":30767,"href":"https:\/\/radiorevelacionfm.cl\/index.php?rest_route=\/wp\/v2\/posts\/30765\/revisions\/30767"}],"wp:featuredmedia":[{"embeddable":true,"href":"https:\/\/radiorevelacionfm.cl\/index.php?rest_route=\/wp\/v2\/media\/30766"}],"wp:attachment":[{"href":"https:\/\/radiorevelacionfm.cl\/index.php?rest_route=%2Fwp%2Fv2%2Fmedia&parent=30765"}],"wp:term":[{"taxonomy":"category","embeddable":true,"href":"https:\/\/radiorevelacionfm.cl\/index.php?rest_route=%2Fwp%2Fv2%2Fcategories&post=30765"},{"taxonomy":"post_tag","embeddable":true,"href":"https:\/\/radiorevelacionfm.cl\/index.php?rest_route=%2Fwp%2Fv2%2Ftags&post=30765"}],"curies":[{"name":"wp","href":"https:\/\/api.w.org\/{rel}","templated":true}]}}