{"id":30762,"date":"2023-05-05T22:48:29","date_gmt":"2023-05-06T01:48:29","guid":{"rendered":"https:\/\/radiorevelacionfm.cl\/?p=30762"},"modified":"2023-05-05T22:48:29","modified_gmt":"2023-05-06T01:48:29","slug":"emprendedores-as-inician-proceso-en-la-primera-incubadora-de-negocios-de-la-region-de-aysen","status":"publish","type":"post","link":"https:\/\/radiorevelacionfm.cl\/?p=30762","title":{"rendered":"Emprendedores\/as inician proceso en la primera incubadora de negocios de la regi\u00f3n de Ays\u00e9n"},"content":{"rendered":"<div class=\"flex_column av_one_full  flex_column_div av-zero-column-padding first  avia-builder-el-0  el_before_av_one_full  avia-builder-el-first  \" style='border-radius:0px; '><div  class='avia-image-container  av-styling-    avia-builder-el-1  avia-builder-el-no-sibling  avia-align-center '  itemprop=\"image\" itemscope=\"itemscope\" itemtype=\"https:\/\/schema.org\/ImageObject\"  ><div class='avia-image-container-inner'><div class='avia-image-overlay-wrap'><img decoding=\"async\" class='wp-image-30763 avia-img-lazy-loading-not-30763 avia_image' src=\"https:\/\/radiorevelacionfm.cl\/wp-content\/uploads\/2023\/05\/bienvenida-ec-5-1_optimized.jpg\" alt='' title='bienvenida-ec-5-(1)_optimized' height=\"600\" width=\"1285\"  itemprop=\"thumbnailUrl\" srcset=\"https:\/\/radiorevelacionfm.cl\/wp-content\/uploads\/2023\/05\/bienvenida-ec-5-1_optimized.jpg 1285w, https:\/\/radiorevelacionfm.cl\/wp-content\/uploads\/2023\/05\/bienvenida-ec-5-1_optimized-300x140.jpg 300w, https:\/\/radiorevelacionfm.cl\/wp-content\/uploads\/2023\/05\/bienvenida-ec-5-1_optimized-1030x481.jpg 1030w, https:\/\/radiorevelacionfm.cl\/wp-content\/uploads\/2023\/05\/bienvenida-ec-5-1_optimized-768x359.jpg 768w, https:\/\/radiorevelacionfm.cl\/wp-content\/uploads\/2023\/05\/bienvenida-ec-5-1_optimized-705x329.jpg 705w, https:\/\/radiorevelacionfm.cl\/wp-content\/uploads\/2023\/05\/bienvenida-ec-5-1_optimized-450x210.jpg 450w, https:\/\/radiorevelacionfm.cl\/wp-content\/uploads\/2023\/05\/bienvenida-ec-5-1_optimized-600x280.jpg 600w\" sizes=\"(max-width: 1285px) 100vw, 1285px\" \/><\/div><\/div><\/div><\/div>\n<div class=\"flex_column av_one_full  flex_column_div av-zero-column-padding first  avia-builder-el-2  el_after_av_one_full  el_before_av_one_full  column-top-margin\" style='border-radius:0px; '><section class=\"av_textblock_section \"  itemscope=\"itemscope\" itemtype=\"https:\/\/schema.org\/BlogPosting\" itemprop=\"blogPost\" ><div class='avia_textblock  '   itemprop=\"text\" ><p style=\"text-align: center;\"><strong><span style=\"font-size: 18pt;\">Emprendedores\/as inician proceso en la primera incubadora de negocios de la regi\u00f3n de Ays\u00e9n<\/span><\/strong><\/p>\n<div id=\"gtx-trans\" style=\"position: absolute; left: -50px; top: 4.31534px;\">\n<div class=\"gtx-trans-icon\"><\/div>\n<\/div>\n<\/div><\/section><\/div><div class=\"flex_column av_one_full  flex_column_div av-zero-column-padding first  avia-builder-el-4  el_after_av_one_full  el_before_av_hr  column-top-margin\" style='border-radius:0px; '><section class=\"av_textblock_section \"  itemscope=\"itemscope\" itemtype=\"https:\/\/schema.org\/BlogPosting\" itemprop=\"blogPost\" ><div class='avia_textblock  '   itemprop=\"text\" ><p style=\"text-align: justify;\">A trav\u00e9s de una ceremonia de bienvenida, cerca de 90 emprendedores y emprendedoras de la regi\u00f3n de Ays\u00e9n, han comenzando un trabajo de acompa\u00f1amiento que los encaminar\u00e1 a mejorar, potenciar y fortalecer sus emprendimientos, a trav\u00e9s de la primera incubadora de negocios de la mano de Ecoterraneo Cowork.<\/p>\n<p style=\"text-align: justify;\">\u201cTenemos gente de Puerto Ays\u00e9n, Coyhaique, Ma\u00f1ihuales, est\u00e1bamos transmitiendo online para las personas de Chile Chico, Ib\u00e1\u00f1ez y de otras localidades que tambi\u00e9n son parte, porque recordar que esta incubadora de negocios es desde Puerto Ays\u00e9n hacia toda la regi\u00f3n. Fue un evento bonito, aprovechamos de interactuar, de conocer los proyectos y conocer aspectos m\u00e1s t\u00e9cnicos de lo que es la incubadora de negocios\u201d, indic\u00f3 Marcela Vidal, gerente de Ecoterraneo.<\/p>\n<p style=\"text-align: justify;\">Marcela Vidal, mencion\u00f3 adem\u00e1s, que durante el mes de abril se realiz\u00f3 todo el proceso de convocatoria y difusi\u00f3n, con el objetivo de que los emprendedores y emprendedoras postulen con sus ideas de negocio a la incubadora.<\/p>\n<p style=\"text-align: justify;\">\u201cPrimero nosotros pasamos por una convocatoria, en la cual hicimos difusi\u00f3n para que la gente postulara con sus ideas de negocio a la incubadora y ese proceso termin\u00f3 a fines de abril. Ahora, ya tenemos a nuestros seleccionados, quienes quedaron para ser parte de este programa de incubaci\u00f3n y quienes van a recibir talleres, formaci\u00f3n y van a pasar de su idea que presentaron a que sea un emprendimiento exitoso. Todo esto, cumpliendo ciertas etapas dentro del proceso y tambi\u00e9n con el compromiso de cada uno de los emprendedores, que es lo m\u00e1s importante para cumplir sus objetivos\u201d.<\/p>\n<p style=\"text-align: justify;\">La incubadora de negocios est\u00e1 instalada en Puerto Ays\u00e9n, la ejecuta Ecoterraneo Cowork gracias al financiamiento de la Corfo, que en esta instancia fue representada por, Hugo Sotomayor, ejecutivo de proyectos.<\/p>\n<p style=\"text-align: justify;\">\u201cSomos parte de este gran proyecto, que es, la primera incubadora de negocios de la regi\u00f3n de Ays\u00e9n y al ver cada una de las presentaciones que hicieron los emprendedores y las emprendedoras, uno se da cuenta que hay muchas ideas innovadoras e interesantes, que ojala, puedan traducirse en alg\u00fan proyecto que despu\u00e9s pueda obtener financiamiento de parte de la Corfo u otros organismos como Sercotec e incluso el Fosis\u201d.<\/p>\n<p style=\"text-align: justify;\">Una de las emprendedoras que junto a su socia contar\u00e1n con la asesor\u00eda y acompa\u00f1amiento de la primera incubadora de negocios de la regi\u00f3n es, Carolina Loyola de \u201cBaguala Costera\u201d de Islas Huichas.<\/p>\n<p style=\"text-align: justify;\">\u201cEs s\u00faper importante para nosotras, porque fallamos siempre en el \u00e1rea de finanzas, de contabilidad. Entonces, la idea es poder crecer con nuestro emprendimiento, conocer otros compa\u00f1eros, que se puedan colaborar y en realidad hacer un grupo que pueda tener las ganas de hacer el desarrollo local ac\u00e1 en la comuna de Ays\u00e9n y la regi\u00f3n. Adem\u00e1s, creemos que el desarrollo local se viene fuerte con la academia Ecoterraneo y estamos s\u00faper agradecidas del apoyo que hemos recibido de los chiquillos\u201d.<\/p>\n<p style=\"text-align: justify;\">Wilson Aravena es de Puerto Ays\u00e9n y junto a sus desayunos saludables, espera aprender y fortalecer a\u00fan m\u00e1s su emprendimiento a trav\u00e9s de la incubadora de negocios.<\/p>\n<p style=\"text-align: justify;\">\u201cTratando de aprender a trav\u00e9s de esta tremenda posibilidad, empap\u00e1ndonos de conocimientos y es lo que necesit\u00e1bamos, un empuj\u00f3n tanto en conocimiento y en el d\u00eda de ma\u00f1ana en lo econ\u00f3mico. Yo creo que lo que se est\u00e1 instalando ac\u00e1, Ecoterraneo, es una tremenda oportunidad para las personas como uno que quieren emprender, que quieren salir adelante, esto no se hab\u00eda dado nunca ac\u00e1 en la regi\u00f3n y son oportunidad para adquirir las herramientas para surgir y salir adelante en realidad\u201d.<\/p>\n<p style=\"text-align: justify;\">Luego de la bienvenida, en el transcurso de la semana se dio inicio a los primeros talleres y actividades orientadas a entregar conocimientos y habilidades a cada uno de los emprendedores y emprendedoras que son parte de la incubadora de negocios, etapas fundamentales para continuar avanzando en este proceso.<\/p>\n<\/div><\/section><\/div><\/p>\n<div  style='height:50px' class='hr hr-invisible   avia-builder-el-6  el_after_av_one_full  el_before_av_social_share '><span class='hr-inner ' ><span class='hr-inner-style'><\/span><\/span><\/div>\n<div  class='av-social-sharing-box  avia-builder-el-7  el_after_av_hr  el_before_av_hr  '><div class='av-share-box'><h5 class='av-share-link-description av-no-toc '>Compartir esta noticia<\/h5><ul class='av-share-box-list noLightbox'><li class='av-share-link av-social-link-facebook' ><a target=\"_blank\" aria-label=\"Compartir en Facebook\" href='https:\/\/www.facebook.com\/sharer.php?u=https:\/\/radiorevelacionfm.cl\/?p=30762&#038;t=Emprendedores%2Fas%20inician%20proceso%20en%20la%20primera%20incubadora%20de%20negocios%20de%20la%20regi%C3%B3n%20de%20Ays%C3%A9n' aria-hidden='false' data-av_icon='\ue8f3' data-av_iconfont='entypo-fontello' title='' data-avia-related-tooltip='Compartir en Facebook' rel=\"noopener\"><span class='avia_hidden_link_text'>Compartir en Facebook<\/span><\/a><\/li><li class='av-share-link av-social-link-twitter' ><a target=\"_blank\" aria-label=\"Compartir en Twitter\" href='https:\/\/twitter.com\/share?text=Emprendedores%2Fas%20inician%20proceso%20en%20la%20primera%20incubadora%20de%20negocios%20de%20la%20regi%C3%B3n%20de%20Ays%C3%A9n&#038;url=https:\/\/radiorevelacionfm.cl\/?p=30762' aria-hidden='false' data-av_icon='\ue8f1' data-av_iconfont='entypo-fontello' title='' data-avia-related-tooltip='Compartir en Twitter' rel=\"noopener\"><span class='avia_hidden_link_text'>Compartir en Twitter<\/span><\/a><\/li><li class='av-share-link av-social-link-whatsapp' ><a target=\"_blank\" aria-label=\"Compartir en Whatsapp\" href='https:\/\/api.whatsapp.com\/send?text=https:\/\/radiorevelacionfm.cl\/?p=30762' aria-hidden='false' data-av_icon='\uf232' data-av_iconfont='entypo-fontello' title='' data-avia-related-tooltip='Compartir en Whatsapp' rel=\"noopener\"><span class='avia_hidden_link_text'>Compartir en Whatsapp<\/span><\/a><\/li><li class='av-share-link av-social-link-linkedin' ><a target=\"_blank\" aria-label=\"Compartir en LinkedIn\" href='https:\/\/linkedin.com\/shareArticle?mini=true&#038;title=Emprendedores%2Fas%20inician%20proceso%20en%20la%20primera%20incubadora%20de%20negocios%20de%20la%20regi%C3%B3n%20de%20Ays%C3%A9n&#038;url=https:\/\/radiorevelacionfm.cl\/?p=30762' aria-hidden='false' data-av_icon='\ue8fc' data-av_iconfont='entypo-fontello' title='' data-avia-related-tooltip='Compartir en LinkedIn' rel=\"noopener\"><span class='avia_hidden_link_text'>Compartir en LinkedIn<\/span><\/a><\/li><li class='av-share-link av-social-link-mail' ><a  aria-label=\"Compartir por correo\" href='mailto:?subject=Emprendedores%2Fas%20inician%20proceso%20en%20la%20primera%20incubadora%20de%20negocios%20de%20la%20regi%C3%B3n%20de%20Ays%C3%A9n&#038;body=https:\/\/radiorevelacionfm.cl\/?p=30762' aria-hidden='false' data-av_icon='\ue805' data-av_iconfont='entypo-fontello' title='' data-avia-related-tooltip='Compartir por correo'><span class='avia_hidden_link_text'>Compartir por correo<\/span><\/a><\/li><\/ul><\/div><\/div>\n<div  style='height:50px' class='hr hr-invisible   avia-builder-el-8  el_after_av_social_share  el_before_av_comments_list '><span class='hr-inner ' ><span class='hr-inner-style'><\/span><\/span><\/div>\n<div  class='av-buildercomment  av-blog-meta-html-info-disabled av-blog-meta-tag-disabled  '><\/div>\n","protected":false},"excerpt":{"rendered":"","protected":false},"author":1,"featured_media":30763,"comment_status":"open","ping_status":"open","sticky":false,"template":"","format":"standard","meta":{"footnotes":""},"categories":[45],"tags":[],"class_list":["post-30762","post","type-post","status-publish","format-standard","has-post-thumbnail","hentry","category-comercio"],"jetpack_featured_media_url":"https:\/\/radiorevelacionfm.cl\/wp-content\/uploads\/2023\/05\/bienvenida-ec-5-1_optimized.jpg","_links":{"self":[{"href":"https:\/\/radiorevelacionfm.cl\/index.php?rest_route=\/wp\/v2\/posts\/30762","targetHints":{"allow":["GET"]}}],"collection":[{"href":"https:\/\/radiorevelacionfm.cl\/index.php?rest_route=\/wp\/v2\/posts"}],"about":[{"href":"https:\/\/radiorevelacionfm.cl\/index.php?rest_route=\/wp\/v2\/types\/post"}],"author":[{"embeddable":true,"href":"https:\/\/radiorevelacionfm.cl\/index.php?rest_route=\/wp\/v2\/users\/1"}],"replies":[{"embeddable":true,"href":"https:\/\/radiorevelacionfm.cl\/index.php?rest_route=%2Fwp%2Fv2%2Fcomments&post=30762"}],"version-history":[{"count":2,"href":"https:\/\/radiorevelacionfm.cl\/index.php?rest_route=\/wp\/v2\/posts\/30762\/revisions"}],"predecessor-version":[{"id":30781,"href":"https:\/\/radiorevelacionfm.cl\/index.php?rest_route=\/wp\/v2\/posts\/30762\/revisions\/30781"}],"wp:featuredmedia":[{"embeddable":true,"href":"https:\/\/radiorevelacionfm.cl\/index.php?rest_route=\/wp\/v2\/media\/30763"}],"wp:attachment":[{"href":"https:\/\/radiorevelacionfm.cl\/index.php?rest_route=%2Fwp%2Fv2%2Fmedia&parent=30762"}],"wp:term":[{"taxonomy":"category","embeddable":true,"href":"https:\/\/radiorevelacionfm.cl\/index.php?rest_route=%2Fwp%2Fv2%2Fcategories&post=30762"},{"taxonomy":"post_tag","embeddable":true,"href":"https:\/\/radiorevelacionfm.cl\/index.php?rest_route=%2Fwp%2Fv2%2Ftags&post=30762"}],"curies":[{"name":"wp","href":"https:\/\/api.w.org\/{rel}","templated":true}]}}