{"id":30757,"date":"2023-05-06T12:52:51","date_gmt":"2023-05-06T15:52:51","guid":{"rendered":"https:\/\/radiorevelacionfm.cl\/?p=30757"},"modified":"2023-05-06T12:52:51","modified_gmt":"2023-05-06T15:52:51","slug":"mujeres-son-bienvenidas-al-programa-4-a-7-por-sernameg-y-municipalidad-de-chile-chico","status":"publish","type":"post","link":"https:\/\/radiorevelacionfm.cl\/?p=30757","title":{"rendered":"Mujeres son bienvenidas al programa 4 a 7 por SernamEG y Municipalidad de Chile Chico"},"content":{"rendered":"<div class=\"flex_column av_one_full  flex_column_div av-zero-column-padding first  avia-builder-el-0  el_before_av_one_full  avia-builder-el-first  \" style='border-radius:0px; '><div  class='avia-image-container  av-styling-    avia-builder-el-1  avia-builder-el-no-sibling  avia-align-center '  itemprop=\"image\" itemscope=\"itemscope\" itemtype=\"https:\/\/schema.org\/ImageObject\"  ><div class='avia-image-container-inner'><div class='avia-image-overlay-wrap'><img decoding=\"async\" class='wp-image-30758 avia-img-lazy-loading-not-30758 avia_image' src=\"https:\/\/radiorevelacionfm.cl\/wp-content\/uploads\/2023\/05\/DSC_0023-2-1-1.jpg\" alt='' title='DSC_0023 (2) (1) (1)' height=\"600\" width=\"901\"  itemprop=\"thumbnailUrl\" srcset=\"https:\/\/radiorevelacionfm.cl\/wp-content\/uploads\/2023\/05\/DSC_0023-2-1-1.jpg 901w, https:\/\/radiorevelacionfm.cl\/wp-content\/uploads\/2023\/05\/DSC_0023-2-1-1-300x200.jpg 300w, https:\/\/radiorevelacionfm.cl\/wp-content\/uploads\/2023\/05\/DSC_0023-2-1-1-768x511.jpg 768w, https:\/\/radiorevelacionfm.cl\/wp-content\/uploads\/2023\/05\/DSC_0023-2-1-1-705x469.jpg 705w, https:\/\/radiorevelacionfm.cl\/wp-content\/uploads\/2023\/05\/DSC_0023-2-1-1-450x300.jpg 450w, https:\/\/radiorevelacionfm.cl\/wp-content\/uploads\/2023\/05\/DSC_0023-2-1-1-600x400.jpg 600w\" sizes=\"(max-width: 901px) 100vw, 901px\" \/><\/div><\/div><\/div><\/div>\n<div class=\"flex_column av_one_full  flex_column_div av-zero-column-padding first  avia-builder-el-2  el_after_av_one_full  el_before_av_one_full  column-top-margin\" style='border-radius:0px; '><section class=\"av_textblock_section \"  itemscope=\"itemscope\" itemtype=\"https:\/\/schema.org\/BlogPosting\" itemprop=\"blogPost\" ><div class='avia_textblock  '   itemprop=\"text\" ><p style=\"text-align: center;\"><strong><span style=\"font-size: 18pt;\">Mujeres son bienvenidas al programa 4 a 7 por SernamEG y Municipalidad de Chile Chico<\/span><\/strong><\/p>\n<div id=\"gtx-trans\" style=\"position: absolute; left: -50px; top: 4.31534px;\">\n<div class=\"gtx-trans-icon\"><\/div>\n<\/div>\n<\/div><\/section><\/div>\n<div class=\"flex_column av_one_full  flex_column_div av-zero-column-padding first  avia-builder-el-4  el_after_av_one_full  el_before_av_hr  column-top-margin\" style='border-radius:0px; '><section class=\"av_textblock_section \"  itemscope=\"itemscope\" itemtype=\"https:\/\/schema.org\/BlogPosting\" itemprop=\"blogPost\" ><div class='avia_textblock  '   itemprop=\"text\" ><p style=\"font-weight: 400; text-align: justify;\">Con el objetivo de apoyar a las mujeres en su participaci\u00f3n en el mercado laboral, el programa 4 a 7 est\u00e1 presente en Chile Chico desde el a\u00f1o 2018 y se ejecuta en el territorio; en el marco de la alianza vigente entre el Servicio Nacional de la Mujer y la Equidad de G\u00e9nero y el municipio local. Actualmente son 43 las participantes quienes tienen acceso a talleres diferenciados seg\u00fan su perfil laboral; teniendo acceso a otras intervenciones program\u00e1ticas, tanto de SernamEG como del intersector. En paralelo, son\u00a057 las y los estudiantes que acceden a un espacio de cuidado integral, luego de finalizada la jornada educacional, en la escuela municipal de la cabecera comunal. En el lanzamiento, se realizaron una serie de presentaciones de puntos art\u00edsticos que son el fruto de los talleres; que incentivan el desarrollo de la creatividad infantil y juvenil.<\/p>\n<p style=\"font-weight: 400; text-align: justify;\">En la ceremonia, que marca el puntapi\u00e9 oficial de la trayectoria de las integrantes de la intervenci\u00f3n program\u00e1tica, el Delegado Presidencial Provincial de General Carrera, Crist\u00f3bal Barcel\u00f3 Veas, se dirigi\u00f3 a las personas presentes, destacando que \u201cme llena de orgullo el convenio que se ha logrado entre SernamEG y la Municipalidad de Chile Chico. Hace unos d\u00edas, estuvo de visita en la regi\u00f3n de Ays\u00e9n la Ministra de la Mujer y la Equidad de G\u00e9nero, Antonia Orellana Guarello, y me toc\u00f3 participar en una actividad junto a ella. Dentro de los temas que conversamos fue c\u00f3mo poder apoyar a las mujeres, dentro del mandato que uno tiene de parte del Presidente Gabriel Boric Font, no solamente basta con darle los espacios para que ellas se capaciten, sino que tambi\u00e9n estas instancias son importantes de trabajo colaborativo; para que ellas se puedan desarrollar de una manera tranquila y segura\u201d.<\/p>\n<p style=\"font-weight: 400; text-align: justify;\">Por su parte, la Directora Regional (S) de SernamEG, Carla Arriagada Malague\u00f1o, explic\u00f3 que \u201csi bien las mujeres ya est\u00e1n desde marzo siendo parte del Programa, esta ceremonia marca el hito de apertura oficial del 4 a 7 que est\u00e1 dirigido a las mujeres trabajadoras. Tambi\u00e9n para aquellas que est\u00e1n buscando un empleo o se est\u00e9n capacitando, as\u00ed como para quienes est\u00e1n terminando sus estudios y se esfuerzan por tener mejores condiciones para la inserci\u00f3n laboral. Se desarrolla a trav\u00e9s de las ni\u00f1as y ni\u00f1os que est\u00e1n bajo su cuidado, que generalmente es lo m\u00e1s visible para la comunidad de Chile Chico. Destacamos que el Municipio, a trav\u00e9s de su Alcalde, tenga un compromiso en su desarrollo y mejoramiento; lo que nos ha permitido importantes avances en la comuna; acortando brechas que han sido hist\u00f3ricas\u201d.<\/p>\n<p style=\"font-weight: 400; text-align: justify;\">En tanto, el Alcalde de Chile Chico, Luperciano Mu\u00f1oz Gonz\u00e1lez, destac\u00f3 c\u00f3mo esta intervenci\u00f3n program\u00e1tica aborda el desaf\u00edo del espacio de cuidado para las ni\u00f1as y ni\u00f1os que son beneficiados. \u201cTal como dice el nombre de este Programa, de 4 a 7 las personas que est\u00e1n trabajando se les hace muy complicado desde el punto de vista laboral y econ\u00f3mico, inclusive desde lo emocional, ya que significa dejar sus hijas e hijos encargados con una vecina o una abuela; esta es una problem\u00e1tica que este Programa ayuda a superar. Si desde el Estado hay una ayuda a la que nos sumamos creo que es relevante, porque da seguridad\u201d. Respecto a los talleres, el edil agreg\u00f3 que \u201cse les ense\u00f1a valores y principios, se les entrega colaci\u00f3n, y tambi\u00e9n apoyo con las tareas; as\u00ed que estamos contentos como Municipalidad y nos impulsa a seguir participando de esta iniciativa\u201d.<\/p>\n<p style=\"font-weight: 400; text-align: justify;\">En cuanto a su experiencia en el modelo program\u00e1tico, Madeleine Henr\u00edquez Medina, dijo: \u201cllegamos a Chile Chico buscando un lugar mejor y como todo cambio, en el que se comienza desde cero, es dif\u00edcil por lo que la incorporaci\u00f3n a este Programa ha permitido que me sienta parte de la comunidad junto a mis hijos. Como madres y cuidadoras que no tenemos redes de apoyo nos sentimos respaldadas por el 4 a 7 para seguir desempe\u00f1\u00e1ndonos laboralmente de forma tranquila, obtener nuestros objetivos y sacar adelante a nuestras ni\u00f1as y ni\u00f1os\u201d.<\/p>\n<p style=\"font-weight: 400; text-align: justify;\">Finalmente, la oferta disponible para las ni\u00f1as y ni\u00f1os de 6 a 13 a\u00f1os que participan en el programa 4 a 7, se focaliza en el desarrollo de su creatividad a trav\u00e9s de talleres tem\u00e1ticos, de organizaci\u00f3n escolar y de la promoci\u00f3n del desarrollo infantil integral. Para su realizaci\u00f3n, los equipos cuentan con un manual especialmente creado por SernamEG para el modelo program\u00e1tico; el cual entrega tanto herramientas te\u00f3ricas como metodol\u00f3gicas para su ejecuci\u00f3n.<\/p>\n<\/div><\/section><\/div><div  style='height:50px' class='hr hr-invisible   avia-builder-el-6  el_after_av_one_full  el_before_av_social_share '><span class='hr-inner ' ><span class='hr-inner-style'><\/span><\/span><\/div><\/p>\n<div  class='av-social-sharing-box  avia-builder-el-7  el_after_av_hr  el_before_av_hr  '><div class='av-share-box'><h5 class='av-share-link-description av-no-toc '>Compartir esta noticia<\/h5><ul class='av-share-box-list noLightbox'><li class='av-share-link av-social-link-facebook' ><a target=\"_blank\" aria-label=\"Compartir en Facebook\" href='https:\/\/www.facebook.com\/sharer.php?u=https:\/\/radiorevelacionfm.cl\/?p=30757&#038;t=Mujeres%20son%20bienvenidas%20al%20programa%204%20a%207%20por%20SernamEG%20y%20Municipalidad%20de%20Chile%20Chico' aria-hidden='false' data-av_icon='\ue8f3' data-av_iconfont='entypo-fontello' title='' data-avia-related-tooltip='Compartir en Facebook' rel=\"noopener\"><span class='avia_hidden_link_text'>Compartir en Facebook<\/span><\/a><\/li><li class='av-share-link av-social-link-twitter' ><a target=\"_blank\" aria-label=\"Compartir en Twitter\" href='https:\/\/twitter.com\/share?text=Mujeres%20son%20bienvenidas%20al%20programa%204%20a%207%20por%20SernamEG%20y%20Municipalidad%20de%20Chile%20Chico&#038;url=https:\/\/radiorevelacionfm.cl\/?p=30757' aria-hidden='false' data-av_icon='\ue8f1' data-av_iconfont='entypo-fontello' title='' data-avia-related-tooltip='Compartir en Twitter' rel=\"noopener\"><span class='avia_hidden_link_text'>Compartir en Twitter<\/span><\/a><\/li><li class='av-share-link av-social-link-whatsapp' ><a target=\"_blank\" aria-label=\"Compartir en Whatsapp\" href='https:\/\/api.whatsapp.com\/send?text=https:\/\/radiorevelacionfm.cl\/?p=30757' aria-hidden='false' data-av_icon='\uf232' data-av_iconfont='entypo-fontello' title='' data-avia-related-tooltip='Compartir en Whatsapp' rel=\"noopener\"><span class='avia_hidden_link_text'>Compartir en Whatsapp<\/span><\/a><\/li><li class='av-share-link av-social-link-linkedin' ><a target=\"_blank\" aria-label=\"Compartir en LinkedIn\" href='https:\/\/linkedin.com\/shareArticle?mini=true&#038;title=Mujeres%20son%20bienvenidas%20al%20programa%204%20a%207%20por%20SernamEG%20y%20Municipalidad%20de%20Chile%20Chico&#038;url=https:\/\/radiorevelacionfm.cl\/?p=30757' aria-hidden='false' data-av_icon='\ue8fc' data-av_iconfont='entypo-fontello' title='' data-avia-related-tooltip='Compartir en LinkedIn' rel=\"noopener\"><span class='avia_hidden_link_text'>Compartir en LinkedIn<\/span><\/a><\/li><li class='av-share-link av-social-link-mail' ><a  aria-label=\"Compartir por correo\" href='mailto:?subject=Mujeres%20son%20bienvenidas%20al%20programa%204%20a%207%20por%20SernamEG%20y%20Municipalidad%20de%20Chile%20Chico&#038;body=https:\/\/radiorevelacionfm.cl\/?p=30757' aria-hidden='false' data-av_icon='\ue805' data-av_iconfont='entypo-fontello' title='' data-avia-related-tooltip='Compartir por correo'><span class='avia_hidden_link_text'>Compartir por correo<\/span><\/a><\/li><\/ul><\/div><\/div>\n<div  style='height:50px' class='hr hr-invisible   avia-builder-el-8  el_after_av_social_share  el_before_av_comments_list '><span class='hr-inner ' ><span class='hr-inner-style'><\/span><\/span><\/div>\n<div  class='av-buildercomment  av-blog-meta-html-info-disabled av-blog-meta-tag-disabled  '><\/div>\n","protected":false},"excerpt":{"rendered":"","protected":false},"author":1,"featured_media":30758,"comment_status":"open","ping_status":"open","sticky":false,"template":"","format":"standard","meta":{"footnotes":""},"categories":[38],"tags":[],"class_list":["post-30757","post","type-post","status-publish","format-standard","has-post-thumbnail","hentry","category-regional"],"jetpack_featured_media_url":"https:\/\/radiorevelacionfm.cl\/wp-content\/uploads\/2023\/05\/DSC_0023-2-1-1.jpg","_links":{"self":[{"href":"https:\/\/radiorevelacionfm.cl\/index.php?rest_route=\/wp\/v2\/posts\/30757","targetHints":{"allow":["GET"]}}],"collection":[{"href":"https:\/\/radiorevelacionfm.cl\/index.php?rest_route=\/wp\/v2\/posts"}],"about":[{"href":"https:\/\/radiorevelacionfm.cl\/index.php?rest_route=\/wp\/v2\/types\/post"}],"author":[{"embeddable":true,"href":"https:\/\/radiorevelacionfm.cl\/index.php?rest_route=\/wp\/v2\/users\/1"}],"replies":[{"embeddable":true,"href":"https:\/\/radiorevelacionfm.cl\/index.php?rest_route=%2Fwp%2Fv2%2Fcomments&post=30757"}],"version-history":[{"count":2,"href":"https:\/\/radiorevelacionfm.cl\/index.php?rest_route=\/wp\/v2\/posts\/30757\/revisions"}],"predecessor-version":[{"id":30772,"href":"https:\/\/radiorevelacionfm.cl\/index.php?rest_route=\/wp\/v2\/posts\/30757\/revisions\/30772"}],"wp:featuredmedia":[{"embeddable":true,"href":"https:\/\/radiorevelacionfm.cl\/index.php?rest_route=\/wp\/v2\/media\/30758"}],"wp:attachment":[{"href":"https:\/\/radiorevelacionfm.cl\/index.php?rest_route=%2Fwp%2Fv2%2Fmedia&parent=30757"}],"wp:term":[{"taxonomy":"category","embeddable":true,"href":"https:\/\/radiorevelacionfm.cl\/index.php?rest_route=%2Fwp%2Fv2%2Fcategories&post=30757"},{"taxonomy":"post_tag","embeddable":true,"href":"https:\/\/radiorevelacionfm.cl\/index.php?rest_route=%2Fwp%2Fv2%2Ftags&post=30757"}],"curies":[{"name":"wp","href":"https:\/\/api.w.org\/{rel}","templated":true}]}}