{"id":30745,"date":"2023-05-08T11:41:23","date_gmt":"2023-05-08T14:41:23","guid":{"rendered":"https:\/\/radiorevelacionfm.cl\/?p=30745"},"modified":"2023-05-08T11:41:23","modified_gmt":"2023-05-08T14:41:23","slug":"lactancia-materna-y-enfermedades-de-invierno","status":"publish","type":"post","link":"https:\/\/radiorevelacionfm.cl\/?p=30745","title":{"rendered":"Lactancia materna y enfermedades de invierno"},"content":{"rendered":"<div class=\"flex_column av_one_full  flex_column_div av-zero-column-padding first  avia-builder-el-0  el_before_av_one_full  avia-builder-el-first  \" style='border-radius:0px; '><div  class='avia-image-container  av-styling-    avia-builder-el-1  avia-builder-el-no-sibling  avia-align-center '  itemprop=\"image\" itemscope=\"itemscope\" itemtype=\"https:\/\/schema.org\/ImageObject\"  ><div class='avia-image-container-inner'><div class='avia-image-overlay-wrap'><img decoding=\"async\" class='wp-image-30746 avia-img-lazy-loading-not-30746 avia_image' src=\"https:\/\/radiorevelacionfm.cl\/wp-content\/uploads\/2023\/05\/leche-materna-es-su-mejor-alimento-5-1-1.jpg\" alt='' title='leche-materna-es-su-mejor-alimento-5 (1) (1)' height=\"600\" width=\"1050\"  itemprop=\"thumbnailUrl\" srcset=\"https:\/\/radiorevelacionfm.cl\/wp-content\/uploads\/2023\/05\/leche-materna-es-su-mejor-alimento-5-1-1.jpg 1050w, https:\/\/radiorevelacionfm.cl\/wp-content\/uploads\/2023\/05\/leche-materna-es-su-mejor-alimento-5-1-1-300x171.jpg 300w, https:\/\/radiorevelacionfm.cl\/wp-content\/uploads\/2023\/05\/leche-materna-es-su-mejor-alimento-5-1-1-1030x589.jpg 1030w, https:\/\/radiorevelacionfm.cl\/wp-content\/uploads\/2023\/05\/leche-materna-es-su-mejor-alimento-5-1-1-768x439.jpg 768w, https:\/\/radiorevelacionfm.cl\/wp-content\/uploads\/2023\/05\/leche-materna-es-su-mejor-alimento-5-1-1-705x403.jpg 705w, https:\/\/radiorevelacionfm.cl\/wp-content\/uploads\/2023\/05\/leche-materna-es-su-mejor-alimento-5-1-1-450x257.jpg 450w, https:\/\/radiorevelacionfm.cl\/wp-content\/uploads\/2023\/05\/leche-materna-es-su-mejor-alimento-5-1-1-600x343.jpg 600w\" sizes=\"(max-width: 1050px) 100vw, 1050px\" \/><\/div><\/div><\/div><\/div><div class=\"flex_column av_one_full  flex_column_div av-zero-column-padding first  avia-builder-el-2  el_after_av_one_full  el_before_av_one_full  column-top-margin\" style='border-radius:0px; '><section class=\"av_textblock_section \"  itemscope=\"itemscope\" itemtype=\"https:\/\/schema.org\/BlogPosting\" itemprop=\"blogPost\" ><div class='avia_textblock  '   itemprop=\"text\" ><p style=\"text-align: center;\"><strong><span style=\"font-size: 18pt;\">Lactancia materna y enfermedades de invierno<\/span><\/strong><\/p>\n<div id=\"gtx-trans\" style=\"position: absolute; left: -50px; top: 4.31534px;\">\n<div class=\"gtx-trans-icon\"><\/div>\n<\/div>\n<\/div><\/section><\/div><div class=\"flex_column av_one_full  flex_column_div av-zero-column-padding first  avia-builder-el-4  el_after_av_one_full  el_before_av_hr  column-top-margin\" style='border-radius:0px; '><section class=\"av_textblock_section \"  itemscope=\"itemscope\" itemtype=\"https:\/\/schema.org\/BlogPosting\" itemprop=\"blogPost\" ><div class='avia_textblock  '   itemprop=\"text\" ><p style=\"text-align: justify;\">Es ampliamente reconocida la importancia de la lactancia materna por sus beneficios para ni\u00f1os y ni\u00f1as, pero las cifras demuestran que a\u00fan existe un porcentaje de lactantes que no son amamantados con leche materna seg\u00fan la Organizaci\u00f3n Mundial de la Salud, menos de la mitad de los lactantes son alimentados con lactancia materna exclusiva.<\/p>\n<p style=\"text-align: justify;\">Dentro de los m\u00faltiples beneficios que entrega la leche materna destaca que proporciona anticuerpos desde el momento del nacimiento, en forma de calostro, el cual cumple el rol de ser la primera vacuna natural que recibe el reci\u00e9n nacido, una propiedad que se mantiene conforme avanza la lactancia.<\/p>\n<p style=\"text-align: justify;\">La leche materna siempre es beneficiosa, ya que con el paso del tiempo se va adecuando a las necesidades nutricionales e inmunol\u00f3gicas que tenga el ni\u00f1o o ni\u00f1a, un antecedente clave para que madres, padres y la sociedad conozca, fomenten y faciliten la lactancia materna. Frente a esta premisa, resulta clave que las y los ni\u00f1os cuando se enferman deben seguir siendo amamantados, para recibir una leche con mayor cantidad de anticuerpos que favorecer\u00e1n una recuperaci\u00f3n m\u00e1s r\u00e1pida. Salvo en situaciones muy particulares se indica suspender el amamantamiento, como es por ejemplo un ni\u00f1o que por la gravedad de la enfermedad se vea imposibilitado de succionar el pecho materno, pero en la mayor\u00eda de los casos se buscan ajustes donde pueda seguir recibiendo leche materna y sus beneficios.<\/p>\n<p style=\"text-align: justify;\">Con el retorno a la presencialidad, y el periodo oto\u00f1o invierno que se aproxima, muchos lactantes se han incorporado a salas cunas y jardines infantiles, ni\u00f1as y ni\u00f1os que no hab\u00edan sufrido enfermedades respiratorias o gastrointestinales se han enfermado o enfermar\u00e1n, ante este escenario el llamado es a mantener la lactancia materna por el mayor tiempo posible. La leche materna no eliminar\u00e1 las enfermedades, pero los cuadros podr\u00e1n ser menos graves y acotados en su duraci\u00f3n, ya que sus propiedades se van adecuando seg\u00fan las necesidades de cada ni\u00f1o o ni\u00f1a, lo que contribuye a una recuperaci\u00f3n m\u00e1s r\u00e1pida.<\/p>\n<p style=\"text-align: justify;\">Frente a esto, resulta clave el apoyo de los espacios laborales, como las salas de lactancia materna en que cumplen el rol facilitador, naturalizando la lactancia, convivencia y cuidados en las primeras etapas de la infancia, dando garant\u00edas a este factor protector frente a los fr\u00edos meses que se avecinan.<\/p>\n<p style=\"text-align: justify;\">Otras medidas para enfrentar de la mejor forma el periodo invernal, adem\u00e1s de la mantenci\u00f3n de la lactancia materna, son el correcto y frecuente lavado de manos de la madre, padre y cuidadores, junto con mantener al d\u00eda las vacunas tanto de ni\u00f1os y adultos.<\/p>\n<p>Mar\u00eda de los \u00c1ngeles Carrasco Fern\u00e1ndez<br \/>\nAcad\u00e9mica Carrera de Enfermer\u00eda U. Central<\/p>\n<\/div><\/section><\/div><div  style='height:50px' class='hr hr-invisible   avia-builder-el-6  el_after_av_one_full  el_before_av_social_share '><span class='hr-inner ' ><span class='hr-inner-style'><\/span><\/span><\/div><\/p>\n<div  class='av-social-sharing-box  avia-builder-el-7  el_after_av_hr  el_before_av_hr  '><div class='av-share-box'><h5 class='av-share-link-description av-no-toc '>Compartir esta noticia<\/h5><ul class='av-share-box-list noLightbox'><li class='av-share-link av-social-link-facebook' ><a target=\"_blank\" aria-label=\"Compartir en Facebook\" href='https:\/\/www.facebook.com\/sharer.php?u=https:\/\/radiorevelacionfm.cl\/?p=30745&#038;t=Lactancia%20materna%20y%20enfermedades%20de%20invierno' aria-hidden='false' data-av_icon='\ue8f3' data-av_iconfont='entypo-fontello' title='' data-avia-related-tooltip='Compartir en Facebook' rel=\"noopener\"><span class='avia_hidden_link_text'>Compartir en Facebook<\/span><\/a><\/li><li class='av-share-link av-social-link-twitter' ><a target=\"_blank\" aria-label=\"Compartir en Twitter\" href='https:\/\/twitter.com\/share?text=Lactancia%20materna%20y%20enfermedades%20de%20invierno&#038;url=https:\/\/radiorevelacionfm.cl\/?p=30745' aria-hidden='false' data-av_icon='\ue8f1' data-av_iconfont='entypo-fontello' title='' data-avia-related-tooltip='Compartir en Twitter' rel=\"noopener\"><span class='avia_hidden_link_text'>Compartir en Twitter<\/span><\/a><\/li><li class='av-share-link av-social-link-whatsapp' ><a target=\"_blank\" aria-label=\"Compartir en Whatsapp\" href='https:\/\/api.whatsapp.com\/send?text=https:\/\/radiorevelacionfm.cl\/?p=30745' aria-hidden='false' data-av_icon='\uf232' data-av_iconfont='entypo-fontello' title='' data-avia-related-tooltip='Compartir en Whatsapp' rel=\"noopener\"><span class='avia_hidden_link_text'>Compartir en Whatsapp<\/span><\/a><\/li><li class='av-share-link av-social-link-linkedin' ><a target=\"_blank\" aria-label=\"Compartir en LinkedIn\" href='https:\/\/linkedin.com\/shareArticle?mini=true&#038;title=Lactancia%20materna%20y%20enfermedades%20de%20invierno&#038;url=https:\/\/radiorevelacionfm.cl\/?p=30745' aria-hidden='false' data-av_icon='\ue8fc' data-av_iconfont='entypo-fontello' title='' data-avia-related-tooltip='Compartir en LinkedIn' rel=\"noopener\"><span class='avia_hidden_link_text'>Compartir en LinkedIn<\/span><\/a><\/li><li class='av-share-link av-social-link-mail' ><a  aria-label=\"Compartir por correo\" href='mailto:?subject=Lactancia%20materna%20y%20enfermedades%20de%20invierno&#038;body=https:\/\/radiorevelacionfm.cl\/?p=30745' aria-hidden='false' data-av_icon='\ue805' data-av_iconfont='entypo-fontello' title='' data-avia-related-tooltip='Compartir por correo'><span class='avia_hidden_link_text'>Compartir por correo<\/span><\/a><\/li><\/ul><\/div><\/div>\n<div  style='height:50px' class='hr hr-invisible   avia-builder-el-8  el_after_av_social_share  el_before_av_comments_list '><span class='hr-inner ' ><span class='hr-inner-style'><\/span><\/span><\/div>\n<div  class='av-buildercomment  av-blog-meta-html-info-disabled av-blog-meta-tag-disabled  '><\/div>\n","protected":false},"excerpt":{"rendered":"","protected":false},"author":1,"featured_media":30746,"comment_status":"open","ping_status":"open","sticky":false,"template":"","format":"standard","meta":{"footnotes":""},"categories":[46],"tags":[],"class_list":["post-30745","post","type-post","status-publish","format-standard","has-post-thumbnail","hentry","category-salud"],"jetpack_featured_media_url":"https:\/\/radiorevelacionfm.cl\/wp-content\/uploads\/2023\/05\/leche-materna-es-su-mejor-alimento-5-1-1.jpg","_links":{"self":[{"href":"https:\/\/radiorevelacionfm.cl\/index.php?rest_route=\/wp\/v2\/posts\/30745","targetHints":{"allow":["GET"]}}],"collection":[{"href":"https:\/\/radiorevelacionfm.cl\/index.php?rest_route=\/wp\/v2\/posts"}],"about":[{"href":"https:\/\/radiorevelacionfm.cl\/index.php?rest_route=\/wp\/v2\/types\/post"}],"author":[{"embeddable":true,"href":"https:\/\/radiorevelacionfm.cl\/index.php?rest_route=\/wp\/v2\/users\/1"}],"replies":[{"embeddable":true,"href":"https:\/\/radiorevelacionfm.cl\/index.php?rest_route=%2Fwp%2Fv2%2Fcomments&post=30745"}],"version-history":[{"count":1,"href":"https:\/\/radiorevelacionfm.cl\/index.php?rest_route=\/wp\/v2\/posts\/30745\/revisions"}],"predecessor-version":[{"id":30747,"href":"https:\/\/radiorevelacionfm.cl\/index.php?rest_route=\/wp\/v2\/posts\/30745\/revisions\/30747"}],"wp:featuredmedia":[{"embeddable":true,"href":"https:\/\/radiorevelacionfm.cl\/index.php?rest_route=\/wp\/v2\/media\/30746"}],"wp:attachment":[{"href":"https:\/\/radiorevelacionfm.cl\/index.php?rest_route=%2Fwp%2Fv2%2Fmedia&parent=30745"}],"wp:term":[{"taxonomy":"category","embeddable":true,"href":"https:\/\/radiorevelacionfm.cl\/index.php?rest_route=%2Fwp%2Fv2%2Fcategories&post=30745"},{"taxonomy":"post_tag","embeddable":true,"href":"https:\/\/radiorevelacionfm.cl\/index.php?rest_route=%2Fwp%2Fv2%2Ftags&post=30745"}],"curies":[{"name":"wp","href":"https:\/\/api.w.org\/{rel}","templated":true}]}}