{"id":30738,"date":"2023-05-05T19:09:30","date_gmt":"2023-05-05T22:09:30","guid":{"rendered":"https:\/\/radiorevelacionfm.cl\/?p=30738"},"modified":"2023-05-05T19:09:30","modified_gmt":"2023-05-05T22:09:30","slug":"gobierno-regional-de-aysen-financia-investigaciones-para-obtener-mayor-informacion-sobre-los-recursos-pesqueros-del-territorio","status":"publish","type":"post","link":"https:\/\/radiorevelacionfm.cl\/?p=30738","title":{"rendered":"Gobierno Regional de Ays\u00e9n financia investigaciones para obtener mayor informaci\u00f3n sobre los recursos pesqueros del territorio"},"content":{"rendered":"<div class=\"flex_column av_one_full  flex_column_div av-zero-column-padding first  avia-builder-el-0  el_before_av_one_full  avia-builder-el-first  \" style='border-radius:0px; '><div  class='avia-image-container  av-styling-    avia-builder-el-1  avia-builder-el-no-sibling  avia-align-center '  itemprop=\"image\" itemscope=\"itemscope\" itemtype=\"https:\/\/schema.org\/ImageObject\"  ><div class='avia-image-container-inner'><div class='avia-image-overlay-wrap'><img decoding=\"async\" class='wp-image-30739 avia-img-lazy-loading-not-30739 avia_image' src=\"https:\/\/radiorevelacionfm.cl\/wp-content\/uploads\/2023\/05\/img_9579-3-1-1_optimized.jpg\" alt='' title='img_9579-(3)-(1)-(1)_optimized' height=\"600\" width=\"800\"  itemprop=\"thumbnailUrl\" srcset=\"https:\/\/radiorevelacionfm.cl\/wp-content\/uploads\/2023\/05\/img_9579-3-1-1_optimized.jpg 800w, https:\/\/radiorevelacionfm.cl\/wp-content\/uploads\/2023\/05\/img_9579-3-1-1_optimized-300x225.jpg 300w, https:\/\/radiorevelacionfm.cl\/wp-content\/uploads\/2023\/05\/img_9579-3-1-1_optimized-768x576.jpg 768w, https:\/\/radiorevelacionfm.cl\/wp-content\/uploads\/2023\/05\/img_9579-3-1-1_optimized-705x529.jpg 705w, https:\/\/radiorevelacionfm.cl\/wp-content\/uploads\/2023\/05\/img_9579-3-1-1_optimized-450x338.jpg 450w, https:\/\/radiorevelacionfm.cl\/wp-content\/uploads\/2023\/05\/img_9579-3-1-1_optimized-600x450.jpg 600w\" sizes=\"(max-width: 800px) 100vw, 800px\" \/><\/div><\/div><\/div><\/div><div class=\"flex_column av_one_full  flex_column_div av-zero-column-padding first  avia-builder-el-2  el_after_av_one_full  el_before_av_one_full  column-top-margin\" style='border-radius:0px; '><section class=\"av_textblock_section \"  itemscope=\"itemscope\" itemtype=\"https:\/\/schema.org\/BlogPosting\" itemprop=\"blogPost\" ><div class='avia_textblock  '   itemprop=\"text\" ><p style=\"text-align: center;\"><strong><span style=\"font-size: 18pt;\">Gobierno Regional de Ays\u00e9n financia investigaciones para obtener mayor informaci\u00f3n sobre los recursos pesqueros del territorio<\/span><\/strong><\/p>\n<div id=\"gtx-trans\" style=\"position: absolute; left: -50px; top: 4.31534px;\">\n<div class=\"gtx-trans-icon\"><\/div>\n<\/div>\n<\/div><\/section><\/div><div class=\"flex_column av_one_full  flex_column_div av-zero-column-padding first  avia-builder-el-4  el_after_av_one_full  el_before_av_hr  column-top-margin\" style='border-radius:0px; '><section class=\"av_textblock_section \"  itemscope=\"itemscope\" itemtype=\"https:\/\/schema.org\/BlogPosting\" itemprop=\"blogPost\" ><div class='avia_textblock  '   itemprop=\"text\" ><p class=\"v1MsoNormal\" style=\"text-align: justify;\" align=\"justify\"><span style=\"font-family: georgia, palatino, serif; font-size: 12pt;\"><span class=\"v1ContentPasted0\" dir=\"LTR\">Considerando que los actuales modelos de gesti\u00f3n requieren mayor informaci\u00f3n, para la toma de medidas que contribuyan a la sostenibilidad de la actividad pesquera regional, es que se ha encomendado al equipo de pesca artesanal y acuicultura del CIEP dos\u00a0<\/span><\/span><span style=\"font-family: georgia, palatino, serif; font-size: 12pt;\"><span class=\"v1ContentPasted0\" dir=\"LTR\">proyectos de investigaci\u00f3n y transferencia de conocimiento en materia de erizo, loco, jaiba y centolla, que ser\u00e1n financiados por el Gobierno Regional de Ays\u00e9n y su Consejo.\u00a0<\/span>\u00a0<\/span><\/p>\n<p class=\"v1MsoNormal\" style=\"text-align: justify;\" align=\"justify\"><span style=\"font-family: georgia, palatino, serif; font-size: 12pt;\"><span class=\"v1ContentPasted0\" dir=\"LTR\">En la actualidad, las pesquer\u00edas de erizo y loco en la Regi\u00f3n de Ays\u00e9n est\u00e1n calificadas como sobreexplotadas e incluso con riesgo de colapso. Sumado a lo anterior, los actuales modelos de gesti\u00f3n pesquera, para ser efectivos, requieren mayor generaci\u00f3n de informaci\u00f3n independiente sobre el estado de los bancos naturales y la pesca para el establecimiento de medidas de administraci\u00f3n y cuotas de captura. Es por ello que resulta indispensable aumentar el conocimiento existente sobre la distribuci\u00f3n y abundancia de recursos bent\u00f3nicos de inter\u00e9s para la pesca artesanal, como lo son el erizo, los locos, jaibas y centollas.\u00a0<\/span>\u00a0<\/span><\/p>\n<p class=\"v1MsoNormal\" style=\"text-align: justify;\" align=\"justify\"><span style=\"font-family: georgia, palatino, serif; font-size: 12pt;\"><span dir=\"LTR\"><span class=\"v1ContentPasted0\">\u00abLa pesca no es s\u00f3lo el motor productivo principal de la regi\u00f3n, sino tambi\u00e9n una actividad que refleja profundamente nuestra cultura e identidad. Por lo mismo, el desarrollo de nuestros territorios y de las y los habitantes insulares y del litoral depende directamente del fortalecimiento de esta disciplina. Investigaciones como esta nos ayudan a comprender nuestro entorno, lo que en t\u00e9rminos de pol\u00edticas p\u00fablicas es informaci\u00f3n esencial para instituciones como el Gobierno Regional, y para la construcci\u00f3n de proyectos y programas que vayan en apoyo a nuestros pescadores y pescadoras\u00bb, manifiesta la Gobernadora de la Regi\u00f3n de Ays\u00e9n, Andrea Mac\u00edas Palma.\u00a0<\/span><\/span>\u00a0<\/span><\/p>\n<p class=\"v1MsoNormal\" style=\"text-align: justify;\" align=\"justify\"><span style=\"font-family: georgia, palatino, serif; font-size: 12pt;\"><span class=\"v1ContentPasted0\" dir=\"LTR\">En particular, se requiere aumentar el volumen de datos sobre estas pesquer\u00edas en las \u00e1reas de libre acceso, para contribuir a la toma decisiones de manejo de manera oportuna y con la mejor informaci\u00f3n cient\u00edfica posible, desde una concepci\u00f3n territorial en la Regi\u00f3n de Ays\u00e9n por parte de los Comit\u00e9s de Manejo regionales y los Comit\u00e9s Cient\u00edficos T\u00e9cnicos de Recursos Bent\u00f3nicos.\u00a0<\/span>\u00a0<\/span><\/p>\n<p class=\"v1MsoNormal\" style=\"text-align: justify;\" align=\"justify\"><span style=\"font-family: georgia, palatino, serif; font-size: 12pt;\"><span class=\"v1ContentPasted0\" dir=\"LTR\">La informaci\u00f3n que se genere ser\u00e1 de gran utilidad para el trabajo que, desde el a\u00f1o 2020, realiza el Comit\u00e9 de Manejo de Crust\u00e1ceos de la Regi\u00f3n de Ays\u00e9n, con el objetivo de desarrollar los planes de manejo con un enfoque que permita la sustentabilidad de estas pesquer\u00edas, favoreciendo la gobernanza y la autogesti\u00f3n de los territorios.\u00a0<\/span>\u00a0<\/span><\/p>\n<p class=\"v1MsoNormal\" style=\"text-align: justify;\" align=\"justify\"><span style=\"font-family: georgia, palatino, serif; font-size: 12pt;\"><span class=\"v1ContentPasted0\" dir=\"LTR\">El director ejecutivo de CIEP, Giovanni Daneri, destaca la importancia del apoyo del Gobierno Regional para obtener m\u00e1s informaci\u00f3n sobre los recursos marinos regionales<\/span><b><span class=\"v1ContentPasted0\" dir=\"LTR\">.\u00a0<\/span><\/b><span dir=\"LTR\"><span class=\"v1ContentPasted0\">\u00abEs posible, gracias a la informaci\u00f3n cient\u00edfica, realizar mejor\u00edas en el manejo de los recursos bent\u00f3nicos, y de esa manera generar una industria que permita convivir entre las necesidades de los pescadores y la sustentabilidad de las especies. Recursos hay, pero necesitamos saber cu\u00e1nto, sus nichos ecol\u00f3gicos y comprender sus ciclos reproductivos para no extinguirlos\u00bb.\u00a0<\/span><\/span>\u00a0<\/span><\/p>\n<p class=\"v1MsoNormal\" style=\"text-align: justify;\" align=\"justify\"><span style=\"font-family: georgia, palatino, serif; font-size: 12pt;\"><b><span class=\"v1ContentPasted0\" dir=\"LTR\">Gesti\u00f3n territorial para el trabajo con las comunidades<\/span><\/b><b>\u00a0<\/b><\/span><\/p>\n<p class=\"v1MsoNormal\" style=\"text-align: justify;\" align=\"justify\"><span style=\"font-family: georgia, palatino, serif; font-size: 12pt;\"><span class=\"v1ContentPasted0\" dir=\"LTR\">En esta iniciativa se ha considerado abordar de manera prioritaria las tem\u00e1ticas de gesti\u00f3n territorial, hecho que potencia el estudio a realizar, englobando el traspaso de la informaci\u00f3n de manera efectiva a las comunidades de pescadores, entidades y organismos responsables, evaluando e implementando los procesos de gobernanza del territorio, mediante mecanismos de difusi\u00f3n y transferencia.\u00a0<\/span>\u00a0<\/span><\/p>\n<p class=\"v1MsoNormal\" style=\"text-align: justify;\" align=\"justify\"><span style=\"font-family: georgia, palatino, serif; font-size: 12pt;\"><span class=\"v1ContentPasted0\" dir=\"LTR\">En cuanto a estos procesos, se busca considerar variables cualitativas en el transcurso de la investigaci\u00f3n, en donde se abordar\u00e1n dos polos en la intervenci\u00f3n: la gobernanza territorial y la caracterizaci\u00f3n socio-ecol\u00f3gica de los espacios, con trabajo en terreno junto a las comunidades de pescadores artesanales y sus redes de articulaci\u00f3n asociadas. Las campa\u00f1as se iniciar\u00e1n en mayo del 2023 y se extender\u00e1n hasta fines del 2024. Para solicitar m\u00e1s informaci\u00f3n se puede escribir al correo electr\u00f3nico carolina.castro@ciep.cl.<\/span>\u00a0<\/span><\/p>\n<\/div><\/section><\/div><div  style='height:50px' class='hr hr-invisible   avia-builder-el-6  el_after_av_one_full  el_before_av_social_share '><span class='hr-inner ' ><span class='hr-inner-style'><\/span><\/span><\/div><\/p>\n<div  class='av-social-sharing-box  avia-builder-el-7  el_after_av_hr  el_before_av_hr  '><div class='av-share-box'><h5 class='av-share-link-description av-no-toc '>Compartir esta noticia<\/h5><ul class='av-share-box-list noLightbox'><li class='av-share-link av-social-link-facebook' ><a target=\"_blank\" aria-label=\"Compartir en Facebook\" href='https:\/\/www.facebook.com\/sharer.php?u=https:\/\/radiorevelacionfm.cl\/?p=30738&#038;t=Gobierno%20Regional%20de%20Ays%C3%A9n%20financia%20investigaciones%20para%20obtener%20mayor%20informaci%C3%B3n%20sobre%20los%20recursos%20pesqueros%20del%20territorio' aria-hidden='false' data-av_icon='\ue8f3' data-av_iconfont='entypo-fontello' title='' data-avia-related-tooltip='Compartir en Facebook' rel=\"noopener\"><span class='avia_hidden_link_text'>Compartir en Facebook<\/span><\/a><\/li><li class='av-share-link av-social-link-twitter' ><a target=\"_blank\" aria-label=\"Compartir en Twitter\" href='https:\/\/twitter.com\/share?text=Gobierno%20Regional%20de%20Ays%C3%A9n%20financia%20investigaciones%20para%20obtener%20mayor%20informaci%C3%B3n%20sobre%20los%20recursos%20pesqueros%20del%20territorio&#038;url=https:\/\/radiorevelacionfm.cl\/?p=30738' aria-hidden='false' data-av_icon='\ue8f1' data-av_iconfont='entypo-fontello' title='' data-avia-related-tooltip='Compartir en Twitter' rel=\"noopener\"><span class='avia_hidden_link_text'>Compartir en Twitter<\/span><\/a><\/li><li class='av-share-link av-social-link-whatsapp' ><a target=\"_blank\" aria-label=\"Compartir en Whatsapp\" href='https:\/\/api.whatsapp.com\/send?text=https:\/\/radiorevelacionfm.cl\/?p=30738' aria-hidden='false' data-av_icon='\uf232' data-av_iconfont='entypo-fontello' title='' data-avia-related-tooltip='Compartir en Whatsapp' rel=\"noopener\"><span class='avia_hidden_link_text'>Compartir en Whatsapp<\/span><\/a><\/li><li class='av-share-link av-social-link-linkedin' ><a target=\"_blank\" aria-label=\"Compartir en LinkedIn\" href='https:\/\/linkedin.com\/shareArticle?mini=true&#038;title=Gobierno%20Regional%20de%20Ays%C3%A9n%20financia%20investigaciones%20para%20obtener%20mayor%20informaci%C3%B3n%20sobre%20los%20recursos%20pesqueros%20del%20territorio&#038;url=https:\/\/radiorevelacionfm.cl\/?p=30738' aria-hidden='false' data-av_icon='\ue8fc' data-av_iconfont='entypo-fontello' title='' data-avia-related-tooltip='Compartir en LinkedIn' rel=\"noopener\"><span class='avia_hidden_link_text'>Compartir en LinkedIn<\/span><\/a><\/li><li class='av-share-link av-social-link-mail' ><a  aria-label=\"Compartir por correo\" href='mailto:?subject=Gobierno%20Regional%20de%20Ays%C3%A9n%20financia%20investigaciones%20para%20obtener%20mayor%20informaci%C3%B3n%20sobre%20los%20recursos%20pesqueros%20del%20territorio&#038;body=https:\/\/radiorevelacionfm.cl\/?p=30738' aria-hidden='false' data-av_icon='\ue805' data-av_iconfont='entypo-fontello' title='' data-avia-related-tooltip='Compartir por correo'><span class='avia_hidden_link_text'>Compartir por correo<\/span><\/a><\/li><\/ul><\/div><\/div>\n<div  style='height:50px' class='hr hr-invisible   avia-builder-el-8  el_after_av_social_share  el_before_av_comments_list '><span class='hr-inner ' ><span class='hr-inner-style'><\/span><\/span><\/div>\n<div  class='av-buildercomment  av-blog-meta-html-info-disabled av-blog-meta-tag-disabled  '><\/div>\n","protected":false},"excerpt":{"rendered":"","protected":false},"author":1,"featured_media":30739,"comment_status":"open","ping_status":"open","sticky":false,"template":"","format":"standard","meta":{"footnotes":""},"categories":[38],"tags":[],"class_list":["post-30738","post","type-post","status-publish","format-standard","has-post-thumbnail","hentry","category-regional"],"jetpack_featured_media_url":"https:\/\/radiorevelacionfm.cl\/wp-content\/uploads\/2023\/05\/img_9579-3-1-1_optimized.jpg","_links":{"self":[{"href":"https:\/\/radiorevelacionfm.cl\/index.php?rest_route=\/wp\/v2\/posts\/30738","targetHints":{"allow":["GET"]}}],"collection":[{"href":"https:\/\/radiorevelacionfm.cl\/index.php?rest_route=\/wp\/v2\/posts"}],"about":[{"href":"https:\/\/radiorevelacionfm.cl\/index.php?rest_route=\/wp\/v2\/types\/post"}],"author":[{"embeddable":true,"href":"https:\/\/radiorevelacionfm.cl\/index.php?rest_route=\/wp\/v2\/users\/1"}],"replies":[{"embeddable":true,"href":"https:\/\/radiorevelacionfm.cl\/index.php?rest_route=%2Fwp%2Fv2%2Fcomments&post=30738"}],"version-history":[{"count":1,"href":"https:\/\/radiorevelacionfm.cl\/index.php?rest_route=\/wp\/v2\/posts\/30738\/revisions"}],"predecessor-version":[{"id":30740,"href":"https:\/\/radiorevelacionfm.cl\/index.php?rest_route=\/wp\/v2\/posts\/30738\/revisions\/30740"}],"wp:featuredmedia":[{"embeddable":true,"href":"https:\/\/radiorevelacionfm.cl\/index.php?rest_route=\/wp\/v2\/media\/30739"}],"wp:attachment":[{"href":"https:\/\/radiorevelacionfm.cl\/index.php?rest_route=%2Fwp%2Fv2%2Fmedia&parent=30738"}],"wp:term":[{"taxonomy":"category","embeddable":true,"href":"https:\/\/radiorevelacionfm.cl\/index.php?rest_route=%2Fwp%2Fv2%2Fcategories&post=30738"},{"taxonomy":"post_tag","embeddable":true,"href":"https:\/\/radiorevelacionfm.cl\/index.php?rest_route=%2Fwp%2Fv2%2Ftags&post=30738"}],"curies":[{"name":"wp","href":"https:\/\/api.w.org\/{rel}","templated":true}]}}