{"id":30735,"date":"2023-05-05T11:35:18","date_gmt":"2023-05-05T14:35:18","guid":{"rendered":"https:\/\/radiorevelacionfm.cl\/?p=30735"},"modified":"2023-05-05T11:35:18","modified_gmt":"2023-05-05T14:35:18","slug":"alta-adhesion-de-usuarios-y-usuarias-marcaron-apertura-de-agenda-mensual-en-terreno-del-cesfam-en-aysen","status":"publish","type":"post","link":"https:\/\/radiorevelacionfm.cl\/?p=30735","title":{"rendered":"Alta adhesi\u00f3n de usuarios y usuarias marcaron apertura de agenda mensual en terreno del CESFAM en Ays\u00e9n"},"content":{"rendered":"<div class=\"flex_column av_one_full  flex_column_div av-zero-column-padding first  avia-builder-el-0  el_before_av_one_full  avia-builder-el-first  \" style='border-radius:0px; '><div  class='avia-image-container  av-styling-    avia-builder-el-1  avia-builder-el-no-sibling  avia-align-center '  itemprop=\"image\" itemscope=\"itemscope\" itemtype=\"https:\/\/schema.org\/ImageObject\"  ><div class='avia-image-container-inner'><div class='avia-image-overlay-wrap'><img decoding=\"async\" class='wp-image-30736 avia-img-lazy-loading-not-30736 avia_image' src=\"https:\/\/radiorevelacionfm.cl\/wp-content\/uploads\/2023\/05\/img-horasagenda4-1.jpeg\" alt='' title='img-horasagenda4 (1)' height=\"625\" width=\"1028\"  itemprop=\"thumbnailUrl\" srcset=\"https:\/\/radiorevelacionfm.cl\/wp-content\/uploads\/2023\/05\/img-horasagenda4-1.jpeg 1028w, https:\/\/radiorevelacionfm.cl\/wp-content\/uploads\/2023\/05\/img-horasagenda4-1-300x182.jpeg 300w, https:\/\/radiorevelacionfm.cl\/wp-content\/uploads\/2023\/05\/img-horasagenda4-1-768x467.jpeg 768w, https:\/\/radiorevelacionfm.cl\/wp-content\/uploads\/2023\/05\/img-horasagenda4-1-705x429.jpeg 705w, https:\/\/radiorevelacionfm.cl\/wp-content\/uploads\/2023\/05\/img-horasagenda4-1-450x274.jpeg 450w, https:\/\/radiorevelacionfm.cl\/wp-content\/uploads\/2023\/05\/img-horasagenda4-1-600x365.jpeg 600w\" sizes=\"(max-width: 1028px) 100vw, 1028px\" \/><\/div><\/div><\/div><\/div><div class=\"flex_column av_one_full  flex_column_div av-zero-column-padding first  avia-builder-el-2  el_after_av_one_full  el_before_av_one_full  column-top-margin\" style='border-radius:0px; '><section class=\"av_textblock_section \"  itemscope=\"itemscope\" itemtype=\"https:\/\/schema.org\/BlogPosting\" itemprop=\"blogPost\" ><div class='avia_textblock  '   itemprop=\"text\" ><p style=\"text-align: center;\"><strong><span style=\"font-size: 18pt;\">Alta adhesi\u00f3n de usuarios y usuarias marcaron apertura de agenda mensual en terreno del CESFAM en Ays\u00e9n<\/span><\/strong><\/p>\n<div id=\"gtx-trans\" style=\"position: absolute; left: -50px; top: 4.31534px;\">\n<div class=\"gtx-trans-icon\"><\/div>\n<\/div>\n<\/div><\/section><\/div><div class=\"flex_column av_one_full  flex_column_div av-zero-column-padding first  avia-builder-el-4  el_after_av_one_full  el_before_av_hr  column-top-margin\" style='border-radius:0px; '><section class=\"av_textblock_section \"  itemscope=\"itemscope\" itemtype=\"https:\/\/schema.org\/BlogPosting\" itemprop=\"blogPost\" ><div class='avia_textblock  '   itemprop=\"text\" ><p style=\"text-align: justify;\">\u201cCesfam en Terreno\u201d es el nombre que lleva uno de los cambios m\u00e1s sustanciales de la actual administraci\u00f3n del Centro de Salud Familiar de Puerto Ays\u00e9n, liderado por la Dra. Milenka Adofacci Zamora. Esta iniciativa busca acercar a los usuarios del recinto la daci\u00f3n de las horas contempladas en la agenda m\u00e9dica mensual, es as\u00ed como por primera vez se efectu\u00f3 este operativo desde tres sectores de forma simult\u00e1nea, un hito ampliamente valorado porque entre sus beneficios se encuentra la descongesti\u00f3n de la antigua zona hospital para el primer d\u00eda h\u00e1bil del mes y termina con la hist\u00f3rica fila de las 05:00 am para acceder a estas prestaciones.<\/p>\n<p style=\"text-align: justify;\">Para lograr este objetivo el Cesfam traslad\u00f3 a sus equipos profesionales y administrativos hasta la Biblioteca P\u00fablica de Ays\u00e9n, la Tavu (Ruka) en Ribera Sur y la sede del sector Pedro Aguirre Cerda para efectuar los respectivos agendamientos y, adem\u00e1s, aprovechar la instancia para avanzar con la campa\u00f1a de vacunaci\u00f3n con La Dupla (Influenza + COVID-19).<\/p>\n<p style=\"text-align: justify;\">Al respecto, la directora del Centro de Salud Familiar en Puerto Ays\u00e9n, Dra. Milenka Adofacci Zamora, expres\u00f3 la felicidad generada en el recinto tras el desarrollo de la actividad. \u201cPudimos ver un despliegue completo de los tres sectores verde, amarillo, y rojo en nuestra comuna y abrimos con bombos de platillos, despu\u00e9s de la elecci\u00f3n de la \u00faltima elecci\u00f3n de directiva en la junta de vecinos de Pedro Aguirre Cerda el sector rojo, con un despliegue realmente maravilloso.\u201d<\/p>\n<p style=\"text-align: justify;\">Asimismo, la personera de Salud Primaria en la comuna porte\u00f1a de explic\u00f3 las mejoras sustantivas que esto trae para los usuarios respecto a la confortabilidad y calidez. \u201cEs muy gratificante para nosotros ver que estas iniciativas son apreciadas por la comunidad, que nos piden que sigamos replic\u00e1ndolas en los pr\u00f3ximos meses y es nuestro compromiso como administraci\u00f3n actual el desplegarnos en los territorios para poder llegar de mejor manera a los usuarios con los servicios que ofrece nuestro Cesfam\u201d.<\/p>\n<p style=\"text-align: justify;\">En tanto, distintos vecinos de Puerto Ays\u00e9n abordaron los beneficios que el \u201cCesfam en terreno\u201d significa para ellos. Este es el caso de Gloria Coloane, quien relat\u00f3 el cambio sustancial desde la espera que antiguamente se hac\u00eda antes de las 06:00 am por una atenci\u00f3n m\u00e1s ordenada desde las 09:00 am. \u201cEs una buena oportunidad para nosotros que vivimos tan lejos y por las ma\u00f1anas cuesta tener movilizaci\u00f3n para acercarnos al Cesfam y esto me parece fant\u00e1stico, muy bueno todo, la atenci\u00f3n, igual todo muy bueno\u201d declar\u00f3.<\/p>\n<p style=\"text-align: justify;\">Por su parte, la hist\u00f3rica dirigenta de la comuna porte\u00f1a, Leda Andrade, relev\u00f3 que \u201ces una muy buena instancia, porque, as\u00ed como nosotros que somos grupos de adultos mayor, tambi\u00e9n hay mam\u00e1s que tienen ni\u00f1os chicos, por lo menos estamos en un lugar bien abrigado, est\u00e1n todos sentaditos. Yo encuentro que es muy bueno, muy bueno. Me alegro porque por todos nosotros y ojal\u00e1 sigamos as\u00ed\u201d.<\/p>\n<p style=\"text-align: justify;\">Finalmente, Ruth Puinao, quien concurri\u00f3 tambi\u00e9n hasta uno de los sectores habilitados para la entrega de horas correspondiente a la agenda m\u00e9dica mensual y destac\u00f3 que \u201cse le agradece la gesti\u00f3n a las personas que hicieron posible esto, ya que para sacar una hora en el Cesfam hab\u00eda que estar a las 05:00 am y muchas veces no se alcanzaba el cupo. Entonces esto es maravilloso\u201d, puntualiz\u00f3 Puinao.<\/p>\n<\/div><\/section><\/div><div  style='height:50px' class='hr hr-invisible   avia-builder-el-6  el_after_av_one_full  el_before_av_social_share '><span class='hr-inner ' ><span class='hr-inner-style'><\/span><\/span><\/div><\/p>\n<div  class='av-social-sharing-box  avia-builder-el-7  el_after_av_hr  el_before_av_hr  '><div class='av-share-box'><h5 class='av-share-link-description av-no-toc '>Compartir esta noticia<\/h5><ul class='av-share-box-list noLightbox'><li class='av-share-link av-social-link-facebook' ><a target=\"_blank\" aria-label=\"Compartir en Facebook\" href='https:\/\/www.facebook.com\/sharer.php?u=https:\/\/radiorevelacionfm.cl\/?p=30735&#038;t=Alta%20adhesi%C3%B3n%20de%20usuarios%20y%20usuarias%20marcaron%20apertura%20de%20agenda%20mensual%20en%20terreno%20del%20CESFAM%20en%20Ays%C3%A9n' aria-hidden='false' data-av_icon='\ue8f3' data-av_iconfont='entypo-fontello' title='' data-avia-related-tooltip='Compartir en Facebook' rel=\"noopener\"><span class='avia_hidden_link_text'>Compartir en Facebook<\/span><\/a><\/li><li class='av-share-link av-social-link-twitter' ><a target=\"_blank\" aria-label=\"Compartir en Twitter\" href='https:\/\/twitter.com\/share?text=Alta%20adhesi%C3%B3n%20de%20usuarios%20y%20usuarias%20marcaron%20apertura%20de%20agenda%20mensual%20en%20terreno%20del%20CESFAM%20en%20Ays%C3%A9n&#038;url=https:\/\/radiorevelacionfm.cl\/?p=30735' aria-hidden='false' data-av_icon='\ue8f1' data-av_iconfont='entypo-fontello' title='' data-avia-related-tooltip='Compartir en Twitter' rel=\"noopener\"><span class='avia_hidden_link_text'>Compartir en Twitter<\/span><\/a><\/li><li class='av-share-link av-social-link-whatsapp' ><a target=\"_blank\" aria-label=\"Compartir en Whatsapp\" href='https:\/\/api.whatsapp.com\/send?text=https:\/\/radiorevelacionfm.cl\/?p=30735' aria-hidden='false' data-av_icon='\uf232' data-av_iconfont='entypo-fontello' title='' data-avia-related-tooltip='Compartir en Whatsapp' rel=\"noopener\"><span class='avia_hidden_link_text'>Compartir en Whatsapp<\/span><\/a><\/li><li class='av-share-link av-social-link-linkedin' ><a target=\"_blank\" aria-label=\"Compartir en LinkedIn\" href='https:\/\/linkedin.com\/shareArticle?mini=true&#038;title=Alta%20adhesi%C3%B3n%20de%20usuarios%20y%20usuarias%20marcaron%20apertura%20de%20agenda%20mensual%20en%20terreno%20del%20CESFAM%20en%20Ays%C3%A9n&#038;url=https:\/\/radiorevelacionfm.cl\/?p=30735' aria-hidden='false' data-av_icon='\ue8fc' data-av_iconfont='entypo-fontello' title='' data-avia-related-tooltip='Compartir en LinkedIn' rel=\"noopener\"><span class='avia_hidden_link_text'>Compartir en LinkedIn<\/span><\/a><\/li><li class='av-share-link av-social-link-mail' ><a  aria-label=\"Compartir por correo\" href='mailto:?subject=Alta%20adhesi%C3%B3n%20de%20usuarios%20y%20usuarias%20marcaron%20apertura%20de%20agenda%20mensual%20en%20terreno%20del%20CESFAM%20en%20Ays%C3%A9n&#038;body=https:\/\/radiorevelacionfm.cl\/?p=30735' aria-hidden='false' data-av_icon='\ue805' data-av_iconfont='entypo-fontello' title='' data-avia-related-tooltip='Compartir por correo'><span class='avia_hidden_link_text'>Compartir por correo<\/span><\/a><\/li><\/ul><\/div><\/div>\n<div  style='height:50px' class='hr hr-invisible   avia-builder-el-8  el_after_av_social_share  el_before_av_comments_list '><span class='hr-inner ' ><span class='hr-inner-style'><\/span><\/span><\/div>\n<div  class='av-buildercomment  av-blog-meta-html-info-disabled av-blog-meta-tag-disabled  '><\/div>\n","protected":false},"excerpt":{"rendered":"","protected":false},"author":1,"featured_media":30736,"comment_status":"open","ping_status":"open","sticky":false,"template":"","format":"standard","meta":{"footnotes":""},"categories":[46],"tags":[],"class_list":["post-30735","post","type-post","status-publish","format-standard","has-post-thumbnail","hentry","category-salud"],"jetpack_featured_media_url":"https:\/\/radiorevelacionfm.cl\/wp-content\/uploads\/2023\/05\/img-horasagenda4-1.jpeg","_links":{"self":[{"href":"https:\/\/radiorevelacionfm.cl\/index.php?rest_route=\/wp\/v2\/posts\/30735","targetHints":{"allow":["GET"]}}],"collection":[{"href":"https:\/\/radiorevelacionfm.cl\/index.php?rest_route=\/wp\/v2\/posts"}],"about":[{"href":"https:\/\/radiorevelacionfm.cl\/index.php?rest_route=\/wp\/v2\/types\/post"}],"author":[{"embeddable":true,"href":"https:\/\/radiorevelacionfm.cl\/index.php?rest_route=\/wp\/v2\/users\/1"}],"replies":[{"embeddable":true,"href":"https:\/\/radiorevelacionfm.cl\/index.php?rest_route=%2Fwp%2Fv2%2Fcomments&post=30735"}],"version-history":[{"count":1,"href":"https:\/\/radiorevelacionfm.cl\/index.php?rest_route=\/wp\/v2\/posts\/30735\/revisions"}],"predecessor-version":[{"id":30737,"href":"https:\/\/radiorevelacionfm.cl\/index.php?rest_route=\/wp\/v2\/posts\/30735\/revisions\/30737"}],"wp:featuredmedia":[{"embeddable":true,"href":"https:\/\/radiorevelacionfm.cl\/index.php?rest_route=\/wp\/v2\/media\/30736"}],"wp:attachment":[{"href":"https:\/\/radiorevelacionfm.cl\/index.php?rest_route=%2Fwp%2Fv2%2Fmedia&parent=30735"}],"wp:term":[{"taxonomy":"category","embeddable":true,"href":"https:\/\/radiorevelacionfm.cl\/index.php?rest_route=%2Fwp%2Fv2%2Fcategories&post=30735"},{"taxonomy":"post_tag","embeddable":true,"href":"https:\/\/radiorevelacionfm.cl\/index.php?rest_route=%2Fwp%2Fv2%2Ftags&post=30735"}],"curies":[{"name":"wp","href":"https:\/\/api.w.org\/{rel}","templated":true}]}}