{"id":30732,"date":"2023-05-05T11:07:11","date_gmt":"2023-05-05T14:07:11","guid":{"rendered":"https:\/\/radiorevelacionfm.cl\/?p=30732"},"modified":"2023-05-05T11:07:11","modified_gmt":"2023-05-05T14:07:11","slug":"entregan-a-comunidad-de-chile-chico-anteproyecto-final-del-diseno-de-nave-complementaria-que-operara-en-el-lago-general-carrera","status":"publish","type":"post","link":"https:\/\/radiorevelacionfm.cl\/?p=30732","title":{"rendered":"Entregan a comunidad de Chile Chico anteproyecto final del dise\u00f1o de nave complementaria que operar\u00e1 en el Lago General Carrera"},"content":{"rendered":"<div class=\"flex_column av_one_full  flex_column_div av-zero-column-padding first  avia-builder-el-0  el_before_av_one_full  avia-builder-el-first  \" style='border-radius:0px; '><div  class='avia-image-container  av-styling-    avia-builder-el-1  avia-builder-el-no-sibling  avia-align-center '  itemprop=\"image\" itemscope=\"itemscope\" itemtype=\"https:\/\/schema.org\/ImageObject\"  ><div class='avia-image-container-inner'><div class='avia-image-overlay-wrap'><img decoding=\"async\" class='wp-image-30733 avia-img-lazy-loading-not-30733 avia_image' src=\"https:\/\/radiorevelacionfm.cl\/wp-content\/uploads\/2023\/05\/pac-nave-2-1_optimized.jpg\" alt='' title='pac-nave-2-(1)_optimized' height=\"600\" width=\"1388\"  itemprop=\"thumbnailUrl\" srcset=\"https:\/\/radiorevelacionfm.cl\/wp-content\/uploads\/2023\/05\/pac-nave-2-1_optimized.jpg 1388w, https:\/\/radiorevelacionfm.cl\/wp-content\/uploads\/2023\/05\/pac-nave-2-1_optimized-300x130.jpg 300w, https:\/\/radiorevelacionfm.cl\/wp-content\/uploads\/2023\/05\/pac-nave-2-1_optimized-1030x445.jpg 1030w, https:\/\/radiorevelacionfm.cl\/wp-content\/uploads\/2023\/05\/pac-nave-2-1_optimized-768x332.jpg 768w, https:\/\/radiorevelacionfm.cl\/wp-content\/uploads\/2023\/05\/pac-nave-2-1_optimized-705x305.jpg 705w, https:\/\/radiorevelacionfm.cl\/wp-content\/uploads\/2023\/05\/pac-nave-2-1_optimized-450x195.jpg 450w, https:\/\/radiorevelacionfm.cl\/wp-content\/uploads\/2023\/05\/pac-nave-2-1_optimized-600x259.jpg 600w\" sizes=\"(max-width: 1388px) 100vw, 1388px\" \/><\/div><\/div><\/div><\/div><div class=\"flex_column av_one_full  flex_column_div av-zero-column-padding first  avia-builder-el-2  el_after_av_one_full  el_before_av_one_full  column-top-margin\" style='border-radius:0px; '><section class=\"av_textblock_section \"  itemscope=\"itemscope\" itemtype=\"https:\/\/schema.org\/BlogPosting\" itemprop=\"blogPost\" ><div class='avia_textblock  '   itemprop=\"text\" ><p style=\"text-align: center;\"><strong><span style=\"font-size: 18pt;\">Entregan a comunidad de Chile Chico anteproyecto final del dise\u00f1o de nave complementaria que operar\u00e1 en el Lago General Carrera<\/span><\/strong><\/p>\n<div id=\"gtx-trans\" style=\"position: absolute; left: -50px; top: 4.31534px;\">\n<div class=\"gtx-trans-icon\"><\/div>\n<\/div>\n<\/div><\/section><\/div><div class=\"flex_column av_one_full  flex_column_div av-zero-column-padding first  avia-builder-el-4  el_after_av_one_full  el_before_av_hr  column-top-margin\" style='border-radius:0px; '><section class=\"av_textblock_section \"  itemscope=\"itemscope\" itemtype=\"https:\/\/schema.org\/BlogPosting\" itemprop=\"blogPost\" ><div class='avia_textblock  '   itemprop=\"text\" ><p style=\"text-align: justify;\">El Secretario Regional Ministerial de Obras P\u00fablicas, Patricio Sanhueza Ulloa junto al Jefe de Naves de la Direcci\u00f3n Nacional de Obras Portuarias del MOP Christian Wunderlich, el Director Regional de Obras Portuarias del MOP \u00c1lvaro D\u00edaz y equipo de profesionales del \u00e1rea, esta semana viajaron a Chile Chico para exponer a la comunidad el anteproyecto final de Dise\u00f1o de la nave complementaria que en el futuro operar\u00e1 en el lago General Carrera, sum\u00e1ndose al transbordador La Tehuelche.<\/p>\n<p style=\"text-align: justify;\">As\u00ed lo refrend\u00f3 el SEREMI del MOP Patricio Sanhueza, quien indic\u00f3 \u201chemos venido a entregar a la comunidad de Chile Chico el anteproyecto final de Dise\u00f1o de la nueva nave complementaria para el lago General Carrera. Este es un compromiso que realiz\u00f3 nuestro presidente Gabriel Boric en su \u00faltima visita a la regi\u00f3n y es muy importante, porque en un escenario cr\u00edtico de conectividad, las y los vecinos confiaron en nosotros y participaron activamente en la construcci\u00f3n conjunta de este Dise\u00f1o. Con esto terminamos el anteproyecto y ahora estamos en condiciones de llamar a licitaci\u00f3n el Dise\u00f1o final y construcci\u00f3n de la nueva nave complementaria durante este a\u00f1o. Estamos felices por la participaci\u00f3n de la ciudadan\u00eda, as\u00ed como tambi\u00e9n con la presencia del Delegado presidencial de la provincia General Carrera Crist\u00f3bal Barcel\u00f3, Concejales, Consejeras Regionales, as\u00ed como tambi\u00e9n de la directiva de la Uni\u00f3n Comunal de Juntas de Vecinos en donde Patricio Zumelzu tuvo un rol muy relevante como gestor de m\u00e1s de 1000 firmas para pedir una nueva nave de igual o superior caracter\u00edsticas que el transbordador La Tehuelche, lo \u00a0que con este anteproyecto de Dise\u00f1o tambi\u00e9n se ha cumplido\u201d.<\/p>\n<p style=\"text-align: justify;\">Para llegar a este punto, en el mes de septiembre del a\u00f1o 2022 la Direcci\u00f3n Regional de Obras Portuarias (DOP-MOP) comenz\u00f3 a realizar diversas gestiones con el objeto de generar un proceso democr\u00e1tico, localizado, informado y trabajo conjunto con las personas usuarias de la nueva embarcaci\u00f3n, en un Dise\u00f1o de nave acorde con sus necesidades. Para el logro de este objetivo, la DOP-MOP efectu\u00f3 reuniones de participaci\u00f3n ciudadana, aplicaron 450 encuestas a la comunidad para conocer sus requerimientos espec\u00edficos de embarcaciones, realiz\u00f3 dos anteproyectos de Dise\u00f1o y se llev\u00f3 a efecto una votaci\u00f3n por parte de la ciudadan\u00eda para que fuera la propia comunidad la que manifestara su preferencia entre tres tipos de embarcaciones posibles en donde se emitieron m\u00e1s de 700 votos, eligiendo finalmente el 80% de los votantes el Dise\u00f1o n\u00famero dos, el que fue estudiado y perfeccionado\u00a0 por la escuela de Ingenier\u00eda Naval de la Universidad Austral de Chile, quienes efectuaron sus aportes y mejoramiento al anteproyecto de Dise\u00f1o que fue presentado a la comunidad en esta oportunidad.<\/p>\n<p style=\"text-align: justify;\">\u201cLa nueva embarcaci\u00f3n tiene una capacidad de 288 pasajeros m\u00e1s 12 tripulantes, 252 metros lineales de carga (56 veh\u00edculos-4,5m) y considera accesibilidad universal; \u00a0ser\u00e1 una embarcaci\u00f3n h\u00edbrida, por lo tanto tendr\u00e1 propulsi\u00f3n di\u00e9sel y propulsi\u00f3n el\u00e9ctrica, considera un casco con forma hidrodin\u00e1mica lo que disminuir\u00e1 la resistencia al avance en el agua y se analiz\u00f3 el efecto del viento, logrando con ello una eficiencia importante en la disminuci\u00f3n en el gasto de combustible en 40%, aproximadamente; la embarcaci\u00f3n podr\u00e1 operar a una velocidad de 13 nudos y el tiempo de navegaci\u00f3n se acortar\u00e1 a 1 hora y media en condiciones \u00f3ptimas \u00a0de navegaci\u00f3n y sin considerar los tiempos de embarque y desembarque. Este a\u00f1o llamaremos a licitaci\u00f3n el Dise\u00f1o y construcci\u00f3n de la nueva embarcaci\u00f3n\u201d, asegur\u00f3 el SEREMI Patricio Sanhueza.<\/p>\n<p style=\"text-align: justify;\">Uno de los asistentes a la reuni\u00f3n fue \u00a0V\u00edctor Zumelzu, presidente de la Junta de Vecinos N\u00b011 de Chile Chico quien se\u00f1al\u00f3 \u201cviendo la exposici\u00f3n de los profesionales hoy d\u00eda hemos avanzado mucho en relaci\u00f3n a una nueva embarcaci\u00f3n, que es un sue\u00f1o de toda la comuna, de tener al fin una nave que de conectividad en forma m\u00e1s directa a Chile Chico, ya que en estos a\u00f1os para atr\u00e1s hemos sido muy postergados por diferentes fallas, en las naves Pilchero, Tehuelche y \u00a0Chelenco y esto ha ido en contra de la econom\u00eda y desarrollo de Chile Chico ya sea para el turismo y comercio. Todos hemos sido afectados, pero hoy quedo muy contento de que hayan tra\u00eddo soluciones concretas, hicieron una exposici\u00f3n muy bonita y explicaron en forma muy f\u00e1cil y din\u00e1mica de entender las posibilidades de esta nave que viene a suplir una buena conectividad para nosotros\u201d.<\/p>\n<p style=\"text-align: justify;\">Por su parte, Juli\u00e1n V\u00e1squez, vecino de Chile Chico con relaci\u00f3n a la exposici\u00f3n del anteproyecto final del Dise\u00f1o destac\u00f3 que le pareci\u00f3 muy clara. \u201cA los ciudadanos nos qued\u00f3 claro en lo que est\u00e1n trabajando, las personas que integran el equipo de trabajo, y nos queda claro lo que viene y qu\u00e9 es lo que como ciudadanos podemos esperar. Para los chilechiquenses es important\u00edsimo tener claridad de los procesos que vienen, as\u00ed no nos hacemos falsas expectativas, o empiezan los comentarios. Nos informaron muy bien acerca de los pasos que vienen, cu\u00e1ndo vienen y cu\u00e1ndo debemos esperarlos. Entonces, muy agradecidos por la informaci\u00f3n, porque la democratizaci\u00f3n de la informaci\u00f3n hace que todos estemos claritos y sepamos lo que viene\u201d.<\/p>\n<p style=\"text-align: justify;\">El Director Regional de Obras Portuarias del MOP \u00c1lvaro Diaz Contreras manifest\u00f3 su conformidad con el resultado de la reuni\u00f3n y agreg\u00f3 \u201cnos hemos ido muy contentos y satisfechos de la percepci\u00f3n que tuvimos de la comunidad, del reconocimiento que hicieron a nuestro trabajo, a un trabajo dedicado, profesional del equipo de la Direcci\u00f3n Regional de Obras Portuarias en conjunto con la Universidad Austral de Chile, y siempre con el apoyo de nuestra Serem\u00eda de Obras P\u00fablicas, por lo tanto nos vamos muy contentos de los resultados obtenidos y a seguir cumpliendo lo comprometido con la comunidad\u201d<\/p>\n<p style=\"text-align: justify;\">El Delegado presidencial de la provincia General Carrera, Cristobal Barcel\u00f3 expres\u00f3 su opini\u00f3n acerca del trabajo con la comunidad que se realiz\u00f3 para consolidar este Dise\u00f1o indicando al respecto que \u201cen esta \u00faltima etapa de participaci\u00f3n ciudadana ya podemos ver frutos, un Dise\u00f1o, un trabajo que lleva muchos meses de desarrollo tanto por los profesionales de la Direcci\u00f3n Regional de Obras Portuarias del MOP como de la Universidad Austral de Chile quienes participaron directamente en este proceso. Considero que la alternativa que eligi\u00f3 la comunidad es correcta, y va a permitir tener un mejor servicio, eficiencia en el transporte y mayor capacidad de pasajeros. Son beneficios que esperamos tener en el corto plazo, ya estamos hablando de tener el a\u00f1o 2026 esta barcaza navegando en nuestro lago, lo que nos llena de esperanza, pero tambi\u00e9n nos genera el desaf\u00edo, como gobierno de mantenernos atentos a todo el proceso para que se vaya cumpliendo cada etapa y en el futuro podamos contar con esta barcaza que esperamos todos\u201d.<\/p>\n<p style=\"text-align: justify;\">El Concejal por la comuna de Chile Chico, Ariel Keim Hermosilla dijo haber quedado bastante conforme con la presentaci\u00f3n que se realiz\u00f3 y a\u00f1adi\u00f3: \u201cPoder conocer este anteproyecto tan esperado por toda la comunidad, donde desde su g\u00e9nesis cuando comenzamos a insistir como comunidad en que era absolutamente necesario tener una segunda embarcaci\u00f3n navegando en el lago General Carrera que acompa\u00f1e a la nave La Tehuelche se hablaron de varios modelos y hab\u00eda distintas opiniones de lo que quer\u00edamos. Finalmente, destacar el proceso que fue absolutamente democr\u00e1tico y con consulta a la comunidad, y en donde se hicieron encuestas incluso puerta a puerta para poder definir qu\u00e9 embarcaci\u00f3n necesit\u00e1bamos. Hoy ya tenemos el anteproyecto de la segunda embarcaci\u00f3n, la que incluso es de mejor tama\u00f1o y capacidad tanto de carga como de pasajeros que la actual Barcaza La Tehuelche. As\u00ed que hay bastantes expectativas y por supuesto vamos a estar muy cerca en los siguientes pasos que vienen para que ojal\u00e1 dentro de los plazos contemplados, se pueda ejecutar de la mejor manera\u201d.<\/p>\n<p style=\"text-align: justify;\">Por su parte, Mario Figueroa, Concejal por la comuna de Chile Chico expres\u00f3 \u201cquedamos bastante contentos, optimistas y satisfechos de esta nueva participaci\u00f3n ciudadana. La verdad es que hoy d\u00eda comenzamos a ver luces de lo que va a ser la embarcaci\u00f3n complementaria para la Ruta lacustre Chile Chico-Puerto Ib\u00e1\u00f1ez. Pasamos momentos cr\u00edticos, pasamos momentos dif\u00edciles, pero hoy d\u00eda quiero agradecer la disposici\u00f3n que ha tenido todo el equipo del MOP, de Obras Portuarias, la gente de la Academia que tambi\u00e9n ha estado ac\u00e1 hoy, y al Delegado, porque vemos que avanzamos. Hoy d\u00eda ya nos muestran el Dise\u00f1o de una nave que escogi\u00f3 la propia comunidad en otro proceso de participaci\u00f3n ciudadana anterior. Vemos con optimismo el proceso, y esperamos que avancen r\u00e1pido los temas administrativos para que podamos tener esta nueva embarcaci\u00f3n pronto, porque junto con otorgar conectividad, tambi\u00e9n entrega dinamismo a la econom\u00eda local. Chile Chico por excelencia es una zona tur\u00edstica y hoy d\u00eda con esta nueva embarcaci\u00f3n seguramente vamos a atraer y vamos a reforzar m\u00e1s el tema tur\u00edstico, as\u00ed que quedamos contentos, satisfechos y esperamos que los temas administrativos fluyan r\u00e1pido, que no hayan inconvenientes para poder ver la construcci\u00f3n de esta nueva embarcaci\u00f3n\u201d.<\/p>\n<p style=\"text-align: justify;\">Paulina Hern\u00e1ndez S\u00e1nchez, Consejera Regional por la provincia General Carrera indic\u00f3 \u201cterminamos la tercera jornada de participaci\u00f3n ciudadana, con una muy buena visi\u00f3n del trabajo que se ha venido haciendo desde hace bastantes meses. Iniciamos este proceso en una etapa muy compleja para nuestra comunidad, sin embargo desde Obras Portuarias del Ministerio de Obras P\u00fablicas se tom\u00f3 esta materia, se pudo trabajar en ello, se hicieron tres jornadas de participaci\u00f3n ciudadana, y hoy vemos los resultados que superan con creces las expectativas de la comunidad. Vemos reflejadas cada una de las necesidades que se plantearon y los requerimientos de lo que deb\u00eda y no deb\u00eda contener la nueva embarcaci\u00f3n, y hoy nos presentaron una maqueta, un pre dise\u00f1o para finalizarlo pr\u00e1cticamente conjuntamente con la Universidad Austral de Chile, que ha realizado un gran trabajo respecto de esta nueva embarcaci\u00f3n, as\u00ed que esperamos tener noticias a fin de a\u00f1o del proceso de licitaci\u00f3n\u201d.<\/p>\n<p style=\"text-align: justify;\">En tanto, la Secretaria Regional Ministerial de Transportes y Telecomunicaciones, Claudia Cantero agreg\u00f3 \u201cMuy contenta de estar presente en esta tercera participaci\u00f3n ciudadana en donde la Direcci\u00f3n Regional de Obras Portuarias y equipo del Ministerio de Obras P\u00fablicas presentaron este modelo o anteproyecto de Dise\u00f1o y construcci\u00f3n de esta nave para el lago General Carrera. La verdad es que estoy muy orgullosa de lo que ha podido realizar Obras P\u00fablicas y nuestro gobierno, abordando los problemas de conectividad como debe ser, con participaci\u00f3n ciudadana, con soluciones reales y avanzando como siempre lo hemos dicho tanto en las medidas concretas y urgentes, pero tambi\u00e9n con mirada a corto, mediano y largo plazo, as\u00ed que muy contenta. Hay una recepci\u00f3n muy positiva tambi\u00e9n de parte de la comunidad, por lo tanto creo que si bien fue dif\u00edcil en un comienzo, gracias al esfuerzo del equipo del MOP en la regi\u00f3n esto va llegando a un buen t\u00e9rmino, y vamos a ver concretada la construcci\u00f3n de esta nave tan esperada para Chile Chico y para el lago General Carrera\u201d.<\/p>\n<\/div><\/section><\/div><div  style='height:50px' class='hr hr-invisible   avia-builder-el-6  el_after_av_one_full  el_before_av_social_share '><span class='hr-inner ' ><span class='hr-inner-style'><\/span><\/span><\/div><\/p>\n<div  class='av-social-sharing-box  avia-builder-el-7  el_after_av_hr  el_before_av_hr  '><div class='av-share-box'><h5 class='av-share-link-description av-no-toc '>Compartir esta noticia<\/h5><ul class='av-share-box-list noLightbox'><li class='av-share-link av-social-link-facebook' ><a target=\"_blank\" aria-label=\"Compartir en Facebook\" href='https:\/\/www.facebook.com\/sharer.php?u=https:\/\/radiorevelacionfm.cl\/?p=30732&#038;t=Entregan%20a%20comunidad%20de%20Chile%20Chico%20anteproyecto%20final%20del%20dise%C3%B1o%20de%20nave%20complementaria%20que%20operar%C3%A1%20en%20el%20Lago%20General%20Carrera' aria-hidden='false' data-av_icon='\ue8f3' data-av_iconfont='entypo-fontello' title='' data-avia-related-tooltip='Compartir en Facebook' rel=\"noopener\"><span class='avia_hidden_link_text'>Compartir en Facebook<\/span><\/a><\/li><li class='av-share-link av-social-link-twitter' ><a target=\"_blank\" aria-label=\"Compartir en Twitter\" href='https:\/\/twitter.com\/share?text=Entregan%20a%20comunidad%20de%20Chile%20Chico%20anteproyecto%20final%20del%20dise%C3%B1o%20de%20nave%20complementaria%20que%20operar%C3%A1%20en%20el%20Lago%20General%20Carrera&#038;url=https:\/\/radiorevelacionfm.cl\/?p=30732' aria-hidden='false' data-av_icon='\ue8f1' data-av_iconfont='entypo-fontello' title='' data-avia-related-tooltip='Compartir en Twitter' rel=\"noopener\"><span class='avia_hidden_link_text'>Compartir en Twitter<\/span><\/a><\/li><li class='av-share-link av-social-link-whatsapp' ><a target=\"_blank\" aria-label=\"Compartir en Whatsapp\" href='https:\/\/api.whatsapp.com\/send?text=https:\/\/radiorevelacionfm.cl\/?p=30732' aria-hidden='false' data-av_icon='\uf232' data-av_iconfont='entypo-fontello' title='' data-avia-related-tooltip='Compartir en Whatsapp' rel=\"noopener\"><span class='avia_hidden_link_text'>Compartir en Whatsapp<\/span><\/a><\/li><li class='av-share-link av-social-link-linkedin' ><a target=\"_blank\" aria-label=\"Compartir en LinkedIn\" href='https:\/\/linkedin.com\/shareArticle?mini=true&#038;title=Entregan%20a%20comunidad%20de%20Chile%20Chico%20anteproyecto%20final%20del%20dise%C3%B1o%20de%20nave%20complementaria%20que%20operar%C3%A1%20en%20el%20Lago%20General%20Carrera&#038;url=https:\/\/radiorevelacionfm.cl\/?p=30732' aria-hidden='false' data-av_icon='\ue8fc' data-av_iconfont='entypo-fontello' title='' data-avia-related-tooltip='Compartir en LinkedIn' rel=\"noopener\"><span class='avia_hidden_link_text'>Compartir en LinkedIn<\/span><\/a><\/li><li class='av-share-link av-social-link-mail' ><a  aria-label=\"Compartir por correo\" href='mailto:?subject=Entregan%20a%20comunidad%20de%20Chile%20Chico%20anteproyecto%20final%20del%20dise%C3%B1o%20de%20nave%20complementaria%20que%20operar%C3%A1%20en%20el%20Lago%20General%20Carrera&#038;body=https:\/\/radiorevelacionfm.cl\/?p=30732' aria-hidden='false' data-av_icon='\ue805' data-av_iconfont='entypo-fontello' title='' data-avia-related-tooltip='Compartir por correo'><span class='avia_hidden_link_text'>Compartir por correo<\/span><\/a><\/li><\/ul><\/div><\/div>\n<div  style='height:50px' class='hr hr-invisible   avia-builder-el-8  el_after_av_social_share  el_before_av_comments_list '><span class='hr-inner ' ><span class='hr-inner-style'><\/span><\/span><\/div>\n<div  class='av-buildercomment  av-blog-meta-html-info-disabled av-blog-meta-tag-disabled  '><\/div>\n","protected":false},"excerpt":{"rendered":"","protected":false},"author":1,"featured_media":30733,"comment_status":"open","ping_status":"open","sticky":false,"template":"","format":"standard","meta":{"footnotes":""},"categories":[38],"tags":[],"class_list":["post-30732","post","type-post","status-publish","format-standard","has-post-thumbnail","hentry","category-regional"],"jetpack_featured_media_url":"https:\/\/radiorevelacionfm.cl\/wp-content\/uploads\/2023\/05\/pac-nave-2-1_optimized.jpg","_links":{"self":[{"href":"https:\/\/radiorevelacionfm.cl\/index.php?rest_route=\/wp\/v2\/posts\/30732","targetHints":{"allow":["GET"]}}],"collection":[{"href":"https:\/\/radiorevelacionfm.cl\/index.php?rest_route=\/wp\/v2\/posts"}],"about":[{"href":"https:\/\/radiorevelacionfm.cl\/index.php?rest_route=\/wp\/v2\/types\/post"}],"author":[{"embeddable":true,"href":"https:\/\/radiorevelacionfm.cl\/index.php?rest_route=\/wp\/v2\/users\/1"}],"replies":[{"embeddable":true,"href":"https:\/\/radiorevelacionfm.cl\/index.php?rest_route=%2Fwp%2Fv2%2Fcomments&post=30732"}],"version-history":[{"count":1,"href":"https:\/\/radiorevelacionfm.cl\/index.php?rest_route=\/wp\/v2\/posts\/30732\/revisions"}],"predecessor-version":[{"id":30734,"href":"https:\/\/radiorevelacionfm.cl\/index.php?rest_route=\/wp\/v2\/posts\/30732\/revisions\/30734"}],"wp:featuredmedia":[{"embeddable":true,"href":"https:\/\/radiorevelacionfm.cl\/index.php?rest_route=\/wp\/v2\/media\/30733"}],"wp:attachment":[{"href":"https:\/\/radiorevelacionfm.cl\/index.php?rest_route=%2Fwp%2Fv2%2Fmedia&parent=30732"}],"wp:term":[{"taxonomy":"category","embeddable":true,"href":"https:\/\/radiorevelacionfm.cl\/index.php?rest_route=%2Fwp%2Fv2%2Fcategories&post=30732"},{"taxonomy":"post_tag","embeddable":true,"href":"https:\/\/radiorevelacionfm.cl\/index.php?rest_route=%2Fwp%2Fv2%2Ftags&post=30732"}],"curies":[{"name":"wp","href":"https:\/\/api.w.org\/{rel}","templated":true}]}}