{"id":3073,"date":"2021-04-13T17:28:00","date_gmt":"2021-04-13T20:28:00","guid":{"rendered":"https:\/\/radiorevelacionfm.cl\/?p=3073"},"modified":"2021-04-13T17:28:00","modified_gmt":"2021-04-13T20:28:00","slug":"diputados-alinco-y-calisto-solicitaron-a-ministro-de-defensa-un-buque-hospital-de-la-armada-para-melinka-y-el-litoral-aysenino","status":"publish","type":"post","link":"https:\/\/radiorevelacionfm.cl\/?p=3073","title":{"rendered":"Diputados Alinco y Calisto solicitaron a Ministro de Defensa un buque hospital de la armada para Melinka y el litoral aysenino"},"content":{"rendered":"<div class=\"flex_column av_one_full  flex_column_div av-zero-column-padding first  avia-builder-el-0  el_before_av_one_full  avia-builder-el-first  \" style='border-radius:0px; '><div  class='avia-image-container  av-styling-    avia-builder-el-1  avia-builder-el-no-sibling  avia-align-center '  itemprop=\"image\" itemscope=\"itemscope\" itemtype=\"https:\/\/schema.org\/ImageObject\"  ><div class='avia-image-container-inner'><div class='avia-image-overlay-wrap'><img decoding=\"async\" class='wp-image-0 avia-img-lazy-loading-not-0 avia_image' src=\"https:\/\/radiorevelacionfm.cl\/wp-content\/uploads\/2021\/04\/REUNION-MINISTRO-DEFENSA.jpeg\" alt='' title=''   itemprop=\"thumbnailUrl\"  \/><\/div><\/div><\/div><\/div><div class=\"flex_column av_one_full  flex_column_div av-zero-column-padding first  avia-builder-el-2  el_after_av_one_full  el_before_av_one_full  column-top-margin\" style='border-radius:0px; '><section class=\"av_textblock_section \"  itemscope=\"itemscope\" itemtype=\"https:\/\/schema.org\/BlogPosting\" itemprop=\"blogPost\" ><div class='avia_textblock  '   itemprop=\"text\" ><p style=\"text-align: center;\"><span style=\"font-size: 18pt;\"><strong>Diputados Alinco y Calisto solicitaron a Ministro de Defensa un buque hospital de la armada para Melinka y el litoral aysenino<\/strong><\/span><\/p>\n<div id=\"gtx-trans\" style=\"position: absolute; left: -50px; top: 4.31534px;\">\n<div class=\"gtx-trans-icon\"><\/div>\n<\/div>\n<\/div><\/section><\/div><div class=\"flex_column av_one_full  flex_column_div av-zero-column-padding first  avia-builder-el-4  el_after_av_one_full  el_before_av_hr  column-top-margin\" style='border-radius:0px; '><section class=\"av_textblock_section \"  itemscope=\"itemscope\" itemtype=\"https:\/\/schema.org\/BlogPosting\" itemprop=\"blogPost\" ><div class='avia_textblock  '   itemprop=\"text\" ><p style=\"text-align: justify;\">Este martes a primera hora, los diputados por la regi\u00f3n de Ays\u00e9n, Ren\u00e9 Alinco y Miguel \u00c1ngel Calisto, sostuvieron una reuni\u00f3n con el ministro de Defensa, Baldo Prokurica, a quien derechamente presentaron la sugerencia del Colegio M\u00e9dico de Coyhaique, que en voz de su presidente Dr. Claudio Vallejos, plante\u00f3 al Servicio de Salud requerir ante la Armada de Chile la llegada de un buque hospital a la isla de Melinka para asistir a pacientes con covid19 y de esta forma contener los brotes que se han presentado en dicha localidad y en Repollal.<\/p>\n<p style=\"text-align: justify;\">En la conversaci\u00f3n, ambos parlamentarios resaltaron y explicaron al ministro lo planteado por el Colegio M\u00e9dico, Colmed, ante lo cual tambi\u00e9n agregaron que el barco hospital igualmente deber\u00eda prestar servicio a las comunas alejadas del litoral aysenino con el fin de atender a los pobladores que por dificultades clim\u00e1ticas, falta de implementos y personal en las postas rurales de salud, muchas veces no pueden ser evacuados hacia el Hospital Regional Coyhaique.<\/p>\n<p style=\"text-align: justify;\">Respecto a la preocupaci\u00f3n que existe por los casos activos de covid19 en Melinka, el parlamentario Calisto se\u00f1al\u00f3\u00a0al ministro Prokurica que \u201ctenemos una situaci\u00f3n compleja en Las Guaitecas. Hay cerca de 50 casos activos, 140 casos estrechos y en total de m\u00e1s de 150 casos, lo que equivale aproximadamente al 10% de la poblaci\u00f3n de la isla\u201d, sostuvo, a\u00f1adiendo que \u201ctambi\u00e9n hemos hecho gestiones con el Ministro de Salud para que se garantice la llegada de m\u00e1s profesionales. Nos informaron que entre hoy (martes) y ma\u00f1ana llegar\u00e1n m\u00e1s profesionales a la isla que van a reforzar el trabajo m\u00e9dico que se est\u00e1 haciendo en la isla. Necesitamos m\u00e1s TENS y m\u00e1s colaboradores del \u00e1rea m\u00e9dica, tomando en cuenta el trabajo en el proceso de vacunaci\u00f3n\u201d, indic\u00f3.<\/p>\n<p style=\"text-align: justify;\">Posterior a la reuni\u00f3n, el diputado Ren\u00e9 Alinco sostuvo \u201cel ministro se comprometi\u00f3 inmediatamente en hacer las gestiones pertinentes con La Armada para que esta petici\u00f3n se materialice en el m\u00e1s breve plazo\u201d, dijo el parlamentario aysenino, agregando que esta petici\u00f3n impulsada por el Colmed de Coyhaique es \u201cavalada por el alcalde de Melinka, don Marcos Silva y su Concejo Municipal, tambi\u00e9n hay que se\u00f1alar que el Servicio de Salud comunic\u00f3 que iban a hacer la petici\u00f3n por las v\u00edas pertinentes del Gobierno\u201d.<\/p>\n<p style=\"text-align: justify;\">Calisto a su vez agreg\u00f3 que \u201cGuaitecas tiene el plan de vacunaci\u00f3n universal, est\u00e1 el 78% de las familias de Melinka con la primera dosis, y un 34 con ambas dosis. Es muy importante hacer un llamado a vacunarse, para bajar los indicadores de contagios y disminuir las posibilidades que se agrave la condici\u00f3n en el caso de contagiarse\u201d.<\/p>\n<p style=\"text-align: justify;\">En tanto, Alinco recalc\u00f3 que la llegada de este barco hospital no solo ser\u00eda para los pobladores de Melinka, sino que de todo el litoral. \u201cLa gente desde Melinka hasta Puerto Aguirre necesitan este apoyo, las postas no re\u00fanen las condiciones m\u00ednimas para enfrentar esta pandemia, las del litoral y de ninguna parte de la regi\u00f3n. Yo espero que esto se materialice porque si hay gente que hace Patria y soberan\u00eda en nuestro pa\u00eds, es precisamente la que vive en las islas\u201d, enfatiz\u00f3 el parlamentario aysenino.<\/p>\n<p style=\"text-align: justify;\">Finalmente, el diputado Calisto se\u00f1al\u00f3 que \u201cle reiteramos al Gobierno Regional, y en eso estamos en coordinaci\u00f3n con el alcalde, los concejales y la Mesa Social, respecto de la necesidad de contar con m\u00e1s apoyo econ\u00f3mico para la isla. Hay mucha gente en situaci\u00f3n compleja por la cuarentena, por lo que se necesita apoyo econ\u00f3mico, canastas para poder paliar esta crisis. Mucha gente vive el d\u00eda a d\u00eda, por lo que se necesita el apoyo del Gobierno Regional, por ejemplo, a trav\u00e9s del 2% del FNDR\u201d.<\/p>\n<\/div><\/section><\/div><div  style='height:50px' class='hr hr-invisible   avia-builder-el-6  el_after_av_one_full  el_before_av_social_share '><span class='hr-inner ' ><span class='hr-inner-style'><\/span><\/span><\/div><\/p>\n<div  class='av-social-sharing-box  avia-builder-el-7  el_after_av_hr  el_before_av_hr  '><div class='av-share-box'><h5 class='av-share-link-description av-no-toc '>Compartir esta noticia<\/h5><ul class='av-share-box-list noLightbox'><li class='av-share-link av-social-link-facebook' ><a target=\"_blank\" aria-label=\"Compartir en Facebook\" href='https:\/\/www.facebook.com\/sharer.php?u=https:\/\/radiorevelacionfm.cl\/?p=3073&#038;t=Diputados%20Alinco%20y%20Calisto%20solicitaron%20a%20Ministro%20de%20Defensa%20un%20buque%20hospital%20de%20la%20armada%20para%20Melinka%20y%20el%20litoral%20aysenino' aria-hidden='false' data-av_icon='\ue8f3' data-av_iconfont='entypo-fontello' title='' data-avia-related-tooltip='Compartir en Facebook' rel=\"noopener\"><span class='avia_hidden_link_text'>Compartir en Facebook<\/span><\/a><\/li><li class='av-share-link av-social-link-twitter' ><a target=\"_blank\" aria-label=\"Compartir en Twitter\" href='https:\/\/twitter.com\/share?text=Diputados%20Alinco%20y%20Calisto%20solicitaron%20a%20Ministro%20de%20Defensa%20un%20buque%20hospital%20de%20la%20armada%20para%20Melinka%20y%20el%20litoral%20aysenino&#038;url=https:\/\/radiorevelacionfm.cl\/?p=3073' aria-hidden='false' data-av_icon='\ue8f1' data-av_iconfont='entypo-fontello' title='' data-avia-related-tooltip='Compartir en Twitter' rel=\"noopener\"><span class='avia_hidden_link_text'>Compartir en Twitter<\/span><\/a><\/li><li class='av-share-link av-social-link-whatsapp' ><a target=\"_blank\" aria-label=\"Compartir en Whatsapp\" href='https:\/\/api.whatsapp.com\/send?text=https:\/\/radiorevelacionfm.cl\/?p=3073' aria-hidden='false' data-av_icon='\uf232' data-av_iconfont='entypo-fontello' title='' data-avia-related-tooltip='Compartir en Whatsapp' rel=\"noopener\"><span class='avia_hidden_link_text'>Compartir en Whatsapp<\/span><\/a><\/li><li class='av-share-link av-social-link-linkedin' ><a target=\"_blank\" aria-label=\"Compartir en LinkedIn\" href='https:\/\/linkedin.com\/shareArticle?mini=true&#038;title=Diputados%20Alinco%20y%20Calisto%20solicitaron%20a%20Ministro%20de%20Defensa%20un%20buque%20hospital%20de%20la%20armada%20para%20Melinka%20y%20el%20litoral%20aysenino&#038;url=https:\/\/radiorevelacionfm.cl\/?p=3073' aria-hidden='false' data-av_icon='\ue8fc' data-av_iconfont='entypo-fontello' title='' data-avia-related-tooltip='Compartir en LinkedIn' rel=\"noopener\"><span class='avia_hidden_link_text'>Compartir en LinkedIn<\/span><\/a><\/li><li class='av-share-link av-social-link-mail' ><a  aria-label=\"Compartir por correo\" href='mailto:?subject=Diputados%20Alinco%20y%20Calisto%20solicitaron%20a%20Ministro%20de%20Defensa%20un%20buque%20hospital%20de%20la%20armada%20para%20Melinka%20y%20el%20litoral%20aysenino&#038;body=https:\/\/radiorevelacionfm.cl\/?p=3073' aria-hidden='false' data-av_icon='\ue805' data-av_iconfont='entypo-fontello' title='' data-avia-related-tooltip='Compartir por correo'><span class='avia_hidden_link_text'>Compartir por correo<\/span><\/a><\/li><\/ul><\/div><\/div>\n<div  style='height:50px' class='hr hr-invisible   avia-builder-el-8  el_after_av_social_share  el_before_av_comments_list '><span class='hr-inner ' ><span class='hr-inner-style'><\/span><\/span><\/div>\n<div  class='av-buildercomment  av-blog-meta-html-info-disabled av-blog-meta-tag-disabled  '><\/div>\n","protected":false},"excerpt":{"rendered":"","protected":false},"author":1,"featured_media":0,"comment_status":"open","ping_status":"open","sticky":false,"template":"","format":"standard","meta":{"footnotes":""},"categories":[38],"tags":[],"class_list":["post-3073","post","type-post","status-publish","format-standard","hentry","category-regional"],"jetpack_featured_media_url":"","_links":{"self":[{"href":"https:\/\/radiorevelacionfm.cl\/index.php?rest_route=\/wp\/v2\/posts\/3073","targetHints":{"allow":["GET"]}}],"collection":[{"href":"https:\/\/radiorevelacionfm.cl\/index.php?rest_route=\/wp\/v2\/posts"}],"about":[{"href":"https:\/\/radiorevelacionfm.cl\/index.php?rest_route=\/wp\/v2\/types\/post"}],"author":[{"embeddable":true,"href":"https:\/\/radiorevelacionfm.cl\/index.php?rest_route=\/wp\/v2\/users\/1"}],"replies":[{"embeddable":true,"href":"https:\/\/radiorevelacionfm.cl\/index.php?rest_route=%2Fwp%2Fv2%2Fcomments&post=3073"}],"version-history":[{"count":1,"href":"https:\/\/radiorevelacionfm.cl\/index.php?rest_route=\/wp\/v2\/posts\/3073\/revisions"}],"predecessor-version":[{"id":3075,"href":"https:\/\/radiorevelacionfm.cl\/index.php?rest_route=\/wp\/v2\/posts\/3073\/revisions\/3075"}],"wp:attachment":[{"href":"https:\/\/radiorevelacionfm.cl\/index.php?rest_route=%2Fwp%2Fv2%2Fmedia&parent=3073"}],"wp:term":[{"taxonomy":"category","embeddable":true,"href":"https:\/\/radiorevelacionfm.cl\/index.php?rest_route=%2Fwp%2Fv2%2Fcategories&post=3073"},{"taxonomy":"post_tag","embeddable":true,"href":"https:\/\/radiorevelacionfm.cl\/index.php?rest_route=%2Fwp%2Fv2%2Ftags&post=3073"}],"curies":[{"name":"wp","href":"https:\/\/api.w.org\/{rel}","templated":true}]}}