{"id":30728,"date":"2023-05-09T19:07:16","date_gmt":"2023-05-09T22:07:16","guid":{"rendered":"https:\/\/radiorevelacionfm.cl\/?p=30728"},"modified":"2023-05-09T19:07:16","modified_gmt":"2023-05-09T22:07:16","slug":"el-instituto-forestal-implementara-reduccion-de-jornada-laboral-a-partir-del-presente-ano","status":"publish","type":"post","link":"https:\/\/radiorevelacionfm.cl\/?p=30728","title":{"rendered":"El Instituto Forestal implementar\u00e1 reducci\u00f3n de jornada laboral a partir del presente a\u00f1o"},"content":{"rendered":"<div class=\"flex_column av_one_full  flex_column_div av-zero-column-padding first  avia-builder-el-0  el_before_av_one_full  avia-builder-el-first  \" style='border-radius:0px; '><div  class='avia-image-container  av-styling-    avia-builder-el-1  avia-builder-el-no-sibling  avia-align-center '  itemprop=\"image\" itemscope=\"itemscope\" itemtype=\"https:\/\/schema.org\/ImageObject\"  ><div class='avia-image-container-inner'><div class='avia-image-overlay-wrap'><img decoding=\"async\" class='wp-image-30729 avia-img-lazy-loading-not-30729 avia_image' src=\"https:\/\/radiorevelacionfm.cl\/wp-content\/uploads\/2023\/05\/Acuerdo-40-horas-01-1-1.jpg\" alt='' title='Acuerdo 40 horas 01 (1) (1)' height=\"600\" width=\"861\"  itemprop=\"thumbnailUrl\" srcset=\"https:\/\/radiorevelacionfm.cl\/wp-content\/uploads\/2023\/05\/Acuerdo-40-horas-01-1-1.jpg 861w, https:\/\/radiorevelacionfm.cl\/wp-content\/uploads\/2023\/05\/Acuerdo-40-horas-01-1-1-300x209.jpg 300w, https:\/\/radiorevelacionfm.cl\/wp-content\/uploads\/2023\/05\/Acuerdo-40-horas-01-1-1-768x535.jpg 768w, https:\/\/radiorevelacionfm.cl\/wp-content\/uploads\/2023\/05\/Acuerdo-40-horas-01-1-1-705x491.jpg 705w, https:\/\/radiorevelacionfm.cl\/wp-content\/uploads\/2023\/05\/Acuerdo-40-horas-01-1-1-450x314.jpg 450w, https:\/\/radiorevelacionfm.cl\/wp-content\/uploads\/2023\/05\/Acuerdo-40-horas-01-1-1-600x418.jpg 600w\" sizes=\"(max-width: 861px) 100vw, 861px\" \/><\/div><\/div><\/div><\/div><div class=\"flex_column av_one_full  flex_column_div av-zero-column-padding first  avia-builder-el-2  el_after_av_one_full  el_before_av_one_full  column-top-margin\" style='border-radius:0px; '><section class=\"av_textblock_section \"  itemscope=\"itemscope\" itemtype=\"https:\/\/schema.org\/BlogPosting\" itemprop=\"blogPost\" ><div class='avia_textblock  '   itemprop=\"text\" ><p style=\"text-align: center;\"><span style=\"font-size: 18pt;\"><strong>El Instituto Forestal implementar\u00e1 reducci\u00f3n de jornada laboral a partir del presente a\u00f1o<\/strong><\/span><\/p>\n<div id=\"gtx-trans\" style=\"position: absolute; left: -50px; top: 4.31534px;\">\n<div class=\"gtx-trans-icon\"><\/div>\n<\/div>\n<\/div><\/section><\/div><div class=\"flex_column av_one_full  flex_column_div av-zero-column-padding first  avia-builder-el-4  el_after_av_one_full  el_before_av_hr  column-top-margin\" style='border-radius:0px; '><section class=\"av_textblock_section \"  itemscope=\"itemscope\" itemtype=\"https:\/\/schema.org\/BlogPosting\" itemprop=\"blogPost\" ><div class='avia_textblock  '   itemprop=\"text\" ><p style=\"text-align: justify;\">En el marco de la conmemoraci\u00f3n del D\u00eda del Trabajo, la directora ejecutiva del Instituto Forestal (INFOR), Sandra Gacit\u00faa, en compa\u00f1\u00eda del presidente del Sindicato de Trabajadores del organismo, Mauricio Aguilera, dieron a conocer mediante un video enviado a todas las sedes del pa\u00eds, la concreci\u00f3n de un protocolo de acuerdo que pondr\u00e1 en marcha la reducci\u00f3n de la jornada laboral a contar del presente a\u00f1o.<\/p>\n<p style=\"text-align: justify;\">Cabe destacar que INFOR es una corporaci\u00f3n de derecho privado, dependiente del Ministerio de Agricultura (Minagri), y sus funcionarios se rigen por el C\u00f3digo del Trabajo, condici\u00f3n que les permite a partir del mes de junio de 2023 reducir su jornada laboral a 43 horas semanales tras el acuerdo firmado. \u00abEstamos muy felices como direcci\u00f3n ejecutiva de trabajar en conjunto y lograr nuestras metas, siempre el sindicato y la Direcci\u00f3n tienen que ir unidos para poder tener \u00e9xito en mejorar las condiciones laborales de todos nuestros inforianos e inforianas\u00bb, se\u00f1al\u00f3 la directora ejecutiva Sandra Gacit\u00faa.<\/p>\n<p style=\"text-align: justify;\">La autoridad, adem\u00e1s agreg\u00f3 que INFOR es la primera instituci\u00f3n del agro en adelantar la aplicaci\u00f3n de la Ley 40 horas a los plazos estipulados por la misma, siendo junio de 2024 la fecha en que, finalmente, se reducir\u00e1 la jornada laboral a 40 horas semanales para los funcionarios y funcionarias. \u00abHoy estamos firmando nuestro acuerdo para las 40 horas, lo cual va a beneficiar a todas las familias de cada uno de los trabajadores y trabajadoras. Estamos muy felices, de ser la primera instituci\u00f3n, que se vincula con el Minagri que va a pilotear las 40 horas \u00ab, dijo Gacit\u00faa.<\/p>\n<p style=\"text-align: justify;\">En tanto, la noticia fue positivamente recibida en todas las sedes del pa\u00eds, donde la labor de investigaci\u00f3n muchas veces se realiza fuera de los horarios y jornadas laborales tradicionales. \u00abEn una regi\u00f3n como Ays\u00e9n, donde se realiza investigaci\u00f3n en lugares muy apartados, nuestros funcionarios deben recorrer largas distancias, muchas veces sacrificando tiempo familiar, este hito en nuestra instituci\u00f3n viene a contribuir a mejorar la calidad de vida de los equipos de trabajo\u00bb agreg\u00f3 Jaime Salinas, gerente de INFOR sede Patagonia.<\/p>\n<\/div><\/section><\/div><div  style='height:50px' class='hr hr-invisible   avia-builder-el-6  el_after_av_one_full  el_before_av_social_share '><span class='hr-inner ' ><span class='hr-inner-style'><\/span><\/span><\/div><\/p>\n<div  class='av-social-sharing-box  avia-builder-el-7  el_after_av_hr  el_before_av_hr  '><div class='av-share-box'><h5 class='av-share-link-description av-no-toc '>Compartir esta noticia<\/h5><ul class='av-share-box-list noLightbox'><li class='av-share-link av-social-link-facebook' ><a target=\"_blank\" aria-label=\"Compartir en Facebook\" href='https:\/\/www.facebook.com\/sharer.php?u=https:\/\/radiorevelacionfm.cl\/?p=30728&#038;t=El%20Instituto%20Forestal%20implementar%C3%A1%20reducci%C3%B3n%20de%20jornada%20laboral%20a%20partir%20del%20presente%20a%C3%B1o' aria-hidden='false' data-av_icon='\ue8f3' data-av_iconfont='entypo-fontello' title='' data-avia-related-tooltip='Compartir en Facebook' rel=\"noopener\"><span class='avia_hidden_link_text'>Compartir en Facebook<\/span><\/a><\/li><li class='av-share-link av-social-link-twitter' ><a target=\"_blank\" aria-label=\"Compartir en Twitter\" href='https:\/\/twitter.com\/share?text=El%20Instituto%20Forestal%20implementar%C3%A1%20reducci%C3%B3n%20de%20jornada%20laboral%20a%20partir%20del%20presente%20a%C3%B1o&#038;url=https:\/\/radiorevelacionfm.cl\/?p=30728' aria-hidden='false' data-av_icon='\ue8f1' data-av_iconfont='entypo-fontello' title='' data-avia-related-tooltip='Compartir en Twitter' rel=\"noopener\"><span class='avia_hidden_link_text'>Compartir en Twitter<\/span><\/a><\/li><li class='av-share-link av-social-link-whatsapp' ><a target=\"_blank\" aria-label=\"Compartir en Whatsapp\" href='https:\/\/api.whatsapp.com\/send?text=https:\/\/radiorevelacionfm.cl\/?p=30728' aria-hidden='false' data-av_icon='\uf232' data-av_iconfont='entypo-fontello' title='' data-avia-related-tooltip='Compartir en Whatsapp' rel=\"noopener\"><span class='avia_hidden_link_text'>Compartir en Whatsapp<\/span><\/a><\/li><li class='av-share-link av-social-link-linkedin' ><a target=\"_blank\" aria-label=\"Compartir en LinkedIn\" href='https:\/\/linkedin.com\/shareArticle?mini=true&#038;title=El%20Instituto%20Forestal%20implementar%C3%A1%20reducci%C3%B3n%20de%20jornada%20laboral%20a%20partir%20del%20presente%20a%C3%B1o&#038;url=https:\/\/radiorevelacionfm.cl\/?p=30728' aria-hidden='false' data-av_icon='\ue8fc' data-av_iconfont='entypo-fontello' title='' data-avia-related-tooltip='Compartir en LinkedIn' rel=\"noopener\"><span class='avia_hidden_link_text'>Compartir en LinkedIn<\/span><\/a><\/li><li class='av-share-link av-social-link-mail' ><a  aria-label=\"Compartir por correo\" href='mailto:?subject=El%20Instituto%20Forestal%20implementar%C3%A1%20reducci%C3%B3n%20de%20jornada%20laboral%20a%20partir%20del%20presente%20a%C3%B1o&#038;body=https:\/\/radiorevelacionfm.cl\/?p=30728' aria-hidden='false' data-av_icon='\ue805' data-av_iconfont='entypo-fontello' title='' data-avia-related-tooltip='Compartir por correo'><span class='avia_hidden_link_text'>Compartir por correo<\/span><\/a><\/li><\/ul><\/div><\/div>\n<div  style='height:50px' class='hr hr-invisible   avia-builder-el-8  el_after_av_social_share  el_before_av_comments_list '><span class='hr-inner ' ><span class='hr-inner-style'><\/span><\/span><\/div>\n<div  class='av-buildercomment  av-blog-meta-html-info-disabled av-blog-meta-tag-disabled  '><\/div>\n","protected":false},"excerpt":{"rendered":"","protected":false},"author":1,"featured_media":30729,"comment_status":"open","ping_status":"open","sticky":false,"template":"","format":"standard","meta":{"footnotes":""},"categories":[61],"tags":[],"class_list":["post-30728","post","type-post","status-publish","format-standard","has-post-thumbnail","hentry","category-nacional"],"jetpack_featured_media_url":"https:\/\/radiorevelacionfm.cl\/wp-content\/uploads\/2023\/05\/Acuerdo-40-horas-01-1-1.jpg","_links":{"self":[{"href":"https:\/\/radiorevelacionfm.cl\/index.php?rest_route=\/wp\/v2\/posts\/30728","targetHints":{"allow":["GET"]}}],"collection":[{"href":"https:\/\/radiorevelacionfm.cl\/index.php?rest_route=\/wp\/v2\/posts"}],"about":[{"href":"https:\/\/radiorevelacionfm.cl\/index.php?rest_route=\/wp\/v2\/types\/post"}],"author":[{"embeddable":true,"href":"https:\/\/radiorevelacionfm.cl\/index.php?rest_route=\/wp\/v2\/users\/1"}],"replies":[{"embeddable":true,"href":"https:\/\/radiorevelacionfm.cl\/index.php?rest_route=%2Fwp%2Fv2%2Fcomments&post=30728"}],"version-history":[{"count":1,"href":"https:\/\/radiorevelacionfm.cl\/index.php?rest_route=\/wp\/v2\/posts\/30728\/revisions"}],"predecessor-version":[{"id":30730,"href":"https:\/\/radiorevelacionfm.cl\/index.php?rest_route=\/wp\/v2\/posts\/30728\/revisions\/30730"}],"wp:featuredmedia":[{"embeddable":true,"href":"https:\/\/radiorevelacionfm.cl\/index.php?rest_route=\/wp\/v2\/media\/30729"}],"wp:attachment":[{"href":"https:\/\/radiorevelacionfm.cl\/index.php?rest_route=%2Fwp%2Fv2%2Fmedia&parent=30728"}],"wp:term":[{"taxonomy":"category","embeddable":true,"href":"https:\/\/radiorevelacionfm.cl\/index.php?rest_route=%2Fwp%2Fv2%2Fcategories&post=30728"},{"taxonomy":"post_tag","embeddable":true,"href":"https:\/\/radiorevelacionfm.cl\/index.php?rest_route=%2Fwp%2Fv2%2Ftags&post=30728"}],"curies":[{"name":"wp","href":"https:\/\/api.w.org\/{rel}","templated":true}]}}