{"id":30723,"date":"2023-05-04T19:11:06","date_gmt":"2023-05-04T22:11:06","guid":{"rendered":"https:\/\/radiorevelacionfm.cl\/?p=30723"},"modified":"2023-05-04T19:19:01","modified_gmt":"2023-05-04T22:19:01","slug":"decretan-alerta-verde-temprana-preventiva-por-influenza-aviar-en-aysen","status":"publish","type":"post","link":"https:\/\/radiorevelacionfm.cl\/?p=30723","title":{"rendered":"Decretan Alerta Verde Temprana Preventiva por Influenza Aviar en Ays\u00e9n"},"content":{"rendered":"<div class=\"flex_column av_one_full  flex_column_div av-zero-column-padding first  avia-builder-el-0  el_before_av_one_full  avia-builder-el-first  \" style='border-radius:0px; '><div  class='avia-image-container  av-styling-    avia-builder-el-1  avia-builder-el-no-sibling  avia-align-center '  itemprop=\"image\" itemscope=\"itemscope\" itemtype=\"https:\/\/schema.org\/ImageObject\"  ><div class='avia-image-container-inner'><div class='avia-image-overlay-wrap'><img decoding=\"async\" class='wp-image-30726 avia-img-lazy-loading-not-30726 avia_image' src=\"https:\/\/radiorevelacionfm.cl\/wp-content\/uploads\/2023\/05\/gallinas-1-1_optimized-1.jpg\" alt='' title='gallinas-(1)-(1)_optimized (1)' height=\"600\" width=\"896\"  itemprop=\"thumbnailUrl\" srcset=\"https:\/\/radiorevelacionfm.cl\/wp-content\/uploads\/2023\/05\/gallinas-1-1_optimized-1.jpg 896w, https:\/\/radiorevelacionfm.cl\/wp-content\/uploads\/2023\/05\/gallinas-1-1_optimized-1-300x201.jpg 300w, https:\/\/radiorevelacionfm.cl\/wp-content\/uploads\/2023\/05\/gallinas-1-1_optimized-1-768x514.jpg 768w, https:\/\/radiorevelacionfm.cl\/wp-content\/uploads\/2023\/05\/gallinas-1-1_optimized-1-705x472.jpg 705w, https:\/\/radiorevelacionfm.cl\/wp-content\/uploads\/2023\/05\/gallinas-1-1_optimized-1-450x301.jpg 450w, https:\/\/radiorevelacionfm.cl\/wp-content\/uploads\/2023\/05\/gallinas-1-1_optimized-1-600x402.jpg 600w\" sizes=\"(max-width: 896px) 100vw, 896px\" \/><\/div><\/div><\/div><\/div><div class=\"flex_column av_one_full  flex_column_div av-zero-column-padding first  avia-builder-el-2  el_after_av_one_full  el_before_av_one_full  column-top-margin\" style='border-radius:0px; '><section class=\"av_textblock_section \"  itemscope=\"itemscope\" itemtype=\"https:\/\/schema.org\/BlogPosting\" itemprop=\"blogPost\" ><div class='avia_textblock  '   itemprop=\"text\" ><p style=\"text-align: center;\"><strong><span style=\"font-size: 18pt;\">Decretan Alerta Verde Temprana Preventiva por Influenza Aviar en Ays\u00e9n <\/span><\/strong><\/p>\n<div id=\"gtx-trans\" style=\"position: absolute; left: -50px; top: 4.31534px;\">\n<div class=\"gtx-trans-icon\"><\/div>\n<\/div>\n<\/div><\/section><\/div><\/p>\n<div class=\"flex_column av_one_full  flex_column_div av-zero-column-padding first  avia-builder-el-4  el_after_av_one_full  el_before_av_hr  column-top-margin\" style='border-radius:0px; '><section class=\"av_textblock_section \"  itemscope=\"itemscope\" itemtype=\"https:\/\/schema.org\/BlogPosting\" itemprop=\"blogPost\" ><div class='avia_textblock  '   itemprop=\"text\" ><p style=\"font-weight: 400; text-align: justify;\">La Direcci\u00f3n Regional del Servicio Nacional de Prevenci\u00f3n y Respuesta ante Desastres (Senapred) en coordinaci\u00f3n con la Delegaci\u00f3n Presidencial Regional declararon este jueves Alerta Verde Temprana Preventiva por evento zoosanitario asociado a la Influenza Aviar para la Regi\u00f3n de Ays\u00e9n, donde el pasado 14 de abril se confirm\u00f3 el primer caso positivo.<\/p>\n<p style=\"font-weight: 400; text-align: justify;\">La determinaci\u00f3n fue adoptada tras los antecedentes t\u00e9cnicos analizados por la Mesa T\u00e9cnica, establecida por el Delegado Presidencial Regional, Rodrigo Araya, e integrada por Senapred, seremis de Agricultura y Salud, Servicio Agr\u00edcola y Ganadero (SAG), Corporaci\u00f3n Nacional Forestal (Conaf), Carabineros, Armada, Ej\u00e9rcito, Servicio Nacional de Pesca y Acuicultura (Sernapesca), Subpesca, y Servicio de Salud Ays\u00e9n.<\/p>\n<p style=\"font-weight: 400; text-align: justify;\">El Delegado Rodrigo Araya inform\u00f3 que la Alerta se decret\u00f3 considerando los factores de vulnerabilidad relacionados con las variables epidemiol\u00f3gicas que pueden afectar a la poblaci\u00f3n.<\/p>\n<p style=\"font-weight: 400; text-align: justify;\">\u201cHemos convocado a esta mesa t\u00e9cnica para ver la evoluci\u00f3n de los casos de gripe aviar en nuestra regi\u00f3n. Como Delegaci\u00f3n Presidencial Regional tenemos a cargo la seguridad y todas las l\u00edneas program\u00e1ticas de nuestro Gobierno se enmarcan en la seguridad econ\u00f3mica, seguridad social y seguridad ciudadana, por lo tanto, esto tambi\u00e9n tiene que ver con esos aspectos. Las instituciones participantes dieron cuenta de c\u00f3mo estamos resolviendo las denuncias, de la vigilancia, el manejo de las aves afectadas y c\u00f3mo va la extensi\u00f3n en el territorio, para determinar, justamente, las medidas preventivas que tenemos que reforzar\u201d, concluy\u00f3.<\/p>\n<p style=\"font-weight: 400; text-align: justify;\">En este sentido, la declaraci\u00f3n se constituye como un estado de reforzamiento de la vigilancia, mediante el monitoreo preciso y riguroso de las condiciones de riesgo y las respectivas vulnerabilidades asociadas a la amenaza, coordinando y activando a Senapred con el fin de actuar oportunamente frente a eventuales situaciones de emergencia.<\/p>\n<p style=\"font-weight: 400; text-align: justify;\">La directora regional (s) del SAG, Valeria Carrasco, actualiz\u00f3 la cantidad de casos reportados, reforzando el llamado a seguir las medidas preventivas y de denuncia. \u201cActualmente la regi\u00f3n presenta cuatro focos, dos de traspatio y dos de aves silvestres. Recordar a la comunidad en general que se deben tomar algunos resguardos, estando atentos principalmente al comportamiento de sus aves y denunciar al SAG en caso de que vea alg\u00fan comportamiento nervioso, ante mortalidad o si ve decaimiento, falta de apetito o algunos otros s\u00edntomas que no sean comunes en su comportamiento\u201d, recomend\u00f3 la directora.<\/p>\n<p style=\"font-weight: 400; text-align: justify;\">Los esfuerzos siguen concentrados en realizar llamados a la prevenci\u00f3n y en educar a la comunidad sobre las se\u00f1ales que podr\u00edan mostrar las aves, tanto de traspatio, como silvestres, tales como descoordinaci\u00f3n, respiraci\u00f3n dificultosa, falta de apetito, entre otras y tambi\u00e9n sobre las medidas de prevenci\u00f3n, manteniendo la limpieza y desinfecci\u00f3n de las instalaciones donde habitan las aves en forma peri\u00f3dica, como mantener un control en el ingreso de personas, utensilios, animales y veh\u00edculos a los gallineros.<\/p>\n<p style=\"font-weight: 400; text-align: justify;\">Del mismo modo, cabe recordar que los canales de comunicaci\u00f3n abiertos para dar aviso al SAG, a trav\u00e9s del tel\u00e9fono 22 3 451100, de lunes a domingo de 8:00 a 21:00 horas o escribiendo al WhatsApp +569 6908 9780 de lunes a domingo, las 24 horas del d\u00eda. Tambi\u00e9n al correo:\u00a0<a href=\"mailto:oficina.informaciones@sag.gob.cl\">oficina.informaciones@sag.gob.cl<\/a><\/p>\n<\/div><\/section><\/div>\n<div  style='height:50px' class='hr hr-invisible   avia-builder-el-6  el_after_av_one_full  el_before_av_social_share '><span class='hr-inner ' ><span class='hr-inner-style'><\/span><\/span><\/div>\n<div  class='av-social-sharing-box  avia-builder-el-7  el_after_av_hr  el_before_av_hr  '><div class='av-share-box'><h5 class='av-share-link-description av-no-toc '>Compartir esta noticia<\/h5><ul class='av-share-box-list noLightbox'><li class='av-share-link av-social-link-facebook' ><a target=\"_blank\" aria-label=\"Compartir en Facebook\" href='https:\/\/www.facebook.com\/sharer.php?u=https:\/\/radiorevelacionfm.cl\/?p=30723&#038;t=Decretan%20Alerta%20Verde%20Temprana%20Preventiva%20por%20Influenza%20Aviar%20en%20Ays%C3%A9n' aria-hidden='false' data-av_icon='\ue8f3' data-av_iconfont='entypo-fontello' title='' data-avia-related-tooltip='Compartir en Facebook' rel=\"noopener\"><span class='avia_hidden_link_text'>Compartir en Facebook<\/span><\/a><\/li><li class='av-share-link av-social-link-twitter' ><a target=\"_blank\" aria-label=\"Compartir en Twitter\" href='https:\/\/twitter.com\/share?text=Decretan%20Alerta%20Verde%20Temprana%20Preventiva%20por%20Influenza%20Aviar%20en%20Ays%C3%A9n&#038;url=https:\/\/radiorevelacionfm.cl\/?p=30723' aria-hidden='false' data-av_icon='\ue8f1' data-av_iconfont='entypo-fontello' title='' data-avia-related-tooltip='Compartir en Twitter' rel=\"noopener\"><span class='avia_hidden_link_text'>Compartir en Twitter<\/span><\/a><\/li><li class='av-share-link av-social-link-whatsapp' ><a target=\"_blank\" aria-label=\"Compartir en Whatsapp\" href='https:\/\/api.whatsapp.com\/send?text=https:\/\/radiorevelacionfm.cl\/?p=30723' aria-hidden='false' data-av_icon='\uf232' data-av_iconfont='entypo-fontello' title='' data-avia-related-tooltip='Compartir en Whatsapp' rel=\"noopener\"><span class='avia_hidden_link_text'>Compartir en Whatsapp<\/span><\/a><\/li><li class='av-share-link av-social-link-linkedin' ><a target=\"_blank\" aria-label=\"Compartir en LinkedIn\" href='https:\/\/linkedin.com\/shareArticle?mini=true&#038;title=Decretan%20Alerta%20Verde%20Temprana%20Preventiva%20por%20Influenza%20Aviar%20en%20Ays%C3%A9n&#038;url=https:\/\/radiorevelacionfm.cl\/?p=30723' aria-hidden='false' data-av_icon='\ue8fc' data-av_iconfont='entypo-fontello' title='' data-avia-related-tooltip='Compartir en LinkedIn' rel=\"noopener\"><span class='avia_hidden_link_text'>Compartir en LinkedIn<\/span><\/a><\/li><li class='av-share-link av-social-link-mail' ><a  aria-label=\"Compartir por correo\" href='mailto:?subject=Decretan%20Alerta%20Verde%20Temprana%20Preventiva%20por%20Influenza%20Aviar%20en%20Ays%C3%A9n&#038;body=https:\/\/radiorevelacionfm.cl\/?p=30723' aria-hidden='false' data-av_icon='\ue805' data-av_iconfont='entypo-fontello' title='' data-avia-related-tooltip='Compartir por correo'><span class='avia_hidden_link_text'>Compartir por correo<\/span><\/a><\/li><\/ul><\/div><\/div>\n<div  style='height:50px' class='hr hr-invisible   avia-builder-el-8  el_after_av_social_share  el_before_av_comments_list '><span class='hr-inner ' ><span class='hr-inner-style'><\/span><\/span><\/div>\n<div  class='av-buildercomment  av-blog-meta-html-info-disabled av-blog-meta-tag-disabled  '><\/div>\n","protected":false},"excerpt":{"rendered":"","protected":false},"author":1,"featured_media":30726,"comment_status":"open","ping_status":"open","sticky":false,"template":"","format":"standard","meta":{"footnotes":""},"categories":[38],"tags":[],"class_list":["post-30723","post","type-post","status-publish","format-standard","has-post-thumbnail","hentry","category-regional"],"jetpack_featured_media_url":"https:\/\/radiorevelacionfm.cl\/wp-content\/uploads\/2023\/05\/gallinas-1-1_optimized-1.jpg","_links":{"self":[{"href":"https:\/\/radiorevelacionfm.cl\/index.php?rest_route=\/wp\/v2\/posts\/30723","targetHints":{"allow":["GET"]}}],"collection":[{"href":"https:\/\/radiorevelacionfm.cl\/index.php?rest_route=\/wp\/v2\/posts"}],"about":[{"href":"https:\/\/radiorevelacionfm.cl\/index.php?rest_route=\/wp\/v2\/types\/post"}],"author":[{"embeddable":true,"href":"https:\/\/radiorevelacionfm.cl\/index.php?rest_route=\/wp\/v2\/users\/1"}],"replies":[{"embeddable":true,"href":"https:\/\/radiorevelacionfm.cl\/index.php?rest_route=%2Fwp%2Fv2%2Fcomments&post=30723"}],"version-history":[{"count":2,"href":"https:\/\/radiorevelacionfm.cl\/index.php?rest_route=\/wp\/v2\/posts\/30723\/revisions"}],"predecessor-version":[{"id":30727,"href":"https:\/\/radiorevelacionfm.cl\/index.php?rest_route=\/wp\/v2\/posts\/30723\/revisions\/30727"}],"wp:featuredmedia":[{"embeddable":true,"href":"https:\/\/radiorevelacionfm.cl\/index.php?rest_route=\/wp\/v2\/media\/30726"}],"wp:attachment":[{"href":"https:\/\/radiorevelacionfm.cl\/index.php?rest_route=%2Fwp%2Fv2%2Fmedia&parent=30723"}],"wp:term":[{"taxonomy":"category","embeddable":true,"href":"https:\/\/radiorevelacionfm.cl\/index.php?rest_route=%2Fwp%2Fv2%2Fcategories&post=30723"},{"taxonomy":"post_tag","embeddable":true,"href":"https:\/\/radiorevelacionfm.cl\/index.php?rest_route=%2Fwp%2Fv2%2Ftags&post=30723"}],"curies":[{"name":"wp","href":"https:\/\/api.w.org\/{rel}","templated":true}]}}