{"id":30720,"date":"2023-05-05T12:26:00","date_gmt":"2023-05-05T15:26:00","guid":{"rendered":"https:\/\/radiorevelacionfm.cl\/?p=30720"},"modified":"2023-05-05T12:26:00","modified_gmt":"2023-05-05T15:26:00","slug":"trabajadores-de-empresa-mowi-fueron-atendidos-por-diversos-servicios-publicos","status":"publish","type":"post","link":"https:\/\/radiorevelacionfm.cl\/?p=30720","title":{"rendered":"Trabajadores de empresa MOWI fueron atendidos por diversos servicios p\u00fablicos"},"content":{"rendered":"<div class=\"flex_column av_one_full  flex_column_div av-zero-column-padding first  avia-builder-el-0  el_before_av_one_full  avia-builder-el-first  \" style='border-radius:0px; '><div  class='avia-image-container  av-styling-    avia-builder-el-1  avia-builder-el-no-sibling  avia-align-center '  itemprop=\"image\" itemscope=\"itemscope\" itemtype=\"https:\/\/schema.org\/ImageObject\"  ><div class='avia-image-container-inner'><div class='avia-image-overlay-wrap'><img decoding=\"async\" class='wp-image-30721 avia-img-lazy-loading-not-30721 avia_image' src=\"https:\/\/radiorevelacionfm.cl\/wp-content\/uploads\/2023\/05\/MOWI-7-1-1.jpg\" alt='' title='MOWI 7 (1) (1)' height=\"600\" width=\"800\"  itemprop=\"thumbnailUrl\" srcset=\"https:\/\/radiorevelacionfm.cl\/wp-content\/uploads\/2023\/05\/MOWI-7-1-1.jpg 800w, https:\/\/radiorevelacionfm.cl\/wp-content\/uploads\/2023\/05\/MOWI-7-1-1-300x225.jpg 300w, https:\/\/radiorevelacionfm.cl\/wp-content\/uploads\/2023\/05\/MOWI-7-1-1-768x576.jpg 768w, https:\/\/radiorevelacionfm.cl\/wp-content\/uploads\/2023\/05\/MOWI-7-1-1-705x529.jpg 705w, https:\/\/radiorevelacionfm.cl\/wp-content\/uploads\/2023\/05\/MOWI-7-1-1-450x338.jpg 450w, https:\/\/radiorevelacionfm.cl\/wp-content\/uploads\/2023\/05\/MOWI-7-1-1-600x450.jpg 600w\" sizes=\"(max-width: 800px) 100vw, 800px\" \/><\/div><\/div><\/div><\/div><div class=\"flex_column av_one_full  flex_column_div av-zero-column-padding first  avia-builder-el-2  el_after_av_one_full  el_before_av_one_full  column-top-margin\" style='border-radius:0px; '><section class=\"av_textblock_section \"  itemscope=\"itemscope\" itemtype=\"https:\/\/schema.org\/BlogPosting\" itemprop=\"blogPost\" ><div class='avia_textblock  '   itemprop=\"text\" ><p style=\"text-align: center;\"><span style=\"font-size: 18pt;\"><strong>Trabajadores de empresa MOWI fueron atendidos por diversos servicios p\u00fablicos <\/strong><\/span><\/p>\n<div id=\"gtx-trans\" style=\"position: absolute; left: -50px; top: 4.31534px;\">\n<div class=\"gtx-trans-icon\"><\/div>\n<\/div>\n<\/div><\/section><\/div><div class=\"flex_column av_one_full  flex_column_div av-zero-column-padding first  avia-builder-el-4  el_after_av_one_full  el_before_av_hr  column-top-margin\" style='border-radius:0px; '><section class=\"av_textblock_section \"  itemscope=\"itemscope\" itemtype=\"https:\/\/schema.org\/BlogPosting\" itemprop=\"blogPost\" ><div class='avia_textblock  '   itemprop=\"text\" ><p style=\"text-align: justify;\">Recientemente y en el marco de un operativo de atenci\u00f3n a trabajadores de la empresa MOWI se llev\u00f3 a cabo una nueva jornada de Plaza de Justicia y Derechos Humanos, instancia coordinada por la empresa, y que ten\u00eda como objetivo ofrecer la atenci\u00f3n de diversos servicios p\u00fablicos al interior de la empresa, facilitando a sus trabajadores la realizaci\u00f3n de tr\u00e1mites y consultas.<\/p>\n<p style=\"text-align: justify;\">Cabe mencionar que en la oportunidad estuvieron presente el Servicio de Registro Civil e Identificaci\u00f3n, Servicio M\u00e9dico Legal, unidades dependientes de la Direcci\u00f3n de Desarrollo Comunitario del Municipio de Ays\u00e9n, sucursal IPS Ays\u00e9n, Caja de compensaci\u00f3n los Andes y Gendarmer\u00eda de Chile, quienes ofrecieron una degustaci\u00f3n de los productos que comercializan diariamente en su panader\u00eda.<\/p>\n<p style=\"text-align: justify;\">Juan Talma, trabajador de la empresa valor\u00f3 este tipo de iniciativas se\u00f1alando que \u201clo que est\u00e1n realizando es excelente, ya que para la mayor\u00eda de la gente que trabaja en la empresa no le dan los horarios para hacer tr\u00e1mites, y ojal\u00e1 se sigan realizando estas actividades, es una gran ayuda que la empresa le da a sus trabajadores ya que no tiene que salir, y as\u00ed tampoco tenemos que pedir permiso para hacer nuestras consultas y tr\u00e1mites\u201d.<\/p>\n<p style=\"text-align: justify;\">El Seremi de Justicia y Derechos Humanos, Samuel Navarro Castro destac\u00f3 la alianza estrat\u00e9gica con empresa Mowi indicando que \u201cestamos muy contentos de haber logrado esta alianza con una empresa del sector privado, porque eso nos permite llegar a una comunidad que a veces por razones laborales y por jornada de trabajo no puede acceder a ciertos servicios p\u00fablicos, y que la empresa nos permita estar ac\u00e1, no solamente a aquellos servicios del sector Justicia sino que otros servicios p\u00fablicos, facilita que los trabajadores realicen algunos tr\u00e1mites, consultas y gestiones. Esperamos seguir replic\u00e1ndolo con otras empresas, ya hemos estado organizando tambi\u00e9n con Juntas de Vecinos, Clubes de Adultos Mayores, y la comunidad organizada porque de esta forma podemos hacer estos operativos y acercar con ello la Justicia a la gente, que ha sido una orientaci\u00f3n del presidente Gabriel Boric de estar en terreno y siempre presentes\u201d.<\/p>\n<p style=\"text-align: justify;\">Mientras que la Jefa de Personas de la empresa MOWI, Teresita Vallejos se\u00f1al\u00f3 que \u201chemos tenido un constante contacto con los servicios p\u00fablicos y siempre hab\u00edamos hecho esto de forma individual con cada servicio, y en esta oportunidad se dio el caso de que se juntaron todas las instituciones y dijimos hag\u00e1moslo masivo y donde puedan venir todos, nos preocupamos igual de de hacer la convocatoria con tiempo y decirle a las personas los servicios que estar\u00edan presente, as\u00ed que yo creo que vamos a tener una segunda versi\u00f3n con otros servicios, ya que las personas lo agradecen mucho, puesto que no tienen que pedir permiso para hacer sus tr\u00e1mites, sabemos que al trabajar en Chacabuco se dificulta a\u00fan m\u00e1s realizar tr\u00e1mites ya sean en Ays\u00e9n y Coyhaique, entonces acercar los servicios p\u00fablicos a ellos, lo agradecen mucho\u201d.<\/p>\n<p style=\"text-align: justify;\">Finalmente, Udelinda Millao tambi\u00e9n trabajadora de MOWI agradeci\u00f3 la actividad indicando que \u201clo considero muy bueno ya que a veces nos cuesta mucho pedir permiso para concurrir a estas oficinas, es totalmente valorable porque muchos compa\u00f1eros tienen dudas e inquietudes, que pudieron resolver en esta oportunidad, ahora ser\u00eda bueno que se sigan realizando estas instancias y que pudieran sumarse otros servicios, fue un \u00e9xito, estaba lleno\u201d concluy\u00f3.<\/p>\n<\/div><\/section><\/div><div  style='height:50px' class='hr hr-invisible   avia-builder-el-6  el_after_av_one_full  el_before_av_social_share '><span class='hr-inner ' ><span class='hr-inner-style'><\/span><\/span><\/div><\/p>\n<div  class='av-social-sharing-box  avia-builder-el-7  el_after_av_hr  el_before_av_hr  '><div class='av-share-box'><h5 class='av-share-link-description av-no-toc '>Compartir esta noticia<\/h5><ul class='av-share-box-list noLightbox'><li class='av-share-link av-social-link-facebook' ><a target=\"_blank\" aria-label=\"Compartir en Facebook\" href='https:\/\/www.facebook.com\/sharer.php?u=https:\/\/radiorevelacionfm.cl\/?p=30720&#038;t=Trabajadores%20de%20empresa%20MOWI%20fueron%20atendidos%20por%20diversos%20servicios%20p%C3%BAblicos' aria-hidden='false' data-av_icon='\ue8f3' data-av_iconfont='entypo-fontello' title='' data-avia-related-tooltip='Compartir en Facebook' rel=\"noopener\"><span class='avia_hidden_link_text'>Compartir en Facebook<\/span><\/a><\/li><li class='av-share-link av-social-link-twitter' ><a target=\"_blank\" aria-label=\"Compartir en Twitter\" href='https:\/\/twitter.com\/share?text=Trabajadores%20de%20empresa%20MOWI%20fueron%20atendidos%20por%20diversos%20servicios%20p%C3%BAblicos&#038;url=https:\/\/radiorevelacionfm.cl\/?p=30720' aria-hidden='false' data-av_icon='\ue8f1' data-av_iconfont='entypo-fontello' title='' data-avia-related-tooltip='Compartir en Twitter' rel=\"noopener\"><span class='avia_hidden_link_text'>Compartir en Twitter<\/span><\/a><\/li><li class='av-share-link av-social-link-whatsapp' ><a target=\"_blank\" aria-label=\"Compartir en Whatsapp\" href='https:\/\/api.whatsapp.com\/send?text=https:\/\/radiorevelacionfm.cl\/?p=30720' aria-hidden='false' data-av_icon='\uf232' data-av_iconfont='entypo-fontello' title='' data-avia-related-tooltip='Compartir en Whatsapp' rel=\"noopener\"><span class='avia_hidden_link_text'>Compartir en Whatsapp<\/span><\/a><\/li><li class='av-share-link av-social-link-linkedin' ><a target=\"_blank\" aria-label=\"Compartir en LinkedIn\" href='https:\/\/linkedin.com\/shareArticle?mini=true&#038;title=Trabajadores%20de%20empresa%20MOWI%20fueron%20atendidos%20por%20diversos%20servicios%20p%C3%BAblicos&#038;url=https:\/\/radiorevelacionfm.cl\/?p=30720' aria-hidden='false' data-av_icon='\ue8fc' data-av_iconfont='entypo-fontello' title='' data-avia-related-tooltip='Compartir en LinkedIn' rel=\"noopener\"><span class='avia_hidden_link_text'>Compartir en LinkedIn<\/span><\/a><\/li><li class='av-share-link av-social-link-mail' ><a  aria-label=\"Compartir por correo\" href='mailto:?subject=Trabajadores%20de%20empresa%20MOWI%20fueron%20atendidos%20por%20diversos%20servicios%20p%C3%BAblicos&#038;body=https:\/\/radiorevelacionfm.cl\/?p=30720' aria-hidden='false' data-av_icon='\ue805' data-av_iconfont='entypo-fontello' title='' data-avia-related-tooltip='Compartir por correo'><span class='avia_hidden_link_text'>Compartir por correo<\/span><\/a><\/li><\/ul><\/div><\/div>\n<div  style='height:50px' class='hr hr-invisible   avia-builder-el-8  el_after_av_social_share  el_before_av_comments_list '><span class='hr-inner ' ><span class='hr-inner-style'><\/span><\/span><\/div>\n<div  class='av-buildercomment  av-blog-meta-html-info-disabled av-blog-meta-tag-disabled  '><\/div>\n","protected":false},"excerpt":{"rendered":"","protected":false},"author":1,"featured_media":30721,"comment_status":"open","ping_status":"open","sticky":false,"template":"","format":"standard","meta":{"footnotes":""},"categories":[55],"tags":[],"class_list":["post-30720","post","type-post","status-publish","format-standard","has-post-thumbnail","hentry","category-justicia"],"jetpack_featured_media_url":"https:\/\/radiorevelacionfm.cl\/wp-content\/uploads\/2023\/05\/MOWI-7-1-1.jpg","_links":{"self":[{"href":"https:\/\/radiorevelacionfm.cl\/index.php?rest_route=\/wp\/v2\/posts\/30720","targetHints":{"allow":["GET"]}}],"collection":[{"href":"https:\/\/radiorevelacionfm.cl\/index.php?rest_route=\/wp\/v2\/posts"}],"about":[{"href":"https:\/\/radiorevelacionfm.cl\/index.php?rest_route=\/wp\/v2\/types\/post"}],"author":[{"embeddable":true,"href":"https:\/\/radiorevelacionfm.cl\/index.php?rest_route=\/wp\/v2\/users\/1"}],"replies":[{"embeddable":true,"href":"https:\/\/radiorevelacionfm.cl\/index.php?rest_route=%2Fwp%2Fv2%2Fcomments&post=30720"}],"version-history":[{"count":1,"href":"https:\/\/radiorevelacionfm.cl\/index.php?rest_route=\/wp\/v2\/posts\/30720\/revisions"}],"predecessor-version":[{"id":30722,"href":"https:\/\/radiorevelacionfm.cl\/index.php?rest_route=\/wp\/v2\/posts\/30720\/revisions\/30722"}],"wp:featuredmedia":[{"embeddable":true,"href":"https:\/\/radiorevelacionfm.cl\/index.php?rest_route=\/wp\/v2\/media\/30721"}],"wp:attachment":[{"href":"https:\/\/radiorevelacionfm.cl\/index.php?rest_route=%2Fwp%2Fv2%2Fmedia&parent=30720"}],"wp:term":[{"taxonomy":"category","embeddable":true,"href":"https:\/\/radiorevelacionfm.cl\/index.php?rest_route=%2Fwp%2Fv2%2Fcategories&post=30720"},{"taxonomy":"post_tag","embeddable":true,"href":"https:\/\/radiorevelacionfm.cl\/index.php?rest_route=%2Fwp%2Fv2%2Ftags&post=30720"}],"curies":[{"name":"wp","href":"https:\/\/api.w.org\/{rel}","templated":true}]}}