{"id":30717,"date":"2023-05-05T10:33:12","date_gmt":"2023-05-05T13:33:12","guid":{"rendered":"https:\/\/radiorevelacionfm.cl\/?p=30717"},"modified":"2023-05-05T10:33:12","modified_gmt":"2023-05-05T13:33:12","slug":"seremi-de-gobierno-prepara-dialogo-ciudadano-y-escuela-de-formacion-para-organizaciones-sociales","status":"publish","type":"post","link":"https:\/\/radiorevelacionfm.cl\/?p=30717","title":{"rendered":"Seremi de Gobierno prepara Di\u00e1logo Ciudadano y Escuela de Formaci\u00f3n para organizaciones sociales"},"content":{"rendered":"<div class=\"flex_column av_one_full  flex_column_div av-zero-column-padding first  avia-builder-el-0  el_before_av_one_full  avia-builder-el-first  \" style='border-radius:0px; '><div  class='avia-image-container  av-styling-    avia-builder-el-1  avia-builder-el-no-sibling  avia-align-center '  itemprop=\"image\" itemscope=\"itemscope\" itemtype=\"https:\/\/schema.org\/ImageObject\"  ><div class='avia-image-container-inner'><div class='avia-image-overlay-wrap'><img decoding=\"async\" class='wp-image-30718 avia-img-lazy-loading-not-30718 avia_image' src=\"https:\/\/radiorevelacionfm.cl\/wp-content\/uploads\/2023\/05\/actividades-DOS2-1-1.jpg\" alt='' title='actividades DOS2 (1) (1)' height=\"600\" width=\"787\"  itemprop=\"thumbnailUrl\" srcset=\"https:\/\/radiorevelacionfm.cl\/wp-content\/uploads\/2023\/05\/actividades-DOS2-1-1.jpg 787w, https:\/\/radiorevelacionfm.cl\/wp-content\/uploads\/2023\/05\/actividades-DOS2-1-1-300x229.jpg 300w, https:\/\/radiorevelacionfm.cl\/wp-content\/uploads\/2023\/05\/actividades-DOS2-1-1-768x586.jpg 768w, https:\/\/radiorevelacionfm.cl\/wp-content\/uploads\/2023\/05\/actividades-DOS2-1-1-705x537.jpg 705w, https:\/\/radiorevelacionfm.cl\/wp-content\/uploads\/2023\/05\/actividades-DOS2-1-1-450x343.jpg 450w, https:\/\/radiorevelacionfm.cl\/wp-content\/uploads\/2023\/05\/actividades-DOS2-1-1-600x457.jpg 600w\" sizes=\"(max-width: 787px) 100vw, 787px\" \/><\/div><\/div><\/div><\/div><div class=\"flex_column av_one_full  flex_column_div av-zero-column-padding first  avia-builder-el-2  el_after_av_one_full  el_before_av_one_full  column-top-margin\" style='border-radius:0px; '><section class=\"av_textblock_section \"  itemscope=\"itemscope\" itemtype=\"https:\/\/schema.org\/BlogPosting\" itemprop=\"blogPost\" ><div class='avia_textblock  '   itemprop=\"text\" ><p style=\"text-align: center;\"><strong><span style=\"font-size: 18pt;\">Seremi de Gobierno prepara Di\u00e1logo Ciudadano y Escuela de Formaci\u00f3n para organizaciones sociales<\/span><\/strong><\/p>\n<div id=\"gtx-trans\" style=\"position: absolute; left: -50px; top: 4.31534px;\">\n<div class=\"gtx-trans-icon\"><\/div>\n<\/div>\n<\/div><\/section><\/div><div class=\"flex_column av_one_full  flex_column_div av-zero-column-padding first  avia-builder-el-4  el_after_av_one_full  el_before_av_hr  column-top-margin\" style='border-radius:0px; '><section class=\"av_textblock_section \"  itemscope=\"itemscope\" itemtype=\"https:\/\/schema.org\/BlogPosting\" itemprop=\"blogPost\" ><div class='avia_textblock  '   itemprop=\"text\" ><p style=\"text-align: justify;\">La SEREMI de Gobierno regi\u00f3n de Ays\u00e9n, a trav\u00e9s de la Divisi\u00f3n de Organizaciones Sociales (DOS), que depende del Ministerio Secretar\u00eda General de Gobierno; est\u00e1 preparando para este mes dos actividades informativas para organizaciones sociales de Coyhaique. La primera es un Di\u00e1logo Ciudadano sobre \u00abLey de Responsabilidad Parental y Pago Efectivo de Deudas de Pensiones de Alimentos\u00bb con mujeres del Sindicato de Manipuladoras de Alimentos regi\u00f3n de Ays\u00e9n y la segunda actividad ser\u00e1 una Escuela de Formaci\u00f3n Social, \u00abMujeres \u00a0Lideresas\u00bb en la localidad de Balmaceda.<\/p>\n<p style=\"text-align: justify;\">La Divisi\u00f3n de Organizaciones Sociales (DOS) le propuso al Sindicato de Manipuladoras de Alimentos regi\u00f3n de Ays\u00e9n, realizar un di\u00e1logo ciudadano por lo que en conjunto con Seremi de la Mujer surgi\u00f3 la idea de realizar un conversatorio sobre \u00abLey de Responsabilidad Parental y Pago Efectivo de Deudas de Pensiones de Alimentos\u00bb.\u00a0 Esta ley establece un procedimiento especial para el pago efectivo de las deudas por pensiones de alimentos, que regir\u00e1 a partir de este mes, seis meses despu\u00e9s de la entrada en vigencia del registro de deudores y deudoras de pensiones de alimentos, adem\u00e1s establece un mecanismo de pago permanente para la o las deudas de pensiones de alimentos con cada uno de los hijos e hijas de la persona deudora. Cabe se\u00f1alar, que ser\u00e1 el Estado el encargado de investigar las cuentas bancarias u otros documentos financieros de quienes poseen deudas, mejorando as\u00ed el acceso a esta informaci\u00f3n. Un dato importante en este sentido, es que seg\u00fan registros del Servicio de Impuestos Internos, en la \u00faltima Operaci\u00f3n Renta, se realiz\u00f3 la retenci\u00f3n de 420 millones de pesos a contribuyentes por concepto de pensi\u00f3n de alimentos impagas.<\/p>\n<p style=\"text-align: justify;\">La actividad se realizar\u00e1 con las integrantes del sindicato en dependencias del Liceo Josefina Aguirre Montenegro, ubicado en calle Carrera\u00a0 485 desde las 17:00 horas, el d\u00eda martes 9 de mayo.<\/p>\n<p style=\"text-align: justify;\">Tatiana Pl\u00e1, Seremi de Gobierno regi\u00f3n de Ays\u00e9n, particip\u00f3 en una Jornada Informativa sobre Ley de Responsabilidad Parental y Pago Efectivo de Deudas de Pensiones de Alimentos, encuentro que cont\u00f3 con la presencia de la Ministra de la Mujer y Equidad de G\u00e9nero, Antonia Orellana y autoridades del Gabinete Regional, as\u00ed como dirigentas y dirigentes sociales, funcionarias y funcionarios p\u00fablicos, actividad que fue realizada en el auditorio del MOP en Coyhaique, el viernes reci\u00e9n pasado, por lo que de ah\u00ed surgi\u00f3 la idea de replicar esta charla a las mujeres del Sindicato de Manipuladoras de Alimentos.<\/p>\n<p style=\"text-align: justify;\">La vocera de Gobierno se\u00f1al\u00f3: \u201cNuestro compromiso como Gobierno del Presidente Gabriel Boric es avanzar hacia la disminuci\u00f3n de la vulneraci\u00f3n de derechos fundamentales de ni\u00f1os, ni\u00f1as y adolescentes, as\u00ed como la violencia econ\u00f3mica que viven la mayor\u00eda de las mujeres en el pa\u00eds, qui\u00e9nes com\u00fanmente deben enfrentar solas los costos econ\u00f3micos de sus hijos e hijas. Por eso queremos que las organizaciones sociales, especialmente las que est\u00e1n formadas por mujeres, conozcan esta ley que entra en vigencia este mes\u201d.<\/p>\n<p style=\"text-align: justify;\">La Ley de Responsabilidad Parental y Pago Efectivo de Deudas de Pensiones de Alimentos permitir\u00e1 que las personas que est\u00e9n a cargo de menores de edad, a quienes se les adeude la pensi\u00f3n alimenticia, puedan recurrir a varias medidas de apremio para que \u00e9l o la deudora hagan pago efectivo de la pensi\u00f3n de alimentos, ya que tambi\u00e9n existen casos en donde es el padre quien se hace cargo de los hijos y\/o hijas.<\/p>\n<p style=\"text-align: justify;\"><strong>Taller Mujeres Lideresas<\/strong><\/p>\n<p style=\"text-align: justify;\">Otra de las actividades que desarrollar\u00e1 la Divisi\u00f3n de Organizaciones Sociales (DOS), dependiente de la SEREMI de Gobierno Ays\u00e9n, es una Escuela de Formaci\u00f3n Social, \u00abMujeres lideresas\u00bb, iniciativa que est\u00e1 inserta en la Malla Program\u00e1tica 2022-2026 de la DOS del Ministerio Secretar\u00eda General de Gobierno, dentro del eje: Chile Igualitario.<\/p>\n<p style=\"text-align: justify;\">Francisco Rubilar, Encargado de la Divisi\u00f3n de Organizaciones (DOS) de la Seremi de Gobierno regi\u00f3n de Ays\u00e9n, indic\u00f3: \u201cTras conversaciones con la Junta de Vecinos de la localidad de Balmaceda nos solicitaron poder ejecutar una Escuela de Formaci\u00f3n Social y pensamos que crear una instancia para formar \u2018Mujeres Lideresas\u2019 era la mejor opci\u00f3n para ellas por el rol social que desarrollan dentro de su comunidad\u201d.<\/p>\n<p style=\"text-align: justify;\">El prop\u00f3sito de esta Escuela es fomentar el cambio cultural a trav\u00e9s de la entrega de herramientas para potenciar las habilidades de liderazgo de las participantes y as\u00ed convertirse en un agente de cambio al interior de sus comunidades.<\/p>\n<p style=\"text-align: justify;\">La actividad se llevar\u00e1 a cabo en la Escuela Jos\u00e9 Antol\u00edn Silva Orme\u00f1o, en la localidad de Balmaceda, el viernes 19 de mayo,\u00a0 desde las 17:30 horas.<\/p>\n<\/div><\/section><\/div><div  style='height:50px' class='hr hr-invisible   avia-builder-el-6  el_after_av_one_full  el_before_av_social_share '><span class='hr-inner ' ><span class='hr-inner-style'><\/span><\/span><\/div><\/p>\n<div  class='av-social-sharing-box  avia-builder-el-7  el_after_av_hr  el_before_av_hr  '><div class='av-share-box'><h5 class='av-share-link-description av-no-toc '>Compartir esta noticia<\/h5><ul class='av-share-box-list noLightbox'><li class='av-share-link av-social-link-facebook' ><a target=\"_blank\" aria-label=\"Compartir en Facebook\" href='https:\/\/www.facebook.com\/sharer.php?u=https:\/\/radiorevelacionfm.cl\/?p=30717&#038;t=Seremi%20de%20Gobierno%20prepara%20Di%C3%A1logo%20Ciudadano%20y%20Escuela%20de%20Formaci%C3%B3n%20para%20organizaciones%20sociales' aria-hidden='false' data-av_icon='\ue8f3' data-av_iconfont='entypo-fontello' title='' data-avia-related-tooltip='Compartir en Facebook' rel=\"noopener\"><span class='avia_hidden_link_text'>Compartir en Facebook<\/span><\/a><\/li><li class='av-share-link av-social-link-twitter' ><a target=\"_blank\" aria-label=\"Compartir en Twitter\" href='https:\/\/twitter.com\/share?text=Seremi%20de%20Gobierno%20prepara%20Di%C3%A1logo%20Ciudadano%20y%20Escuela%20de%20Formaci%C3%B3n%20para%20organizaciones%20sociales&#038;url=https:\/\/radiorevelacionfm.cl\/?p=30717' aria-hidden='false' data-av_icon='\ue8f1' data-av_iconfont='entypo-fontello' title='' data-avia-related-tooltip='Compartir en Twitter' rel=\"noopener\"><span class='avia_hidden_link_text'>Compartir en Twitter<\/span><\/a><\/li><li class='av-share-link av-social-link-whatsapp' ><a target=\"_blank\" aria-label=\"Compartir en Whatsapp\" href='https:\/\/api.whatsapp.com\/send?text=https:\/\/radiorevelacionfm.cl\/?p=30717' aria-hidden='false' data-av_icon='\uf232' data-av_iconfont='entypo-fontello' title='' data-avia-related-tooltip='Compartir en Whatsapp' rel=\"noopener\"><span class='avia_hidden_link_text'>Compartir en Whatsapp<\/span><\/a><\/li><li class='av-share-link av-social-link-linkedin' ><a target=\"_blank\" aria-label=\"Compartir en LinkedIn\" href='https:\/\/linkedin.com\/shareArticle?mini=true&#038;title=Seremi%20de%20Gobierno%20prepara%20Di%C3%A1logo%20Ciudadano%20y%20Escuela%20de%20Formaci%C3%B3n%20para%20organizaciones%20sociales&#038;url=https:\/\/radiorevelacionfm.cl\/?p=30717' aria-hidden='false' data-av_icon='\ue8fc' data-av_iconfont='entypo-fontello' title='' data-avia-related-tooltip='Compartir en LinkedIn' rel=\"noopener\"><span class='avia_hidden_link_text'>Compartir en LinkedIn<\/span><\/a><\/li><li class='av-share-link av-social-link-mail' ><a  aria-label=\"Compartir por correo\" href='mailto:?subject=Seremi%20de%20Gobierno%20prepara%20Di%C3%A1logo%20Ciudadano%20y%20Escuela%20de%20Formaci%C3%B3n%20para%20organizaciones%20sociales&#038;body=https:\/\/radiorevelacionfm.cl\/?p=30717' aria-hidden='false' data-av_icon='\ue805' data-av_iconfont='entypo-fontello' title='' data-avia-related-tooltip='Compartir por correo'><span class='avia_hidden_link_text'>Compartir por correo<\/span><\/a><\/li><\/ul><\/div><\/div>\n<div  style='height:50px' class='hr hr-invisible   avia-builder-el-8  el_after_av_social_share  el_before_av_comments_list '><span class='hr-inner ' ><span class='hr-inner-style'><\/span><\/span><\/div>\n<div  class='av-buildercomment  av-blog-meta-html-info-disabled av-blog-meta-tag-disabled  '><\/div>\n","protected":false},"excerpt":{"rendered":"","protected":false},"author":1,"featured_media":30718,"comment_status":"open","ping_status":"open","sticky":false,"template":"","format":"standard","meta":{"footnotes":""},"categories":[38],"tags":[],"class_list":["post-30717","post","type-post","status-publish","format-standard","has-post-thumbnail","hentry","category-regional"],"jetpack_featured_media_url":"https:\/\/radiorevelacionfm.cl\/wp-content\/uploads\/2023\/05\/actividades-DOS2-1-1.jpg","_links":{"self":[{"href":"https:\/\/radiorevelacionfm.cl\/index.php?rest_route=\/wp\/v2\/posts\/30717","targetHints":{"allow":["GET"]}}],"collection":[{"href":"https:\/\/radiorevelacionfm.cl\/index.php?rest_route=\/wp\/v2\/posts"}],"about":[{"href":"https:\/\/radiorevelacionfm.cl\/index.php?rest_route=\/wp\/v2\/types\/post"}],"author":[{"embeddable":true,"href":"https:\/\/radiorevelacionfm.cl\/index.php?rest_route=\/wp\/v2\/users\/1"}],"replies":[{"embeddable":true,"href":"https:\/\/radiorevelacionfm.cl\/index.php?rest_route=%2Fwp%2Fv2%2Fcomments&post=30717"}],"version-history":[{"count":1,"href":"https:\/\/radiorevelacionfm.cl\/index.php?rest_route=\/wp\/v2\/posts\/30717\/revisions"}],"predecessor-version":[{"id":30719,"href":"https:\/\/radiorevelacionfm.cl\/index.php?rest_route=\/wp\/v2\/posts\/30717\/revisions\/30719"}],"wp:featuredmedia":[{"embeddable":true,"href":"https:\/\/radiorevelacionfm.cl\/index.php?rest_route=\/wp\/v2\/media\/30718"}],"wp:attachment":[{"href":"https:\/\/radiorevelacionfm.cl\/index.php?rest_route=%2Fwp%2Fv2%2Fmedia&parent=30717"}],"wp:term":[{"taxonomy":"category","embeddable":true,"href":"https:\/\/radiorevelacionfm.cl\/index.php?rest_route=%2Fwp%2Fv2%2Fcategories&post=30717"},{"taxonomy":"post_tag","embeddable":true,"href":"https:\/\/radiorevelacionfm.cl\/index.php?rest_route=%2Fwp%2Fv2%2Ftags&post=30717"}],"curies":[{"name":"wp","href":"https:\/\/api.w.org\/{rel}","templated":true}]}}