{"id":30711,"date":"2023-05-04T21:02:41","date_gmt":"2023-05-05T00:02:41","guid":{"rendered":"https:\/\/radiorevelacionfm.cl\/?p=30711"},"modified":"2023-05-04T21:02:41","modified_gmt":"2023-05-05T00:02:41","slug":"lanzan-concurso-literario-para-personas-mayores-de-aysen","status":"publish","type":"post","link":"https:\/\/radiorevelacionfm.cl\/?p=30711","title":{"rendered":"Lanzan concurso literario para personas mayores de Ays\u00e9n"},"content":{"rendered":"<div class=\"flex_column av_one_full  flex_column_div av-zero-column-padding first  avia-builder-el-0  el_before_av_one_full  avia-builder-el-first  \" style='border-radius:0px; '><div  class='avia-image-container  av-styling-    avia-builder-el-1  avia-builder-el-no-sibling  avia-align-center '  itemprop=\"image\" itemscope=\"itemscope\" itemtype=\"https:\/\/schema.org\/ImageObject\"  ><div class='avia-image-container-inner'><div class='avia-image-overlay-wrap'><img decoding=\"async\" class='wp-image-30712 avia-img-lazy-loading-not-30712 avia_image' src=\"https:\/\/radiorevelacionfm.cl\/wp-content\/uploads\/2023\/05\/Diario-1-2-1-1.jpg\" alt='' title='Diario 1 (2) (1) (1)' height=\"600\" width=\"800\"  itemprop=\"thumbnailUrl\" srcset=\"https:\/\/radiorevelacionfm.cl\/wp-content\/uploads\/2023\/05\/Diario-1-2-1-1.jpg 800w, https:\/\/radiorevelacionfm.cl\/wp-content\/uploads\/2023\/05\/Diario-1-2-1-1-300x225.jpg 300w, https:\/\/radiorevelacionfm.cl\/wp-content\/uploads\/2023\/05\/Diario-1-2-1-1-768x576.jpg 768w, https:\/\/radiorevelacionfm.cl\/wp-content\/uploads\/2023\/05\/Diario-1-2-1-1-705x529.jpg 705w, https:\/\/radiorevelacionfm.cl\/wp-content\/uploads\/2023\/05\/Diario-1-2-1-1-450x338.jpg 450w, https:\/\/radiorevelacionfm.cl\/wp-content\/uploads\/2023\/05\/Diario-1-2-1-1-600x450.jpg 600w\" sizes=\"(max-width: 800px) 100vw, 800px\" \/><\/div><\/div><\/div><\/div><div class=\"flex_column av_one_full  flex_column_div av-zero-column-padding first  avia-builder-el-2  el_after_av_one_full  el_before_av_one_full  column-top-margin\" style='border-radius:0px; '><section class=\"av_textblock_section \"  itemscope=\"itemscope\" itemtype=\"https:\/\/schema.org\/BlogPosting\" itemprop=\"blogPost\" ><div class='avia_textblock  '   itemprop=\"text\" ><p style=\"text-align: center;\"><span style=\"font-size: 18pt;\"><strong>Lanzan concurso literario para personas mayores de Ays\u00e9n <\/strong><\/span><\/p>\n<div id=\"gtx-trans\" style=\"position: absolute; left: -50px; top: 4.31534px;\">\n<div class=\"gtx-trans-icon\"><\/div>\n<\/div>\n<\/div><\/section><\/div><div class=\"flex_column av_one_full  flex_column_div av-zero-column-padding first  avia-builder-el-4  el_after_av_one_full  el_before_av_hr  column-top-margin\" style='border-radius:0px; '><section class=\"av_textblock_section \"  itemscope=\"itemscope\" itemtype=\"https:\/\/schema.org\/BlogPosting\" itemprop=\"blogPost\" ><div class='avia_textblock  '   itemprop=\"text\" ><p style=\"text-align: justify;\">En compa\u00f1\u00eda de adultos mayores y autoridades del sector, el Servicio Nacional del Adulto Mayor (SENAMA) Ays\u00e9n lanz\u00f3 el Concurso Literario Autobiogr\u00e1fico de Personas Mayores: \u201cUna Vida en Palabras\u201d, una iniciativa que\u00a0 s\u00f3lo el a\u00f1o pasado cont\u00f3 con la participaci\u00f3n de cerca de mil personas mayores a nivel nacional. El certamen est\u00e1 orientado a personas mayores de 60 a\u00f1os tanto de Chile como del extranjero que pueden participar con una obra autobiogr\u00e1fica, en verso o prosa, sobre un hecho o etapa significativa de sus vidas, con fecha l\u00edmite del 21 de julio del 2023.<\/p>\n<p style=\"text-align: justify;\">Karina Acevedo Auad, SEREMI de Desarrollo Social y Familia y presidenta del Comit\u00e9 Regional del Adulto Mayor Ays\u00e9n, explic\u00f3 que este concurso forma parte del Plan Nacional de Fomento de la Lectura del Consejo Nacional del Libro y es parte del programa de envejecimiento activo de SENAMA, iniciativas que buscan promover una imagen positiva de las personas mayores. \u201cComo gobierno hemos generado variadas acciones para mantener a las personas mayores activas, no s\u00f3lo en la parte f\u00edsica, sino tambi\u00e9n la cognitiva y social, por eso festejamos el lanzamiento de este concurso de autobiograf\u00edas donde no s\u00f3lo vamos a recordar la historia, sino que son sus protagonistas quienes las cuenten y traspasen a otras generaciones. Como Gobierno estamos tremendamente comprometidos en avanzar en un desarrollo integral para las personas mayores en una edad que puede ser maravillosa, alegre y divertida\u201d.<\/p>\n<p style=\"text-align: justify;\">El Concurso Literario Autobiogr\u00e1fico de Personas Mayores: \u201cUna Vida en Palabras\u201d elegir\u00e1 un ganador por cada regi\u00f3n, uno internacional y otro nacional, adem\u00e1s dos menciones honrosas por regi\u00f3n y para los relatos que llegan del extranjero, contemplando una Menci\u00f3n Inclusiva, y este a\u00f1o de manera especial, la Menci\u00f3n Conmemorativa: \u201cDemocracia es memoria y futuro\u201d, en el marco de los 50 a\u00f1os del Golpe de Estado.<\/p>\n<p style=\"text-align: justify;\">En esa l\u00ednea, Nicol\u00e1s Quilodr\u00e1n Ca\u00f1ete, coordinador regional de Senama, record\u00f3 que los plazos de postulaci\u00f3n son hasta el viernes 21 de julio y que \u201ccomo Senama Regi\u00f3n de Ays\u00e9n se ha querido generar el espacio a las personas mayores y relevar a trav\u00e9s de ellos la historia del mundo rural, entendemos que nuestra historia parte con una colonizaci\u00f3n donde muchos de los protagonistas, generaciones y relatos pueden estar plasmados en esta IX edici\u00f3n del concurso. Como Gobierno tambi\u00e9n se ha querido dar una impronta relacionada con los 50 a\u00f1os de conmemoraci\u00f3n del Golpe Militar y por lo tanto creemos que pueden haber historias con mucha relevancia respecto a ese periodo\u201d.<\/p>\n<p style=\"text-align: justify;\">Junto con agradecer la colaboraci\u00f3n de las instituciones, tales como la Coordinaci\u00f3n de Bibliotecas P\u00fablicas, SEREMI de las Culturas, las Artes y el Patrimonio, Biblioteca Popular Trinchera Utop\u00eda, entre otros, los organizadores recordaron que s\u00f3lo se admitir\u00e1n hasta 4 obras literarias por participante y que dichos textos deber\u00e1n ser entregados a trav\u00e9s de correo electr\u00f3nico a <a href=\"mailto:concursoliterario@senama.cl\">concursoliterario@senama.cl<\/a>, o bien presencialmente en la oficina regional de SENAMA, ubicada en 12 de octubre 163 y finalmente, para mayor informaci\u00f3n los interesados pueden visitar la p\u00e1gina del Servicio nacional del Adulto Mayor <a href=\"http:\/\/www.senama.gob.cl\">www.senama.gob.cl<\/a>.<\/p>\n<\/div><\/section><\/div><div  style='height:50px' class='hr hr-invisible   avia-builder-el-6  el_after_av_one_full  el_before_av_social_share '><span class='hr-inner ' ><span class='hr-inner-style'><\/span><\/span><\/div><\/p>\n<div  class='av-social-sharing-box  avia-builder-el-7  el_after_av_hr  el_before_av_hr  '><div class='av-share-box'><h5 class='av-share-link-description av-no-toc '>Compartir esta noticia<\/h5><ul class='av-share-box-list noLightbox'><li class='av-share-link av-social-link-facebook' ><a target=\"_blank\" aria-label=\"Compartir en Facebook\" href='https:\/\/www.facebook.com\/sharer.php?u=https:\/\/radiorevelacionfm.cl\/?p=30711&#038;t=Lanzan%20concurso%20literario%20para%20personas%20mayores%20de%20Ays%C3%A9n' aria-hidden='false' data-av_icon='\ue8f3' data-av_iconfont='entypo-fontello' title='' data-avia-related-tooltip='Compartir en Facebook' rel=\"noopener\"><span class='avia_hidden_link_text'>Compartir en Facebook<\/span><\/a><\/li><li class='av-share-link av-social-link-twitter' ><a target=\"_blank\" aria-label=\"Compartir en Twitter\" href='https:\/\/twitter.com\/share?text=Lanzan%20concurso%20literario%20para%20personas%20mayores%20de%20Ays%C3%A9n&#038;url=https:\/\/radiorevelacionfm.cl\/?p=30711' aria-hidden='false' data-av_icon='\ue8f1' data-av_iconfont='entypo-fontello' title='' data-avia-related-tooltip='Compartir en Twitter' rel=\"noopener\"><span class='avia_hidden_link_text'>Compartir en Twitter<\/span><\/a><\/li><li class='av-share-link av-social-link-whatsapp' ><a target=\"_blank\" aria-label=\"Compartir en Whatsapp\" href='https:\/\/api.whatsapp.com\/send?text=https:\/\/radiorevelacionfm.cl\/?p=30711' aria-hidden='false' data-av_icon='\uf232' data-av_iconfont='entypo-fontello' title='' data-avia-related-tooltip='Compartir en Whatsapp' rel=\"noopener\"><span class='avia_hidden_link_text'>Compartir en Whatsapp<\/span><\/a><\/li><li class='av-share-link av-social-link-linkedin' ><a target=\"_blank\" aria-label=\"Compartir en LinkedIn\" href='https:\/\/linkedin.com\/shareArticle?mini=true&#038;title=Lanzan%20concurso%20literario%20para%20personas%20mayores%20de%20Ays%C3%A9n&#038;url=https:\/\/radiorevelacionfm.cl\/?p=30711' aria-hidden='false' data-av_icon='\ue8fc' data-av_iconfont='entypo-fontello' title='' data-avia-related-tooltip='Compartir en LinkedIn' rel=\"noopener\"><span class='avia_hidden_link_text'>Compartir en LinkedIn<\/span><\/a><\/li><li class='av-share-link av-social-link-mail' ><a  aria-label=\"Compartir por correo\" href='mailto:?subject=Lanzan%20concurso%20literario%20para%20personas%20mayores%20de%20Ays%C3%A9n&#038;body=https:\/\/radiorevelacionfm.cl\/?p=30711' aria-hidden='false' data-av_icon='\ue805' data-av_iconfont='entypo-fontello' title='' data-avia-related-tooltip='Compartir por correo'><span class='avia_hidden_link_text'>Compartir por correo<\/span><\/a><\/li><\/ul><\/div><\/div>\n<div  style='height:50px' class='hr hr-invisible   avia-builder-el-8  el_after_av_social_share  el_before_av_comments_list '><span class='hr-inner ' ><span class='hr-inner-style'><\/span><\/span><\/div>\n<div  class='av-buildercomment  av-blog-meta-html-info-disabled av-blog-meta-tag-disabled  '><\/div>\n","protected":false},"excerpt":{"rendered":"","protected":false},"author":1,"featured_media":30712,"comment_status":"open","ping_status":"open","sticky":false,"template":"","format":"standard","meta":{"footnotes":""},"categories":[38],"tags":[],"class_list":["post-30711","post","type-post","status-publish","format-standard","has-post-thumbnail","hentry","category-regional"],"jetpack_featured_media_url":"https:\/\/radiorevelacionfm.cl\/wp-content\/uploads\/2023\/05\/Diario-1-2-1-1.jpg","_links":{"self":[{"href":"https:\/\/radiorevelacionfm.cl\/index.php?rest_route=\/wp\/v2\/posts\/30711","targetHints":{"allow":["GET"]}}],"collection":[{"href":"https:\/\/radiorevelacionfm.cl\/index.php?rest_route=\/wp\/v2\/posts"}],"about":[{"href":"https:\/\/radiorevelacionfm.cl\/index.php?rest_route=\/wp\/v2\/types\/post"}],"author":[{"embeddable":true,"href":"https:\/\/radiorevelacionfm.cl\/index.php?rest_route=\/wp\/v2\/users\/1"}],"replies":[{"embeddable":true,"href":"https:\/\/radiorevelacionfm.cl\/index.php?rest_route=%2Fwp%2Fv2%2Fcomments&post=30711"}],"version-history":[{"count":1,"href":"https:\/\/radiorevelacionfm.cl\/index.php?rest_route=\/wp\/v2\/posts\/30711\/revisions"}],"predecessor-version":[{"id":30713,"href":"https:\/\/radiorevelacionfm.cl\/index.php?rest_route=\/wp\/v2\/posts\/30711\/revisions\/30713"}],"wp:featuredmedia":[{"embeddable":true,"href":"https:\/\/radiorevelacionfm.cl\/index.php?rest_route=\/wp\/v2\/media\/30712"}],"wp:attachment":[{"href":"https:\/\/radiorevelacionfm.cl\/index.php?rest_route=%2Fwp%2Fv2%2Fmedia&parent=30711"}],"wp:term":[{"taxonomy":"category","embeddable":true,"href":"https:\/\/radiorevelacionfm.cl\/index.php?rest_route=%2Fwp%2Fv2%2Fcategories&post=30711"},{"taxonomy":"post_tag","embeddable":true,"href":"https:\/\/radiorevelacionfm.cl\/index.php?rest_route=%2Fwp%2Fv2%2Ftags&post=30711"}],"curies":[{"name":"wp","href":"https:\/\/api.w.org\/{rel}","templated":true}]}}