{"id":30703,"date":"2023-05-04T17:53:04","date_gmt":"2023-05-04T20:53:04","guid":{"rendered":"https:\/\/radiorevelacionfm.cl\/?p=30703"},"modified":"2023-05-04T17:53:04","modified_gmt":"2023-05-04T20:53:04","slug":"condenan-a-carabineros-en-retiro-por-secuestro-con-grave-dano-y-detencion-ilegal-de-exregidor-de-puerto-cisnes","status":"publish","type":"post","link":"https:\/\/radiorevelacionfm.cl\/?p=30703","title":{"rendered":"Condenan a carabineros en retiro por secuestro con grave da\u00f1o y detenci\u00f3n ilegal de exregidor de Puerto Cisnes"},"content":{"rendered":"<div class=\"flex_column av_one_full  flex_column_div av-zero-column-padding first  avia-builder-el-0  el_before_av_one_full  avia-builder-el-first  \" style='border-radius:0px; '><div  class='avia-image-container  av-styling-    avia-builder-el-1  avia-builder-el-no-sibling  avia-align-center '  itemprop=\"image\" itemscope=\"itemscope\" itemtype=\"https:\/\/schema.org\/ImageObject\"  ><div class='avia-image-container-inner'><div class='avia-image-overlay-wrap'><img decoding=\"async\" class='wp-image-30704 avia-img-lazy-loading-not-30704 avia_image' src=\"https:\/\/radiorevelacionfm.cl\/wp-content\/uploads\/2023\/05\/Foto-1-ministro-Alvaro-Mesa-1-2.jpg\" alt='' title='Foto 1 ministro Alvaro Mesa (1) (2)' height=\"600\" width=\"999\"  itemprop=\"thumbnailUrl\" srcset=\"https:\/\/radiorevelacionfm.cl\/wp-content\/uploads\/2023\/05\/Foto-1-ministro-Alvaro-Mesa-1-2.jpg 999w, https:\/\/radiorevelacionfm.cl\/wp-content\/uploads\/2023\/05\/Foto-1-ministro-Alvaro-Mesa-1-2-300x180.jpg 300w, https:\/\/radiorevelacionfm.cl\/wp-content\/uploads\/2023\/05\/Foto-1-ministro-Alvaro-Mesa-1-2-768x461.jpg 768w, https:\/\/radiorevelacionfm.cl\/wp-content\/uploads\/2023\/05\/Foto-1-ministro-Alvaro-Mesa-1-2-705x423.jpg 705w, https:\/\/radiorevelacionfm.cl\/wp-content\/uploads\/2023\/05\/Foto-1-ministro-Alvaro-Mesa-1-2-450x270.jpg 450w, https:\/\/radiorevelacionfm.cl\/wp-content\/uploads\/2023\/05\/Foto-1-ministro-Alvaro-Mesa-1-2-600x360.jpg 600w\" sizes=\"(max-width: 999px) 100vw, 999px\" \/><\/div><\/div><\/div><\/div><div class=\"flex_column av_one_full  flex_column_div av-zero-column-padding first  avia-builder-el-2  el_after_av_one_full  el_before_av_one_full  column-top-margin\" style='border-radius:0px; '><section class=\"av_textblock_section \"  itemscope=\"itemscope\" itemtype=\"https:\/\/schema.org\/BlogPosting\" itemprop=\"blogPost\" ><div class='avia_textblock  '   itemprop=\"text\" ><p style=\"text-align: center;\"><strong><span style=\"font-size: 18pt;\">Condenan a carabineros en retiro por secuestro con grave da\u00f1o y detenci\u00f3n ilegal de exregidor de Puerto Cisnes<\/span><\/strong><\/p>\n<div id=\"gtx-trans\" style=\"position: absolute; left: -50px; top: 4.31534px;\">\n<div class=\"gtx-trans-icon\"><\/div>\n<\/div>\n<\/div><\/section><\/div><div class=\"flex_column av_one_full  flex_column_div av-zero-column-padding first  avia-builder-el-4  el_after_av_one_full  el_before_av_hr  column-top-margin\" style='border-radius:0px; '><section class=\"av_textblock_section \"  itemscope=\"itemscope\" itemtype=\"https:\/\/schema.org\/BlogPosting\" itemprop=\"blogPost\" ><div class='avia_textblock  '   itemprop=\"text\" ><p class=\"v1MsoNormal\" style=\"text-align: justify;\">El ministro en visita extraordinaria para causas por violaciones a los derechos humanos de las jurisdicciones Temuco, Valdivia, Puerto Montt y Coyhaique, \u00c1lvaro Claudio Mesa Latorre, conden\u00f3 al coronel en retiro de Carabineros Miguel \u00c1ngel Rojas Quiroga a las penas de 12 a\u00f1os y 3 a\u00f1os de presidio, como autor del secuestro con grave da\u00f1o y detenci\u00f3n ilegal, respectivamente, en car\u00e1cter de lesa humanidad en contra de la v\u00edctima, el entonces regidor de Puerto Cisnes Elvin Altamirano Monje. Il\u00edcitos perpetrados en septiembre y octubre de 1973, en la comuna de Ays\u00e9n y la localidad de Puyuhuapi.<\/p>\n<p class=\"v1MsoNormal\" style=\"text-align: justify;\">En el fallo (causa rol 15.719-1), el ministro Mesa Latorre conden\u00f3, adem\u00e1s, al suboficial en retiro de Carabineros Luis Segundo Oyarzo Villegas a la pena de 3 a\u00f1os de presidio, por su responsabilidad como autor del delito de detenci\u00f3n ilegal.<\/p>\n<p class=\"v1MsoNormal\" style=\"text-align: justify;\">En la resoluci\u00f3n, el ministro en visita extraordinaria dio por establecido los siguientes hechos:<\/p>\n<p class=\"v1MsoNormal\" style=\"text-align: justify;\">\u00abQue en consecuencia, de la investigaci\u00f3n de los hechos ha quedado comprobado que Elvin Alfonso Altamirano Monje fue detenido ilegalmente por Carabineros de Chile de Puerto Cisnes en la localidad de Puyuhuapi, al margen de todo proceso judicial, sin que existiera orden de autoridad competente. Solo una orden verbal de Miguel \u00c1ngel Rojas Quiroga, teniente de Carabineros para la \u00e9poca. Elvin Altamirano Monje es llevado a Puerto Cisnes donde es embarcado junto a otros detenidos en un barco perteneciente a la empresa mar\u00edtima nacional. Llega a Puerto Chacabuco, donde es subido junto a los otros detenidos a un cami\u00f3n militar (lo que demuestra una vez m\u00e1s la relaci\u00f3n y compromiso s\u00f3lido en la comisar\u00eda de Puerto Ays\u00e9n entre Carabineros y Ej\u00e9rcito de Chile) con destino a Puerto Ays\u00e9n a otro recinto de Carabineros de Chile, el que correspond\u00eda a la Segunda Comisar\u00eda de Carabineros de Puerto Ays\u00e9n. La que se encontraba bajo el mando de oficiales Militares y de Carabineros antes detallados. Posteriormente, y despu\u00e9s de varios d\u00edas de estar privado de libertad ilegalmente se informa por radio de su muerte por aplicaci\u00f3n de la Ley de Fuga. Sin que la autoridad entregara el cuerpo a sus familiares. Su cuerpo aparece enterrado en una fosa com\u00fan del cementerio Municipal de Puerto Ays\u00e9n con fecha 22 de diciembre de 1973, siendo su causa de muerte traumatismo tor\u00e1xico por proyectiles bal\u00edsticos, muerte violenta causada por terceros, con fecha octubre de 1973, a las 20:24 horas en la ciudad de Puerto Ays\u00e9n, conforme a certificado de defunci\u00f3n agregado a fs. 1 vta.\u00bb, dice la resoluci\u00f3n.<\/p>\n<p class=\"v1MsoNormal\" style=\"text-align: justify;\">Agrega:\u00a0 \u00abQue asimismo, en el transcurso de la investigaci\u00f3n, se decret\u00f3 la inhumaci\u00f3n del cad\u00e1ver de Elvin Alfonso Altamirano Monge, que se encontraba sepultado en el cementerio de Puyuhuapi, (desde 2004), disponi\u00e9ndose su traslado al Servicio M\u00e9dico Legal de Santiago, el cual informa posteriormente que los restos \u00f3seos examinados corresponden en un 99,99% a los de Elvin Alfonso Altamirano Monje , seg\u00fan ORD.: 15655 de fecha 13 de agosto de 2010 del Servicio M\u00e9dico Legal del Gobierno de Chile, que corresponde a Informe Antropol\u00f3gico, Informe Odontol\u00f3gico Forense, Informe de Evidencia Asociada, Informe Pericial de Gen\u00e9tica Forense e Informe Pericial Integrado, reca\u00eddas en Protocolo N\u00b0 40\/90 U.E., de fs. 841 a fs. 897 (Tomo II).\u00bb<\/p>\n<p class=\"v1MsoNormal\" style=\"text-align: justify;\">En el aspecto civil, el ministro conden\u00f3 al fisco a pagar una indemnizaci\u00f3n total de $750.000.000 (setecientos cincuenta millones de pesos), por concepto de da\u00f1o moral a los hijos de Altamirano Monje, correspondiendo $150.000.000 (ciento cincuenta millones de pesos) para cada uno.<\/p>\n<\/div><\/section><\/div><div  style='height:50px' class='hr hr-invisible   avia-builder-el-6  el_after_av_one_full  el_before_av_social_share '><span class='hr-inner ' ><span class='hr-inner-style'><\/span><\/span><\/div><\/p>\n<div  class='av-social-sharing-box  avia-builder-el-7  el_after_av_hr  el_before_av_hr  '><div class='av-share-box'><h5 class='av-share-link-description av-no-toc '>Compartir esta noticia<\/h5><ul class='av-share-box-list noLightbox'><li class='av-share-link av-social-link-facebook' ><a target=\"_blank\" aria-label=\"Compartir en Facebook\" href='https:\/\/www.facebook.com\/sharer.php?u=https:\/\/radiorevelacionfm.cl\/?p=30703&#038;t=Condenan%20a%20carabineros%20en%20retiro%20por%20secuestro%20con%20grave%20da%C3%B1o%20y%20detenci%C3%B3n%20ilegal%20de%20exregidor%20de%20Puerto%20Cisnes' aria-hidden='false' data-av_icon='\ue8f3' data-av_iconfont='entypo-fontello' title='' data-avia-related-tooltip='Compartir en Facebook' rel=\"noopener\"><span class='avia_hidden_link_text'>Compartir en Facebook<\/span><\/a><\/li><li class='av-share-link av-social-link-twitter' ><a target=\"_blank\" aria-label=\"Compartir en Twitter\" href='https:\/\/twitter.com\/share?text=Condenan%20a%20carabineros%20en%20retiro%20por%20secuestro%20con%20grave%20da%C3%B1o%20y%20detenci%C3%B3n%20ilegal%20de%20exregidor%20de%20Puerto%20Cisnes&#038;url=https:\/\/radiorevelacionfm.cl\/?p=30703' aria-hidden='false' data-av_icon='\ue8f1' data-av_iconfont='entypo-fontello' title='' data-avia-related-tooltip='Compartir en Twitter' rel=\"noopener\"><span class='avia_hidden_link_text'>Compartir en Twitter<\/span><\/a><\/li><li class='av-share-link av-social-link-whatsapp' ><a target=\"_blank\" aria-label=\"Compartir en Whatsapp\" href='https:\/\/api.whatsapp.com\/send?text=https:\/\/radiorevelacionfm.cl\/?p=30703' aria-hidden='false' data-av_icon='\uf232' data-av_iconfont='entypo-fontello' title='' data-avia-related-tooltip='Compartir en Whatsapp' rel=\"noopener\"><span class='avia_hidden_link_text'>Compartir en Whatsapp<\/span><\/a><\/li><li class='av-share-link av-social-link-linkedin' ><a target=\"_blank\" aria-label=\"Compartir en LinkedIn\" href='https:\/\/linkedin.com\/shareArticle?mini=true&#038;title=Condenan%20a%20carabineros%20en%20retiro%20por%20secuestro%20con%20grave%20da%C3%B1o%20y%20detenci%C3%B3n%20ilegal%20de%20exregidor%20de%20Puerto%20Cisnes&#038;url=https:\/\/radiorevelacionfm.cl\/?p=30703' aria-hidden='false' data-av_icon='\ue8fc' data-av_iconfont='entypo-fontello' title='' data-avia-related-tooltip='Compartir en LinkedIn' rel=\"noopener\"><span class='avia_hidden_link_text'>Compartir en LinkedIn<\/span><\/a><\/li><li class='av-share-link av-social-link-mail' ><a  aria-label=\"Compartir por correo\" href='mailto:?subject=Condenan%20a%20carabineros%20en%20retiro%20por%20secuestro%20con%20grave%20da%C3%B1o%20y%20detenci%C3%B3n%20ilegal%20de%20exregidor%20de%20Puerto%20Cisnes&#038;body=https:\/\/radiorevelacionfm.cl\/?p=30703' aria-hidden='false' data-av_icon='\ue805' data-av_iconfont='entypo-fontello' title='' data-avia-related-tooltip='Compartir por correo'><span class='avia_hidden_link_text'>Compartir por correo<\/span><\/a><\/li><\/ul><\/div><\/div>\n<div  style='height:50px' class='hr hr-invisible   avia-builder-el-8  el_after_av_social_share  el_before_av_comments_list '><span class='hr-inner ' ><span class='hr-inner-style'><\/span><\/span><\/div>\n<div  class='av-buildercomment  av-blog-meta-html-info-disabled av-blog-meta-tag-disabled  '><\/div>\n","protected":false},"excerpt":{"rendered":"","protected":false},"author":1,"featured_media":30704,"comment_status":"open","ping_status":"open","sticky":false,"template":"","format":"standard","meta":{"footnotes":""},"categories":[55],"tags":[],"class_list":["post-30703","post","type-post","status-publish","format-standard","has-post-thumbnail","hentry","category-justicia"],"jetpack_featured_media_url":"https:\/\/radiorevelacionfm.cl\/wp-content\/uploads\/2023\/05\/Foto-1-ministro-Alvaro-Mesa-1-2.jpg","_links":{"self":[{"href":"https:\/\/radiorevelacionfm.cl\/index.php?rest_route=\/wp\/v2\/posts\/30703","targetHints":{"allow":["GET"]}}],"collection":[{"href":"https:\/\/radiorevelacionfm.cl\/index.php?rest_route=\/wp\/v2\/posts"}],"about":[{"href":"https:\/\/radiorevelacionfm.cl\/index.php?rest_route=\/wp\/v2\/types\/post"}],"author":[{"embeddable":true,"href":"https:\/\/radiorevelacionfm.cl\/index.php?rest_route=\/wp\/v2\/users\/1"}],"replies":[{"embeddable":true,"href":"https:\/\/radiorevelacionfm.cl\/index.php?rest_route=%2Fwp%2Fv2%2Fcomments&post=30703"}],"version-history":[{"count":1,"href":"https:\/\/radiorevelacionfm.cl\/index.php?rest_route=\/wp\/v2\/posts\/30703\/revisions"}],"predecessor-version":[{"id":30705,"href":"https:\/\/radiorevelacionfm.cl\/index.php?rest_route=\/wp\/v2\/posts\/30703\/revisions\/30705"}],"wp:featuredmedia":[{"embeddable":true,"href":"https:\/\/radiorevelacionfm.cl\/index.php?rest_route=\/wp\/v2\/media\/30704"}],"wp:attachment":[{"href":"https:\/\/radiorevelacionfm.cl\/index.php?rest_route=%2Fwp%2Fv2%2Fmedia&parent=30703"}],"wp:term":[{"taxonomy":"category","embeddable":true,"href":"https:\/\/radiorevelacionfm.cl\/index.php?rest_route=%2Fwp%2Fv2%2Fcategories&post=30703"},{"taxonomy":"post_tag","embeddable":true,"href":"https:\/\/radiorevelacionfm.cl\/index.php?rest_route=%2Fwp%2Fv2%2Ftags&post=30703"}],"curies":[{"name":"wp","href":"https:\/\/api.w.org\/{rel}","templated":true}]}}