{"id":30700,"date":"2023-05-04T19:26:01","date_gmt":"2023-05-04T22:26:01","guid":{"rendered":"https:\/\/radiorevelacionfm.cl\/?p=30700"},"modified":"2023-05-04T19:26:01","modified_gmt":"2023-05-04T22:26:01","slug":"dan-inicio-a-construccion-del-primer-centro-comunitario-de-cuidado-y-proteccion-de-puerto-aysen","status":"publish","type":"post","link":"https:\/\/radiorevelacionfm.cl\/?p=30700","title":{"rendered":"Dan inicio a construcci\u00f3n del primer Centro Comunitario de Cuidado y Protecci\u00f3n de Puerto Ays\u00e9n"},"content":{"rendered":"<div class=\"flex_column av_one_full  flex_column_div av-zero-column-padding first  avia-builder-el-0  el_before_av_one_full  avia-builder-el-first  \" style='border-radius:0px; '><div  class='avia-image-container  av-styling-    avia-builder-el-1  avia-builder-el-no-sibling  avia-align-center '  itemprop=\"image\" itemscope=\"itemscope\" itemtype=\"https:\/\/schema.org\/ImageObject\"  ><div class='avia-image-container-inner'><div class='avia-image-overlay-wrap'><img decoding=\"async\" class='wp-image-30701 avia-img-lazy-loading-not-30701 avia_image' src=\"https:\/\/radiorevelacionfm.cl\/wp-content\/uploads\/2023\/05\/foto-firma-acta-inicio-centro-cuidado-y-proteccion-de-puerto-aysen-1_optimized.jpg\" alt='' title='foto-firma-acta-inicio-centro-cuidado-y-protecci\u00f3n-de-puerto-ays\u00e9n-(1)_optimized' height=\"600\" width=\"842\"  itemprop=\"thumbnailUrl\" srcset=\"https:\/\/radiorevelacionfm.cl\/wp-content\/uploads\/2023\/05\/foto-firma-acta-inicio-centro-cuidado-y-proteccion-de-puerto-aysen-1_optimized.jpg 842w, https:\/\/radiorevelacionfm.cl\/wp-content\/uploads\/2023\/05\/foto-firma-acta-inicio-centro-cuidado-y-proteccion-de-puerto-aysen-1_optimized-300x214.jpg 300w, https:\/\/radiorevelacionfm.cl\/wp-content\/uploads\/2023\/05\/foto-firma-acta-inicio-centro-cuidado-y-proteccion-de-puerto-aysen-1_optimized-768x547.jpg 768w, https:\/\/radiorevelacionfm.cl\/wp-content\/uploads\/2023\/05\/foto-firma-acta-inicio-centro-cuidado-y-proteccion-de-puerto-aysen-1_optimized-260x185.jpg 260w, https:\/\/radiorevelacionfm.cl\/wp-content\/uploads\/2023\/05\/foto-firma-acta-inicio-centro-cuidado-y-proteccion-de-puerto-aysen-1_optimized-705x502.jpg 705w, https:\/\/radiorevelacionfm.cl\/wp-content\/uploads\/2023\/05\/foto-firma-acta-inicio-centro-cuidado-y-proteccion-de-puerto-aysen-1_optimized-450x321.jpg 450w, https:\/\/radiorevelacionfm.cl\/wp-content\/uploads\/2023\/05\/foto-firma-acta-inicio-centro-cuidado-y-proteccion-de-puerto-aysen-1_optimized-600x428.jpg 600w\" sizes=\"(max-width: 842px) 100vw, 842px\" \/><\/div><\/div><\/div><\/div><div class=\"flex_column av_one_full  flex_column_div av-zero-column-padding first  avia-builder-el-2  el_after_av_one_full  el_before_av_one_full  column-top-margin\" style='border-radius:0px; '><section class=\"av_textblock_section \"  itemscope=\"itemscope\" itemtype=\"https:\/\/schema.org\/BlogPosting\" itemprop=\"blogPost\" ><div class='avia_textblock  '   itemprop=\"text\" ><p style=\"text-align: center;\"><strong><span style=\"font-size: 18pt;\">Dan inicio a construcci\u00f3n del primer Centro Comunitario de Cuidado y Protecci\u00f3n de Puerto Ays\u00e9n<\/span><\/strong><\/p>\n<div id=\"gtx-trans\" style=\"position: absolute; left: -50px; top: 4.31534px;\">\n<div class=\"gtx-trans-icon\"><\/div>\n<\/div>\n<\/div><\/section><\/div><div class=\"flex_column av_one_full  flex_column_div av-zero-column-padding first  avia-builder-el-4  el_after_av_one_full  el_before_av_hr  column-top-margin\" style='border-radius:0px; '><section class=\"av_textblock_section \"  itemscope=\"itemscope\" itemtype=\"https:\/\/schema.org\/BlogPosting\" itemprop=\"blogPost\" ><div class='avia_textblock  '   itemprop=\"text\" ><p style=\"text-align: justify;\">En terreno y junto a autoridades, dirigentes y vecinos\/as del barrio La Balsa, se concret\u00f3 recientemente la firma del acta que da inicio a la construcci\u00f3n del primer Centro Comunitario de Cuidado y Protecci\u00f3n de Puerto Ays\u00e9n, espacio multiprop\u00f3sito que permitir\u00e1 fortalecer la atenci\u00f3n que requieren las mujeres y los grupos hist\u00f3ricamente excluidos, como adultos mayores, ni\u00f1as, ni\u00f1os, adolescentes y personas con dependencia, incluyendo a quienes est\u00e1n a cargo de su resguardo.<\/p>\n<p style=\"text-align: justify;\">Esta gran obra para la comunidad ser\u00e1 posible con aportes del Municipio y el financiamiento que otorga el Ministerio de Vivienda y Urbanismo (Minvu) a trav\u00e9s de una l\u00ednea de su programa Hogar Mejor, el cual bordea los 324 millones de pesos, impulsando as\u00ed una de las principales medidas del Gobierno del Presidente Boric, como es el hacer pol\u00edticas p\u00fablicas con enfoque de g\u00e9nero para avanzar hacia un Sistema Nacional de Cuidados.<\/p>\n<p style=\"text-align: justify;\">En espec\u00edfico el Centro Comunitario de Cuidados y Protecci\u00f3n de Puerto Ays\u00e9n, que tiene un plazo de 8 meses de ejecuci\u00f3n, abrir\u00e1 nuevos espacios de atenci\u00f3n, apoyo y entretenimiento para las personas cuidadoras y las cuidadas en sus labores cotidianas. Por eso, la obra se ubicar\u00e1 cerca de los equipamientos y servicios, incentivando adem\u00e1s alianzas sectoriales y la consolidaci\u00f3n de redes comunitarias presentes en nuestras ciudades, localidades y barrios.<\/p>\n<p style=\"text-align: justify;\">Tras la firma de las actas, la Seremi de Vivienda y Urbanismo, Paulina Ruz, destac\u00f3 los esfuerzos sectoriales para concretar obras que sin duda dejar\u00e1n huella en el futuro de la comuna de Ays\u00e9n. \u201cEste Centro es un hito important\u00edsimo para nosotros, ya que forma parte del Plan Ciudades Justas, iniciativa impulsada por el Minvu que busca justamente recuperar el rol p\u00fablico del Estado a trav\u00e9s de diversas l\u00edneas de acci\u00f3n, entre las que destaca el territorio de los cuidados. En este caso el Minvu financi\u00f3 el proyecto pensando justamente que, en espacios protegidos, cuidadoras y personas que encuentran al cuidado, puedan tener lugares de esparcimiento y de recreaci\u00f3n, pero tambi\u00e9n de capacitaci\u00f3n. Esto tambi\u00e9n pensando en la perspectiva de g\u00e9nero, ya que finalmente a trav\u00e9s de este tipo de acciones propiciamos a que tanto hombres como mujeres puedan estar en igualdad de condiciones para hacer una vida en sociedad \u201c, manifest\u00f3.<\/p>\n<p style=\"text-align: justify;\">De igual forma el Alcalde de Ays\u00e9n, Julio Uribe, valor\u00f3 este nuevo avance conjunto en obras concretas que mejoran la vida de las familias. \u201cEs algo muy bueno lo que nos ha pasado, los proyectos del Decreto Supremo 27 tambi\u00e9n fueron muchos m\u00e1s que en los a\u00f1os anteriores, por lo tanto, tambi\u00e9n estamos avanzando a pasos agigantados en poder cubrir las diferentes necesidades de nuestra comuna. Vivienda est\u00e1 dentro de los Ministerios con los que hemos podido trabajar en mejor forma en esta administraci\u00f3n, as\u00ed que estoy muy complacido de que podamos tener infraestructura que pueda venir en apoyo de nuestros vecinos y sobre todo tener un centro de protecci\u00f3n que ser\u00e1 realidad a trav\u00e9s de las pol\u00edticas del Gobierno\u201d, indic\u00f3.<\/p>\n<p style=\"text-align: justify;\">Tambi\u00e9n el Delegado Presidencial Provincial (S), Samuel Navarro, destac\u00f3 el impacto de estos proyectos tan necesarios para atender a los que m\u00e1s lo necesitan. \u201cCuando hablamos de c\u00f3mo mejoramos la vida a las personas este es un ejemplo concreto y cuando el Presidente nos ha pedido que estemos presentes en los territorios con la comunidad, para mejorar las condiciones que hoy tienen, esto es lo que marca la diferencia, lo que hace un antes y un despu\u00e9s. Se habla de un sector postergado, de labor social no remunerada, algo que era invisibilizado y no reconocido. Y hoy gracias a nuestro Gobierno que pone al centro los cuidados como una materia fundamental del sistema es que estamos presentes en obras como esta\u201d, afirm\u00f3.<\/p>\n<p style=\"text-align: justify;\">Finalmente, tambi\u00e9n los dirigentes vecinales del sector y del Barrio La Balsa se mostraron felices con el inicio de la construcci\u00f3n de Centro de Cuidado, el cual ser\u00e1 ejecutado por el contratista C\u00e9sar Bahamonde, en un plazo de 240 d\u00edas corridos y tendr\u00e1 al menos cuatro espacios: un espacio de cuidados; otro de actividad comunitaria, con una sala multiuso; un patio exterior para actividades recreativas y un espacio de econom\u00eda local, para desarrollar capacitaciones y talleres.<\/p>\n<\/div><\/section><\/div><div  style='height:50px' class='hr hr-invisible   avia-builder-el-6  el_after_av_one_full  el_before_av_social_share '><span class='hr-inner ' ><span class='hr-inner-style'><\/span><\/span><\/div><\/p>\n<div  class='av-social-sharing-box  avia-builder-el-7  el_after_av_hr  el_before_av_hr  '><div class='av-share-box'><h5 class='av-share-link-description av-no-toc '>Compartir esta noticia<\/h5><ul class='av-share-box-list noLightbox'><li class='av-share-link av-social-link-facebook' ><a target=\"_blank\" aria-label=\"Compartir en Facebook\" href='https:\/\/www.facebook.com\/sharer.php?u=https:\/\/radiorevelacionfm.cl\/?p=30700&#038;t=Dan%20inicio%20a%20construcci%C3%B3n%20del%20primer%20Centro%20Comunitario%20de%20Cuidado%20y%20Protecci%C3%B3n%20de%20Puerto%20Ays%C3%A9n' aria-hidden='false' data-av_icon='\ue8f3' data-av_iconfont='entypo-fontello' title='' data-avia-related-tooltip='Compartir en Facebook' rel=\"noopener\"><span class='avia_hidden_link_text'>Compartir en Facebook<\/span><\/a><\/li><li class='av-share-link av-social-link-twitter' ><a target=\"_blank\" aria-label=\"Compartir en Twitter\" href='https:\/\/twitter.com\/share?text=Dan%20inicio%20a%20construcci%C3%B3n%20del%20primer%20Centro%20Comunitario%20de%20Cuidado%20y%20Protecci%C3%B3n%20de%20Puerto%20Ays%C3%A9n&#038;url=https:\/\/radiorevelacionfm.cl\/?p=30700' aria-hidden='false' data-av_icon='\ue8f1' data-av_iconfont='entypo-fontello' title='' data-avia-related-tooltip='Compartir en Twitter' rel=\"noopener\"><span class='avia_hidden_link_text'>Compartir en Twitter<\/span><\/a><\/li><li class='av-share-link av-social-link-whatsapp' ><a target=\"_blank\" aria-label=\"Compartir en Whatsapp\" href='https:\/\/api.whatsapp.com\/send?text=https:\/\/radiorevelacionfm.cl\/?p=30700' aria-hidden='false' data-av_icon='\uf232' data-av_iconfont='entypo-fontello' title='' data-avia-related-tooltip='Compartir en Whatsapp' rel=\"noopener\"><span class='avia_hidden_link_text'>Compartir en Whatsapp<\/span><\/a><\/li><li class='av-share-link av-social-link-linkedin' ><a target=\"_blank\" aria-label=\"Compartir en LinkedIn\" href='https:\/\/linkedin.com\/shareArticle?mini=true&#038;title=Dan%20inicio%20a%20construcci%C3%B3n%20del%20primer%20Centro%20Comunitario%20de%20Cuidado%20y%20Protecci%C3%B3n%20de%20Puerto%20Ays%C3%A9n&#038;url=https:\/\/radiorevelacionfm.cl\/?p=30700' aria-hidden='false' data-av_icon='\ue8fc' data-av_iconfont='entypo-fontello' title='' data-avia-related-tooltip='Compartir en LinkedIn' rel=\"noopener\"><span class='avia_hidden_link_text'>Compartir en LinkedIn<\/span><\/a><\/li><li class='av-share-link av-social-link-mail' ><a  aria-label=\"Compartir por correo\" href='mailto:?subject=Dan%20inicio%20a%20construcci%C3%B3n%20del%20primer%20Centro%20Comunitario%20de%20Cuidado%20y%20Protecci%C3%B3n%20de%20Puerto%20Ays%C3%A9n&#038;body=https:\/\/radiorevelacionfm.cl\/?p=30700' aria-hidden='false' data-av_icon='\ue805' data-av_iconfont='entypo-fontello' title='' data-avia-related-tooltip='Compartir por correo'><span class='avia_hidden_link_text'>Compartir por correo<\/span><\/a><\/li><\/ul><\/div><\/div>\n<div  style='height:50px' class='hr hr-invisible   avia-builder-el-8  el_after_av_social_share  el_before_av_comments_list '><span class='hr-inner ' ><span class='hr-inner-style'><\/span><\/span><\/div>\n<div  class='av-buildercomment  av-blog-meta-html-info-disabled av-blog-meta-tag-disabled  '><\/div>\n","protected":false},"excerpt":{"rendered":"","protected":false},"author":1,"featured_media":30701,"comment_status":"open","ping_status":"open","sticky":false,"template":"","format":"standard","meta":{"footnotes":""},"categories":[57],"tags":[],"class_list":["post-30700","post","type-post","status-publish","format-standard","has-post-thumbnail","hentry","category-vivienda"],"jetpack_featured_media_url":"https:\/\/radiorevelacionfm.cl\/wp-content\/uploads\/2023\/05\/foto-firma-acta-inicio-centro-cuidado-y-proteccion-de-puerto-aysen-1_optimized.jpg","_links":{"self":[{"href":"https:\/\/radiorevelacionfm.cl\/index.php?rest_route=\/wp\/v2\/posts\/30700","targetHints":{"allow":["GET"]}}],"collection":[{"href":"https:\/\/radiorevelacionfm.cl\/index.php?rest_route=\/wp\/v2\/posts"}],"about":[{"href":"https:\/\/radiorevelacionfm.cl\/index.php?rest_route=\/wp\/v2\/types\/post"}],"author":[{"embeddable":true,"href":"https:\/\/radiorevelacionfm.cl\/index.php?rest_route=\/wp\/v2\/users\/1"}],"replies":[{"embeddable":true,"href":"https:\/\/radiorevelacionfm.cl\/index.php?rest_route=%2Fwp%2Fv2%2Fcomments&post=30700"}],"version-history":[{"count":1,"href":"https:\/\/radiorevelacionfm.cl\/index.php?rest_route=\/wp\/v2\/posts\/30700\/revisions"}],"predecessor-version":[{"id":30702,"href":"https:\/\/radiorevelacionfm.cl\/index.php?rest_route=\/wp\/v2\/posts\/30700\/revisions\/30702"}],"wp:featuredmedia":[{"embeddable":true,"href":"https:\/\/radiorevelacionfm.cl\/index.php?rest_route=\/wp\/v2\/media\/30701"}],"wp:attachment":[{"href":"https:\/\/radiorevelacionfm.cl\/index.php?rest_route=%2Fwp%2Fv2%2Fmedia&parent=30700"}],"wp:term":[{"taxonomy":"category","embeddable":true,"href":"https:\/\/radiorevelacionfm.cl\/index.php?rest_route=%2Fwp%2Fv2%2Fcategories&post=30700"},{"taxonomy":"post_tag","embeddable":true,"href":"https:\/\/radiorevelacionfm.cl\/index.php?rest_route=%2Fwp%2Fv2%2Ftags&post=30700"}],"curies":[{"name":"wp","href":"https:\/\/api.w.org\/{rel}","templated":true}]}}