{"id":30693,"date":"2023-05-04T13:33:25","date_gmt":"2023-05-04T16:33:25","guid":{"rendered":"https:\/\/radiorevelacionfm.cl\/?p=30693"},"modified":"2023-05-04T13:33:25","modified_gmt":"2023-05-04T16:33:25","slug":"en-villa-cerro-castillo-se-realizo-taller-para-la-construccion-del-reglamento-de-la-ley-de-biocombustibles-solidos","status":"publish","type":"post","link":"https:\/\/radiorevelacionfm.cl\/?p=30693","title":{"rendered":"En Villa Cerro Castillo se realiz\u00f3 taller para la construcci\u00f3n del reglamento de la Ley de Biocombustibles S\u00f3lidos"},"content":{"rendered":"<div class=\"flex_column av_one_full  flex_column_div av-zero-column-padding first  avia-builder-el-0  el_before_av_one_full  avia-builder-el-first  \" style='border-radius:0px; '><div  class='avia-image-container  av-styling-    avia-builder-el-1  avia-builder-el-no-sibling  avia-align-center '  itemprop=\"image\" itemscope=\"itemscope\" itemtype=\"https:\/\/schema.org\/ImageObject\"  ><div class='avia-image-container-inner'><div class='avia-image-overlay-wrap'><img decoding=\"async\" class='wp-image-30694 avia-img-lazy-loading-not-30694 avia_image' src=\"https:\/\/radiorevelacionfm.cl\/wp-content\/uploads\/2023\/05\/grupal2-1-1_optimized-1.jpeg\" alt='' title='grupal2-(1)-(1)_optimized (1)' height=\"600\" width=\"929\"  itemprop=\"thumbnailUrl\" srcset=\"https:\/\/radiorevelacionfm.cl\/wp-content\/uploads\/2023\/05\/grupal2-1-1_optimized-1.jpeg 929w, https:\/\/radiorevelacionfm.cl\/wp-content\/uploads\/2023\/05\/grupal2-1-1_optimized-1-300x194.jpeg 300w, https:\/\/radiorevelacionfm.cl\/wp-content\/uploads\/2023\/05\/grupal2-1-1_optimized-1-768x496.jpeg 768w, https:\/\/radiorevelacionfm.cl\/wp-content\/uploads\/2023\/05\/grupal2-1-1_optimized-1-705x455.jpeg 705w, https:\/\/radiorevelacionfm.cl\/wp-content\/uploads\/2023\/05\/grupal2-1-1_optimized-1-450x291.jpeg 450w, https:\/\/radiorevelacionfm.cl\/wp-content\/uploads\/2023\/05\/grupal2-1-1_optimized-1-600x388.jpeg 600w\" sizes=\"(max-width: 929px) 100vw, 929px\" \/><\/div><\/div><\/div><\/div><div class=\"flex_column av_one_full  flex_column_div av-zero-column-padding first  avia-builder-el-2  el_after_av_one_full  el_before_av_one_full  column-top-margin\" style='border-radius:0px; '><section class=\"av_textblock_section \"  itemscope=\"itemscope\" itemtype=\"https:\/\/schema.org\/BlogPosting\" itemprop=\"blogPost\" ><div class='avia_textblock  '   itemprop=\"text\" ><p style=\"text-align: center;\"><span style=\"font-size: 18pt;\"><strong>En Villa Cerro Castillo se realiz\u00f3 taller para la construcci\u00f3n del reglamento de la Ley de Biocombustibles S\u00f3lidos \u00a0<\/strong><\/span><\/p>\n<div id=\"gtx-trans\" style=\"position: absolute; left: -50px; top: 4.31534px;\">\n<div class=\"gtx-trans-icon\"><\/div>\n<\/div>\n<\/div><\/section><\/div><div class=\"flex_column av_one_full  flex_column_div av-zero-column-padding first  avia-builder-el-4  el_after_av_one_full  el_before_av_hr  column-top-margin\" style='border-radius:0px; '><section class=\"av_textblock_section \"  itemscope=\"itemscope\" itemtype=\"https:\/\/schema.org\/BlogPosting\" itemprop=\"blogPost\" ><div class='avia_textblock  '   itemprop=\"text\" ><p style=\"text-align: justify;\">Una actividad ciudadana participativa se realiz\u00f3 en la localidad de Cerro Castillo, la que tuvo como finalidad avanzar en la elaboraci\u00f3n del reglamento de la nueva Ley de Biocombustibles S\u00f3lidos (Ley N 21.499). La actividad encabezada por el Delegado Presidencial Provincial de General Carrera, Crist\u00f3bal Barcel\u00f3, y el Seremi de Energ\u00eda de Ays\u00e9n, Carlos D\u00edaz, reuni\u00f3 a diferentes actores locales entre ellos productores, comercializadores, consumidores, municipios y servicios p\u00fablicos, quienes aportaron con sus experiencias y visiones.<\/p>\n<p style=\"text-align: justify;\">Al respecto, el Delegado Barcel\u00f3 destac\u00f3 que \u201crecibimos al Seremi de Energ\u00eda en la localidad de Villa Cerro Castillo con su equipo para desarrollar este taller en base a la nueva Ley de Bicombustibles S\u00f3lidos, que tiene mucho que ver con la producci\u00f3n y con el tratamiento de la le\u00f1a en nuestra regi\u00f3n. En ese sentido, estamos muy agradecidos que se pueda realizar este proceso de descentralizaci\u00f3n, que tiene que ver con tomar decisiones en base a las caracter\u00edsticas de cada uno de los territorios y por supuesto nosotros como provincia del General Carrera en la comuna de R\u00edo Ib\u00e1\u00f1ez\u201d.<\/p>\n<p style=\"text-align: justify;\">Seg\u00fan explic\u00f3 el Seremi D\u00edaz, esta instancia de participaci\u00f3n ciudadana que se realiz\u00f3 anteriormente en las ciudades de Coyhaique y Puerto Ays\u00e9n, busca incorporar la visi\u00f3n de los territorios en la nueva normativa\u00a0 \u201cesta actividad corresponde al proceso participativo de la construcci\u00f3n del reglamento de una ley que ya est\u00e1 promulgada, la Ley de Bicombustibles S\u00f3lidos, y este reglamento lo que va a hacer es regular la comercializaci\u00f3n de la le\u00f1a en t\u00e9rminos de sus caracter\u00edsticas, de su calidad, principalmente en el m\u00e1ximo de humedad que puede tener. Esta ley, as\u00ed como el reglamento, est\u00e1n motivados por la descontaminaci\u00f3n de las ciudades de Coyhaique y Puerto Ays\u00e9n principalmente, que son las dos zonas saturadas que tenemos en la regi\u00f3n\u201d explic\u00f3 la autoridad regional de Energ\u00eda.<\/p>\n<p style=\"text-align: justify;\">Adem\u00e1s, D\u00edaz agreg\u00f3 que \u201cen estas actividades es donde se hace carne la descentralizaci\u00f3n y la regionalizaci\u00f3n, porque el reglamento tiene la posibilidad de tener especificaciones por regi\u00f3n, cada regi\u00f3n en el tema le\u00f1ero es diferente y cada regi\u00f3n con sus particularidades y diferentes condiciones, que es lo que estamos recogiendo en estos talleres\u201d.<\/p>\n<p style=\"text-align: justify;\">En la primera parte de la jornada se desarroll\u00f3 un trabajo participativo que abord\u00f3 cuatro temas transversales; acreditaci\u00f3n del origen de la biomasa para centros de procesamiento, autoconsumo de BCS, peque\u00f1os centros de procesamiento de biomasa, y usos tradicionales y culturales de la le\u00f1a en comunidades ind\u00edgenas.<\/p>\n<p style=\"text-align: justify;\">Adem\u00e1s, se analizaron las condiciones de almacenamiento, mediciones, controles y registro de las operaciones que se deber\u00e1n considerar para la certificaci\u00f3n de calidad, especificaciones t\u00e9cnicas y el plan de modernizaci\u00f3n tanto para la le\u00f1a como para el pellet.<\/p>\n<p style=\"text-align: justify;\">Ricardo Garc\u00eda qui\u00e9n se dedica a la venta de le\u00f1a destac\u00f3 que \u201cme pareci\u00f3 bien este taller, el tema de c\u00f3mo controlar la venta de le\u00f1a verde y los planes de manejo, y ver como los le\u00f1eros podemos aportar en este tema. Fue una buena instancia para compartir lo que uno sabe, ya que yo me dedico a eso, soy trabajador independiente forestal se puede decir. Tuve varias temporadas en el trabajo de la le\u00f1a y me interesaba informarme un poco de que se trata y ver que es lo que se viene a futuro\u201d.<\/p>\n<p style=\"text-align: justify;\">En tanto el productor de la zona Ernesto Sandoval destac\u00f3 que \u201cesta actividad me pareci\u00f3 muy importante ya que hay tem\u00e1ticas que fueron expuestas hoy que es importante aclarar y conocer. Ahora si bien van a pasar un par de a\u00f1os para su implementaci\u00f3n ac\u00e1, es bueno poder dar nuestra opini\u00f3n y que se considere a los trabajadores del rubro\u201d.<\/p>\n<p style=\"text-align: justify;\"><strong>Aspectos de la Ley de Biocombustibles S\u00f3lidos<\/strong><\/p>\n<p style=\"text-align: justify;\">Beneficios para el consumidor<\/p>\n<ul style=\"text-align: justify;\">\n<li>Compra de producto con mayor poder calor\u00edfico, lo que significa un ahorro inmediato.<\/li>\n<li>Evita la contaminaci\u00f3n local y problemas de salud, lo que significa un ahorro futuro y una mejora para la comunidad.<\/li>\n<li>El formato \u00fanico permite comparar precios, por lo que existir\u00e1 mejor informaci\u00f3n para el consumidor.<\/li>\n<li>La le\u00f1a seca y dimensionada est\u00e1 lista para su uso inmediato<\/li>\n<\/ul>\n<p style=\"text-align: justify;\">Beneficios para el productor<\/p>\n<ul style=\"text-align: justify;\">\n<li>Productores y comercializadores recibir\u00e1n apoyo mediante distintos programas para poder adecuarse a la regulaci\u00f3n.<\/li>\n<li>Terminar\u00e1 la competencia desleal de productores que venden le\u00f1a h\u00fameda, que impacta negativamente en la salud de las personas y quienes realizan esfuerzos para ofrecer un producto de calidad.<\/li>\n<li>Se aborda otros biocombustibles s\u00f3lidos, permitiendo el desarrollo de nuevos mercados para la biomasa, generando empleos sobre la base de un recurso local.<\/li>\n<\/ul>\n<\/div><\/section><\/div><div  style='height:50px' class='hr hr-invisible   avia-builder-el-6  el_after_av_one_full  el_before_av_social_share '><span class='hr-inner ' ><span class='hr-inner-style'><\/span><\/span><\/div><\/p>\n<div  class='av-social-sharing-box  avia-builder-el-7  el_after_av_hr  el_before_av_hr  '><div class='av-share-box'><h5 class='av-share-link-description av-no-toc '>Compartir esta noticia<\/h5><ul class='av-share-box-list noLightbox'><li class='av-share-link av-social-link-facebook' ><a target=\"_blank\" aria-label=\"Compartir en Facebook\" href='https:\/\/www.facebook.com\/sharer.php?u=https:\/\/radiorevelacionfm.cl\/?p=30693&#038;t=En%20Villa%20Cerro%20Castillo%20se%20realiz%C3%B3%20taller%20para%20la%20construcci%C3%B3n%20del%20reglamento%20de%20la%20Ley%20de%20Biocombustibles%20S%C3%B3lidos' aria-hidden='false' data-av_icon='\ue8f3' data-av_iconfont='entypo-fontello' title='' data-avia-related-tooltip='Compartir en Facebook' rel=\"noopener\"><span class='avia_hidden_link_text'>Compartir en Facebook<\/span><\/a><\/li><li class='av-share-link av-social-link-twitter' ><a target=\"_blank\" aria-label=\"Compartir en Twitter\" href='https:\/\/twitter.com\/share?text=En%20Villa%20Cerro%20Castillo%20se%20realiz%C3%B3%20taller%20para%20la%20construcci%C3%B3n%20del%20reglamento%20de%20la%20Ley%20de%20Biocombustibles%20S%C3%B3lidos&#038;url=https:\/\/radiorevelacionfm.cl\/?p=30693' aria-hidden='false' data-av_icon='\ue8f1' data-av_iconfont='entypo-fontello' title='' data-avia-related-tooltip='Compartir en Twitter' rel=\"noopener\"><span class='avia_hidden_link_text'>Compartir en Twitter<\/span><\/a><\/li><li class='av-share-link av-social-link-whatsapp' ><a target=\"_blank\" aria-label=\"Compartir en Whatsapp\" href='https:\/\/api.whatsapp.com\/send?text=https:\/\/radiorevelacionfm.cl\/?p=30693' aria-hidden='false' data-av_icon='\uf232' data-av_iconfont='entypo-fontello' title='' data-avia-related-tooltip='Compartir en Whatsapp' rel=\"noopener\"><span class='avia_hidden_link_text'>Compartir en Whatsapp<\/span><\/a><\/li><li class='av-share-link av-social-link-linkedin' ><a target=\"_blank\" aria-label=\"Compartir en LinkedIn\" href='https:\/\/linkedin.com\/shareArticle?mini=true&#038;title=En%20Villa%20Cerro%20Castillo%20se%20realiz%C3%B3%20taller%20para%20la%20construcci%C3%B3n%20del%20reglamento%20de%20la%20Ley%20de%20Biocombustibles%20S%C3%B3lidos&#038;url=https:\/\/radiorevelacionfm.cl\/?p=30693' aria-hidden='false' data-av_icon='\ue8fc' data-av_iconfont='entypo-fontello' title='' data-avia-related-tooltip='Compartir en LinkedIn' rel=\"noopener\"><span class='avia_hidden_link_text'>Compartir en LinkedIn<\/span><\/a><\/li><li class='av-share-link av-social-link-mail' ><a  aria-label=\"Compartir por correo\" href='mailto:?subject=En%20Villa%20Cerro%20Castillo%20se%20realiz%C3%B3%20taller%20para%20la%20construcci%C3%B3n%20del%20reglamento%20de%20la%20Ley%20de%20Biocombustibles%20S%C3%B3lidos&#038;body=https:\/\/radiorevelacionfm.cl\/?p=30693' aria-hidden='false' data-av_icon='\ue805' data-av_iconfont='entypo-fontello' title='' data-avia-related-tooltip='Compartir por correo'><span class='avia_hidden_link_text'>Compartir por correo<\/span><\/a><\/li><\/ul><\/div><\/div>\n<div  style='height:50px' class='hr hr-invisible   avia-builder-el-8  el_after_av_social_share  el_before_av_comments_list '><span class='hr-inner ' ><span class='hr-inner-style'><\/span><\/span><\/div>\n<div  class='av-buildercomment  av-blog-meta-html-info-disabled av-blog-meta-tag-disabled  '><\/div>\n","protected":false},"excerpt":{"rendered":"","protected":false},"author":1,"featured_media":30694,"comment_status":"open","ping_status":"open","sticky":false,"template":"","format":"standard","meta":{"footnotes":""},"categories":[38],"tags":[],"class_list":["post-30693","post","type-post","status-publish","format-standard","has-post-thumbnail","hentry","category-regional"],"jetpack_featured_media_url":"https:\/\/radiorevelacionfm.cl\/wp-content\/uploads\/2023\/05\/grupal2-1-1_optimized-1.jpeg","_links":{"self":[{"href":"https:\/\/radiorevelacionfm.cl\/index.php?rest_route=\/wp\/v2\/posts\/30693","targetHints":{"allow":["GET"]}}],"collection":[{"href":"https:\/\/radiorevelacionfm.cl\/index.php?rest_route=\/wp\/v2\/posts"}],"about":[{"href":"https:\/\/radiorevelacionfm.cl\/index.php?rest_route=\/wp\/v2\/types\/post"}],"author":[{"embeddable":true,"href":"https:\/\/radiorevelacionfm.cl\/index.php?rest_route=\/wp\/v2\/users\/1"}],"replies":[{"embeddable":true,"href":"https:\/\/radiorevelacionfm.cl\/index.php?rest_route=%2Fwp%2Fv2%2Fcomments&post=30693"}],"version-history":[{"count":1,"href":"https:\/\/radiorevelacionfm.cl\/index.php?rest_route=\/wp\/v2\/posts\/30693\/revisions"}],"predecessor-version":[{"id":30695,"href":"https:\/\/radiorevelacionfm.cl\/index.php?rest_route=\/wp\/v2\/posts\/30693\/revisions\/30695"}],"wp:featuredmedia":[{"embeddable":true,"href":"https:\/\/radiorevelacionfm.cl\/index.php?rest_route=\/wp\/v2\/media\/30694"}],"wp:attachment":[{"href":"https:\/\/radiorevelacionfm.cl\/index.php?rest_route=%2Fwp%2Fv2%2Fmedia&parent=30693"}],"wp:term":[{"taxonomy":"category","embeddable":true,"href":"https:\/\/radiorevelacionfm.cl\/index.php?rest_route=%2Fwp%2Fv2%2Fcategories&post=30693"},{"taxonomy":"post_tag","embeddable":true,"href":"https:\/\/radiorevelacionfm.cl\/index.php?rest_route=%2Fwp%2Fv2%2Ftags&post=30693"}],"curies":[{"name":"wp","href":"https:\/\/api.w.org\/{rel}","templated":true}]}}