{"id":30691,"date":"2023-05-04T11:33:38","date_gmt":"2023-05-04T14:33:38","guid":{"rendered":"https:\/\/radiorevelacionfm.cl\/?p=30691"},"modified":"2023-05-04T12:23:20","modified_gmt":"2023-05-04T15:23:20","slug":"pdi-detiene-a-integrante-de-banda-involucrada-en-tres-robos-en-la-comuna-de-coyhaique","status":"publish","type":"post","link":"https:\/\/radiorevelacionfm.cl\/?p=30691","title":{"rendered":"PDI detiene a integrante de banda involucrada en tres robos en la comuna de Coyhaique"},"content":{"rendered":"<div class=\"flex_column av_one_full  flex_column_div av-zero-column-padding first  avia-builder-el-0  el_before_av_one_full  avia-builder-el-first  \" style='border-radius:0px; '><div  class='avia-image-container  av-styling-    avia-builder-el-1  avia-builder-el-no-sibling  avia-align-center '  itemprop=\"image\" itemscope=\"itemscope\" itemtype=\"https:\/\/schema.org\/ImageObject\"  ><div class='avia-image-container-inner'><div class='avia-image-overlay-wrap'><img decoding=\"async\" class='wp-image-18858 avia-img-lazy-loading-not-18858 avia_image' src=\"https:\/\/radiorevelacionfm.cl\/wp-content\/uploads\/2022\/07\/Referencial-detenido-PDI-004-1-1-1.jpg\" alt='' title='Referencial detenido PDI 004 (1) (1) (1)' height=\"600\" width=\"900\"  itemprop=\"thumbnailUrl\" srcset=\"https:\/\/radiorevelacionfm.cl\/wp-content\/uploads\/2022\/07\/Referencial-detenido-PDI-004-1-1-1.jpg 900w, https:\/\/radiorevelacionfm.cl\/wp-content\/uploads\/2022\/07\/Referencial-detenido-PDI-004-1-1-1-300x200.jpg 300w, https:\/\/radiorevelacionfm.cl\/wp-content\/uploads\/2022\/07\/Referencial-detenido-PDI-004-1-1-1-768x512.jpg 768w, https:\/\/radiorevelacionfm.cl\/wp-content\/uploads\/2022\/07\/Referencial-detenido-PDI-004-1-1-1-705x470.jpg 705w, https:\/\/radiorevelacionfm.cl\/wp-content\/uploads\/2022\/07\/Referencial-detenido-PDI-004-1-1-1-600x400.jpg 600w\" sizes=\"(max-width: 900px) 100vw, 900px\" \/><\/div><\/div><\/div><\/div>\n<div class=\"flex_column av_one_full  flex_column_div av-zero-column-padding first  avia-builder-el-2  el_after_av_one_full  el_before_av_one_full  column-top-margin\" style='border-radius:0px; '><section class=\"av_textblock_section \"  itemscope=\"itemscope\" itemtype=\"https:\/\/schema.org\/BlogPosting\" itemprop=\"blogPost\" ><div class='avia_textblock  '   itemprop=\"text\" ><p style=\"text-align: center;\"><span style=\"font-size: 18pt;\"><strong>PDI detiene a integrante de banda involucrada en tres robos en la comuna de Coyhaique<\/strong><\/span><\/p>\n<div id=\"gtx-trans\" style=\"position: absolute; left: -50px; top: 4.31534px;\">\n<div class=\"gtx-trans-icon\"><\/div>\n<\/div>\n<\/div><\/section><\/div>\n<div class=\"flex_column av_one_full  flex_column_div av-zero-column-padding first  avia-builder-el-4  el_after_av_one_full  el_before_av_hr  column-top-margin\" style='border-radius:0px; '><section class=\"av_textblock_section \"  itemscope=\"itemscope\" itemtype=\"https:\/\/schema.org\/BlogPosting\" itemprop=\"blogPost\" ><div class='avia_textblock  '   itemprop=\"text\" ><p style=\"text-align: justify;\">La Brigada Investigadora de Robos de Coyhaique (BIRO Coyhaique), tras una investigaci\u00f3n realizada en conjunto con el Ministerio P\u00fablico, lograron la detenci\u00f3n de un menor de edad integrante de una banda delictual conocida como \u201cLos Tule\u201d. El imputado, seg\u00fan el trabajo de an\u00e1lisis realizado por los detectives, ser\u00eda autor material de varios delitos ocurridos en la comuna de Coyhaique, entre ellos el robo a la tienda Spot Market, ocurrido el 19 de octubre de 2021, donde el menor detenido, junto a otros miembros de la banda, ingresaron al local comercial con armas de fuego, intimidando a los empleados.<\/p>\n<p style=\"text-align: justify;\">\u201cEn un trabajo investigativo y colaborativo con el Ministerio P\u00fablico, se logra individualizar a este menor de edad y adem\u00e1s se le atribuye la participaci\u00f3n en 3 delitos a locales comerciales, uno de ellos ampliamente difundido por los medios locales, en donde sujetos desconocidos ingresaron hasta el interior de la tienda, sustrayendo algunas especies, intimidando a los dependientes que al oponer resistencia provocaron que los victimarios se dieran a la fuga\u201d, cont\u00f3 el subprefecto V\u00edctor Toledo, jefe de la Biro Coyhaique, quien adem\u00e1s agreg\u00f3 que el imputado tiene antecedentes policiales por los delitos de Robo en Lugar Habitado, Receptaci\u00f3n y Hurto, entre otros.<\/p>\n<p style=\"text-align: justify;\">Seg\u00fan coment\u00f3 la fiscal Mar\u00eda In\u00e9s N\u00fa\u00f1ez, el adolescente fue detenido debido a que ten\u00eda tres \u00f3rdenes de aprehensi\u00f3n vigentes, emanadas desde el Tribunal de Garant\u00eda de Coyhaique, dos por el delito de receptaci\u00f3n, donde no hab\u00eda comparecido a audiencia y \u201cla tercera, por una audiencia de la ley 18.216 en la cual se le hab\u00eda sustituido la sanci\u00f3n de libertad asistida especial por la de r\u00e9gimen cerrado, por lo cual el Tribunal orden\u00f3 que ingresara a cumplir esa sanci\u00f3n bajo vigilancia del Sename\u201d.<\/p>\n<\/div><\/section><\/div><div  style='height:50px' class='hr hr-invisible   avia-builder-el-6  el_after_av_one_full  el_before_av_social_share '><span class='hr-inner ' ><span class='hr-inner-style'><\/span><\/span><\/div><\/p>\n<div  class='av-social-sharing-box  avia-builder-el-7  el_after_av_hr  el_before_av_hr  '><div class='av-share-box'><h5 class='av-share-link-description av-no-toc '>Compartir esta noticia<\/h5><ul class='av-share-box-list noLightbox'><li class='av-share-link av-social-link-facebook' ><a target=\"_blank\" aria-label=\"Compartir en Facebook\" href='https:\/\/www.facebook.com\/sharer.php?u=https:\/\/radiorevelacionfm.cl\/?p=30691&#038;t=PDI%20detiene%20a%20integrante%20de%20banda%20involucrada%20en%20tres%20robos%20en%20la%20comuna%20de%20Coyhaique' aria-hidden='false' data-av_icon='\ue8f3' data-av_iconfont='entypo-fontello' title='' data-avia-related-tooltip='Compartir en Facebook' rel=\"noopener\"><span class='avia_hidden_link_text'>Compartir en Facebook<\/span><\/a><\/li><li class='av-share-link av-social-link-twitter' ><a target=\"_blank\" aria-label=\"Compartir en Twitter\" href='https:\/\/twitter.com\/share?text=PDI%20detiene%20a%20integrante%20de%20banda%20involucrada%20en%20tres%20robos%20en%20la%20comuna%20de%20Coyhaique&#038;url=https:\/\/radiorevelacionfm.cl\/?p=30691' aria-hidden='false' data-av_icon='\ue8f1' data-av_iconfont='entypo-fontello' title='' data-avia-related-tooltip='Compartir en Twitter' rel=\"noopener\"><span class='avia_hidden_link_text'>Compartir en Twitter<\/span><\/a><\/li><li class='av-share-link av-social-link-whatsapp' ><a target=\"_blank\" aria-label=\"Compartir en Whatsapp\" href='https:\/\/api.whatsapp.com\/send?text=https:\/\/radiorevelacionfm.cl\/?p=30691' aria-hidden='false' data-av_icon='\uf232' data-av_iconfont='entypo-fontello' title='' data-avia-related-tooltip='Compartir en Whatsapp' rel=\"noopener\"><span class='avia_hidden_link_text'>Compartir en Whatsapp<\/span><\/a><\/li><li class='av-share-link av-social-link-linkedin' ><a target=\"_blank\" aria-label=\"Compartir en LinkedIn\" href='https:\/\/linkedin.com\/shareArticle?mini=true&#038;title=PDI%20detiene%20a%20integrante%20de%20banda%20involucrada%20en%20tres%20robos%20en%20la%20comuna%20de%20Coyhaique&#038;url=https:\/\/radiorevelacionfm.cl\/?p=30691' aria-hidden='false' data-av_icon='\ue8fc' data-av_iconfont='entypo-fontello' title='' data-avia-related-tooltip='Compartir en LinkedIn' rel=\"noopener\"><span class='avia_hidden_link_text'>Compartir en LinkedIn<\/span><\/a><\/li><li class='av-share-link av-social-link-mail' ><a  aria-label=\"Compartir por correo\" href='mailto:?subject=PDI%20detiene%20a%20integrante%20de%20banda%20involucrada%20en%20tres%20robos%20en%20la%20comuna%20de%20Coyhaique&#038;body=https:\/\/radiorevelacionfm.cl\/?p=30691' aria-hidden='false' data-av_icon='\ue805' data-av_iconfont='entypo-fontello' title='' data-avia-related-tooltip='Compartir por correo'><span class='avia_hidden_link_text'>Compartir por correo<\/span><\/a><\/li><\/ul><\/div><\/div>\n<div  style='height:50px' class='hr hr-invisible   avia-builder-el-8  el_after_av_social_share  el_before_av_comments_list '><span class='hr-inner ' ><span class='hr-inner-style'><\/span><\/span><\/div>\n<div  class='av-buildercomment  av-blog-meta-html-info-disabled av-blog-meta-tag-disabled  '><\/div>\n","protected":false},"excerpt":{"rendered":"","protected":false},"author":1,"featured_media":18858,"comment_status":"open","ping_status":"open","sticky":false,"template":"","format":"standard","meta":{"footnotes":""},"categories":[36],"tags":[],"class_list":["post-30691","post","type-post","status-publish","format-standard","has-post-thumbnail","hentry","category-policial"],"jetpack_featured_media_url":"https:\/\/radiorevelacionfm.cl\/wp-content\/uploads\/2022\/07\/Referencial-detenido-PDI-004-1-1-1.jpg","_links":{"self":[{"href":"https:\/\/radiorevelacionfm.cl\/index.php?rest_route=\/wp\/v2\/posts\/30691","targetHints":{"allow":["GET"]}}],"collection":[{"href":"https:\/\/radiorevelacionfm.cl\/index.php?rest_route=\/wp\/v2\/posts"}],"about":[{"href":"https:\/\/radiorevelacionfm.cl\/index.php?rest_route=\/wp\/v2\/types\/post"}],"author":[{"embeddable":true,"href":"https:\/\/radiorevelacionfm.cl\/index.php?rest_route=\/wp\/v2\/users\/1"}],"replies":[{"embeddable":true,"href":"https:\/\/radiorevelacionfm.cl\/index.php?rest_route=%2Fwp%2Fv2%2Fcomments&post=30691"}],"version-history":[{"count":2,"href":"https:\/\/radiorevelacionfm.cl\/index.php?rest_route=\/wp\/v2\/posts\/30691\/revisions"}],"predecessor-version":[{"id":30696,"href":"https:\/\/radiorevelacionfm.cl\/index.php?rest_route=\/wp\/v2\/posts\/30691\/revisions\/30696"}],"wp:featuredmedia":[{"embeddable":true,"href":"https:\/\/radiorevelacionfm.cl\/index.php?rest_route=\/wp\/v2\/media\/18858"}],"wp:attachment":[{"href":"https:\/\/radiorevelacionfm.cl\/index.php?rest_route=%2Fwp%2Fv2%2Fmedia&parent=30691"}],"wp:term":[{"taxonomy":"category","embeddable":true,"href":"https:\/\/radiorevelacionfm.cl\/index.php?rest_route=%2Fwp%2Fv2%2Fcategories&post=30691"},{"taxonomy":"post_tag","embeddable":true,"href":"https:\/\/radiorevelacionfm.cl\/index.php?rest_route=%2Fwp%2Fv2%2Ftags&post=30691"}],"curies":[{"name":"wp","href":"https:\/\/api.w.org\/{rel}","templated":true}]}}