{"id":3069,"date":"2021-04-13T15:39:54","date_gmt":"2021-04-13T18:39:54","guid":{"rendered":"https:\/\/radiorevelacionfm.cl\/?p=3069"},"modified":"2021-04-13T15:39:54","modified_gmt":"2021-04-13T18:39:54","slug":"gremio-de-la-construccion-y-seremi-de-la-mujer-firman-convenio-que-promueve-la-reinsercion-laboral-femenina-en-el-sector","status":"publish","type":"post","link":"https:\/\/radiorevelacionfm.cl\/?p=3069","title":{"rendered":"Gremio de la construcci\u00f3n y Seremi de la Mujer firman convenio que promueve la reinserci\u00f3n laboral femenina en el sector"},"content":{"rendered":"<div class=\"flex_column av_one_full  flex_column_div av-zero-column-padding first  avia-builder-el-0  el_before_av_one_full  avia-builder-el-first  \" style='border-radius:0px; '><div  class='avia-image-container  av-styling-    avia-builder-el-1  avia-builder-el-no-sibling  avia-align-center '  itemprop=\"image\" itemscope=\"itemscope\" itemtype=\"https:\/\/schema.org\/ImageObject\"  ><div class='avia-image-container-inner'><div class='avia-image-overlay-wrap'><img decoding=\"async\" class='wp-image-0 avia-img-lazy-loading-not-0 avia_image' src=\"https:\/\/radiorevelacionfm.cl\/wp-content\/uploads\/2021\/04\/image-2-1.png\" alt='' title=''   itemprop=\"thumbnailUrl\"  \/><\/div><\/div><\/div><\/div><div class=\"flex_column av_one_full  flex_column_div av-zero-column-padding first  avia-builder-el-2  el_after_av_one_full  el_before_av_one_full  column-top-margin\" style='border-radius:0px; '><section class=\"av_textblock_section \"  itemscope=\"itemscope\" itemtype=\"https:\/\/schema.org\/BlogPosting\" itemprop=\"blogPost\" ><div class='avia_textblock  '   itemprop=\"text\" ><p style=\"text-align: center;\"><span style=\"font-size: 18pt;\"><strong>Gremio de la construcci\u00f3n y Seremi de la Mujer firman convenio que promueve la reinserci\u00f3n laboral femenina en el sector <\/strong><\/span><\/p>\n<div id=\"gtx-trans\" style=\"position: absolute; left: -50px; top: 4.31534px;\">\n<div class=\"gtx-trans-icon\"><\/div>\n<\/div>\n<\/div><\/section><\/div><div class=\"flex_column av_one_full  flex_column_div av-zero-column-padding first  avia-builder-el-4  el_after_av_one_full  el_before_av_hr  column-top-margin\" style='border-radius:0px; '><section class=\"av_textblock_section \"  itemscope=\"itemscope\" itemtype=\"https:\/\/schema.org\/BlogPosting\" itemprop=\"blogPost\" ><div class='avia_textblock  '   itemprop=\"text\" ><p style=\"text-align: justify;\">En el marco de una alianza p\u00fablico-privada, el presidente regional de la C\u00e1mara Chilena de la Construcci\u00f3n (CChC), Manuel Suazo, junto a la Seremi de la Mujer y Equidad de G\u00e9nero, B\u00e1rbara Ort\u00fazar, firmaron convenio de colaboraci\u00f3n que busca promover en la regi\u00f3n la reinserci\u00f3n laboral femenina en la industria de la construcci\u00f3n.<\/p>\n<p style=\"text-align: justify;\">En ese sentido, el presidente de la CChC sede Coyhaique valor\u00f3 que el sector p\u00fablico y privado establezcan puentes que apunten a mejorar la calidad de vida de las personas. \u201cComo gremio nos comprometemos a trabajar en forma mancomunada con la Seremi para fomentar la participaci\u00f3n femenina en el rubro de la construcci\u00f3n, sobre todo en labores que hist\u00f3ricamente han sido realizadas por hombres como los oficios de carpinter\u00eda, alba\u00f1ear\u00eda, enfierrador, operador de maquinaria, entre otros, entendiendo tambi\u00e9n que estamos en medio de una pandemia donde se han perdido muchos puestos de trabajo\u201d, expres\u00f3.<\/p>\n<p style=\"text-align: justify;\">Adem\u00e1s, Suazo puntualiz\u00f3 que la CChC desde hace un tiempo a la fecha est\u00e1 coordinando acciones concretas con miras a la incorporaci\u00f3n laboral del sector con perspectiva de g\u00e9nero. \u201cEste es un trabajo que como gremio hemos impulsados hace varios a\u00f1os. Contamos con un Comit\u00e9 de Mujeres que est\u00e1 enfocado, entre otras materias, en fomentar la participaci\u00f3n de las mujeres en los directorios de las empresas. Por lo tanto, la firma de este convenio viene a reafirmar el compromiso que tenemos para lograr una real reinserci\u00f3n laboral femenina en la industria de la construcci\u00f3n\u201d.<\/p>\n<p style=\"text-align: justify;\">Por su parte, la Seremi B\u00e1rbara Ort\u00fazar resalt\u00f3 la iniciativa, expresando que \u201choy estamos muy contentos de compartir con ustedes esta importante iniciativa conjunta, de nuestro Ministerio y la CChC de Coyhaique.\u00a0 Con la firma de este convenio concretamos un trabajo iniciado hace meses, cuyo objetivo principal es incentivar la inserci\u00f3n laboral de las mujeres en el rubro de la construcci\u00f3n, rubro tradicionalmente masculinizado\u201d.<\/p>\n<p style=\"text-align: justify;\">Asimismo, la representante en la regi\u00f3n de la cartera argument\u00f3 que \u201csabemos que, a nivel nacional, s\u00f3lo el 7% de la mano de obra corresponde a mujeres, es por esto que, a trav\u00e9s de esta alianza, materializada en la firma del convenio, buscamos incentivar cada d\u00eda a m\u00e1s mujeres, para seguir avanzando en la tan anhelada equidad de g\u00e9nero, uno de los prop\u00f3sitos de este Gobierno. Sumado a esto, poder incentivar la autonom\u00eda econ\u00f3mica de muchas mujeres, jefas de hogar, a quienes ha golpeado fuertemente esta crisis sociosanitaria, a trav\u00e9s de estas nuevas ofertas laborales, es sin duda una opci\u00f3n de reactivar la econom\u00eda individual y familiar\u201d.<\/p>\n<p style=\"text-align: justify;\">Es importante mencionar que el presente convenio formaliza la constituci\u00f3n de la Mesa de Trabajo \u201cMujeres en la Construcci\u00f3n de la Regi\u00f3n de Ays\u00e9n\u201d, instancia que tendr\u00e1 como uno de sus principales objetivos avanzar hacia la incorporaci\u00f3n de iniciativas a favor de las mujeres.<\/p>\n<\/div><\/section><\/div><div  style='height:50px' class='hr hr-invisible   avia-builder-el-6  el_after_av_one_full  el_before_av_social_share '><span class='hr-inner ' ><span class='hr-inner-style'><\/span><\/span><\/div><\/p>\n<div  class='av-social-sharing-box  avia-builder-el-7  el_after_av_hr  el_before_av_hr  '><div class='av-share-box'><h5 class='av-share-link-description av-no-toc '>Compartir esta noticia<\/h5><ul class='av-share-box-list noLightbox'><li class='av-share-link av-social-link-facebook' ><a target=\"_blank\" aria-label=\"Compartir en Facebook\" href='https:\/\/www.facebook.com\/sharer.php?u=https:\/\/radiorevelacionfm.cl\/?p=3069&#038;t=Gremio%20de%20la%20construcci%C3%B3n%20y%20Seremi%20de%20la%20Mujer%20firman%20convenio%20que%20promueve%20la%20reinserci%C3%B3n%20laboral%20femenina%20en%20el%20sector' aria-hidden='false' data-av_icon='\ue8f3' data-av_iconfont='entypo-fontello' title='' data-avia-related-tooltip='Compartir en Facebook' rel=\"noopener\"><span class='avia_hidden_link_text'>Compartir en Facebook<\/span><\/a><\/li><li class='av-share-link av-social-link-twitter' ><a target=\"_blank\" aria-label=\"Compartir en Twitter\" href='https:\/\/twitter.com\/share?text=Gremio%20de%20la%20construcci%C3%B3n%20y%20Seremi%20de%20la%20Mujer%20firman%20convenio%20que%20promueve%20la%20reinserci%C3%B3n%20laboral%20femenina%20en%20el%20sector&#038;url=https:\/\/radiorevelacionfm.cl\/?p=3069' aria-hidden='false' data-av_icon='\ue8f1' data-av_iconfont='entypo-fontello' title='' data-avia-related-tooltip='Compartir en Twitter' rel=\"noopener\"><span class='avia_hidden_link_text'>Compartir en Twitter<\/span><\/a><\/li><li class='av-share-link av-social-link-whatsapp' ><a target=\"_blank\" aria-label=\"Compartir en Whatsapp\" href='https:\/\/api.whatsapp.com\/send?text=https:\/\/radiorevelacionfm.cl\/?p=3069' aria-hidden='false' data-av_icon='\uf232' data-av_iconfont='entypo-fontello' title='' data-avia-related-tooltip='Compartir en Whatsapp' rel=\"noopener\"><span class='avia_hidden_link_text'>Compartir en Whatsapp<\/span><\/a><\/li><li class='av-share-link av-social-link-linkedin' ><a target=\"_blank\" aria-label=\"Compartir en LinkedIn\" href='https:\/\/linkedin.com\/shareArticle?mini=true&#038;title=Gremio%20de%20la%20construcci%C3%B3n%20y%20Seremi%20de%20la%20Mujer%20firman%20convenio%20que%20promueve%20la%20reinserci%C3%B3n%20laboral%20femenina%20en%20el%20sector&#038;url=https:\/\/radiorevelacionfm.cl\/?p=3069' aria-hidden='false' data-av_icon='\ue8fc' data-av_iconfont='entypo-fontello' title='' data-avia-related-tooltip='Compartir en LinkedIn' rel=\"noopener\"><span class='avia_hidden_link_text'>Compartir en LinkedIn<\/span><\/a><\/li><li class='av-share-link av-social-link-mail' ><a  aria-label=\"Compartir por correo\" href='mailto:?subject=Gremio%20de%20la%20construcci%C3%B3n%20y%20Seremi%20de%20la%20Mujer%20firman%20convenio%20que%20promueve%20la%20reinserci%C3%B3n%20laboral%20femenina%20en%20el%20sector&#038;body=https:\/\/radiorevelacionfm.cl\/?p=3069' aria-hidden='false' data-av_icon='\ue805' data-av_iconfont='entypo-fontello' title='' data-avia-related-tooltip='Compartir por correo'><span class='avia_hidden_link_text'>Compartir por correo<\/span><\/a><\/li><\/ul><\/div><\/div>\n<div  style='height:50px' class='hr hr-invisible   avia-builder-el-8  el_after_av_social_share  el_before_av_comments_list '><span class='hr-inner ' ><span class='hr-inner-style'><\/span><\/span><\/div>\n<div  class='av-buildercomment  av-blog-meta-html-info-disabled av-blog-meta-tag-disabled  '><\/div>\n","protected":false},"excerpt":{"rendered":"","protected":false},"author":1,"featured_media":0,"comment_status":"open","ping_status":"open","sticky":false,"template":"","format":"standard","meta":{"footnotes":""},"categories":[56],"tags":[],"class_list":["post-3069","post","type-post","status-publish","format-standard","hentry","category-trabajo"],"jetpack_featured_media_url":"","_links":{"self":[{"href":"https:\/\/radiorevelacionfm.cl\/index.php?rest_route=\/wp\/v2\/posts\/3069","targetHints":{"allow":["GET"]}}],"collection":[{"href":"https:\/\/radiorevelacionfm.cl\/index.php?rest_route=\/wp\/v2\/posts"}],"about":[{"href":"https:\/\/radiorevelacionfm.cl\/index.php?rest_route=\/wp\/v2\/types\/post"}],"author":[{"embeddable":true,"href":"https:\/\/radiorevelacionfm.cl\/index.php?rest_route=\/wp\/v2\/users\/1"}],"replies":[{"embeddable":true,"href":"https:\/\/radiorevelacionfm.cl\/index.php?rest_route=%2Fwp%2Fv2%2Fcomments&post=3069"}],"version-history":[{"count":1,"href":"https:\/\/radiorevelacionfm.cl\/index.php?rest_route=\/wp\/v2\/posts\/3069\/revisions"}],"predecessor-version":[{"id":3071,"href":"https:\/\/radiorevelacionfm.cl\/index.php?rest_route=\/wp\/v2\/posts\/3069\/revisions\/3071"}],"wp:attachment":[{"href":"https:\/\/radiorevelacionfm.cl\/index.php?rest_route=%2Fwp%2Fv2%2Fmedia&parent=3069"}],"wp:term":[{"taxonomy":"category","embeddable":true,"href":"https:\/\/radiorevelacionfm.cl\/index.php?rest_route=%2Fwp%2Fv2%2Fcategories&post=3069"},{"taxonomy":"post_tag","embeddable":true,"href":"https:\/\/radiorevelacionfm.cl\/index.php?rest_route=%2Fwp%2Fv2%2Ftags&post=3069"}],"curies":[{"name":"wp","href":"https:\/\/api.w.org\/{rel}","templated":true}]}}