{"id":30685,"date":"2023-05-03T20:53:56","date_gmt":"2023-05-03T23:53:56","guid":{"rendered":"https:\/\/radiorevelacionfm.cl\/?p=30685"},"modified":"2023-05-03T21:13:41","modified_gmt":"2023-05-04T00:13:41","slug":"justicia-ordena-indemnizar-a-familia-de-menor-fallecido-por-falta-de-servicio-en-atencion-medica-en-hospital-coyhaique","status":"publish","type":"post","link":"https:\/\/radiorevelacionfm.cl\/?p=30685","title":{"rendered":"Justicia ordena indemnizar a familia de menor fallecido por falta de servicio en atenci\u00f3n m\u00e9dica del Hospital Coyhaique"},"content":{"rendered":"<div class=\"flex_column av_one_full  flex_column_div av-zero-column-padding first  avia-builder-el-0  el_before_av_one_full  avia-builder-el-first  \" style='border-radius:0px; '><div  class='avia-image-container  av-styling-    avia-builder-el-1  avia-builder-el-no-sibling  avia-align-center '  itemprop=\"image\" itemscope=\"itemscope\" itemtype=\"https:\/\/schema.org\/ImageObject\"  ><div class='avia-image-container-inner'><div class='avia-image-overlay-wrap'><img decoding=\"async\" class='wp-image-10878 avia-img-lazy-loading-not-10878 avia_image' src=\"https:\/\/radiorevelacionfm.cl\/wp-content\/uploads\/2021\/11\/HOSPITAL-coyh-1-1.jpeg\" alt='' title='HOSPITAL coyh (1) (1)' height=\"600\" width=\"906\"  itemprop=\"thumbnailUrl\" srcset=\"https:\/\/radiorevelacionfm.cl\/wp-content\/uploads\/2021\/11\/HOSPITAL-coyh-1-1.jpeg 906w, https:\/\/radiorevelacionfm.cl\/wp-content\/uploads\/2021\/11\/HOSPITAL-coyh-1-1-300x199.jpeg 300w, https:\/\/radiorevelacionfm.cl\/wp-content\/uploads\/2021\/11\/HOSPITAL-coyh-1-1-768x509.jpeg 768w, https:\/\/radiorevelacionfm.cl\/wp-content\/uploads\/2021\/11\/HOSPITAL-coyh-1-1-705x467.jpeg 705w, https:\/\/radiorevelacionfm.cl\/wp-content\/uploads\/2021\/11\/HOSPITAL-coyh-1-1-600x397.jpeg 600w\" sizes=\"(max-width: 906px) 100vw, 906px\" \/><\/div><\/div><\/div><\/div>\n<div class=\"flex_column av_one_full  flex_column_div av-zero-column-padding first  avia-builder-el-2  el_after_av_one_full  el_before_av_one_full  column-top-margin\" style='border-radius:0px; '><section class=\"av_textblock_section \"  itemscope=\"itemscope\" itemtype=\"https:\/\/schema.org\/BlogPosting\" itemprop=\"blogPost\" ><div class='avia_textblock  '   itemprop=\"text\" ><p style=\"text-align: center;\"><strong><span style=\"font-size: 18pt;\">Justicia ordena indemnizar a familia de menor fallecido por falta de servicio en atenci\u00f3n m\u00e9dica del Hospital Coyhaique<\/span><\/strong><\/p>\n<div id=\"gtx-trans\" style=\"position: absolute; left: -50px; top: 4.31534px;\">\n<div class=\"gtx-trans-icon\"><\/div>\n<\/div>\n<\/div><\/section><\/div><div class=\"flex_column av_one_full  flex_column_div av-zero-column-padding first  avia-builder-el-4  el_after_av_one_full  el_before_av_hr  column-top-margin\" style='border-radius:0px; '><section class=\"av_textblock_section \"  itemscope=\"itemscope\" itemtype=\"https:\/\/schema.org\/BlogPosting\" itemprop=\"blogPost\" ><div class='avia_textblock  '   itemprop=\"text\" ><p class=\"v1MsoNormal\" style=\"text-align: justify;\">El Primer Juzgado de Letras de Coyhaique acogi\u00f3 la demanda civil interpuesta en contra del Servicio de Salud Ays\u00e9n y del Hospital Regional de Coyhaique por el deceso de lactante de dos meses de vida, debido a falta de servicio que lo privaron de una atenci\u00f3n profesional, oportuna y diligente. Hecho ocurrido en octubre de 2017.<\/p>\n<p class=\"v1MsoNormal\" style=\"text-align: justify;\">En el fallo, el magistrado F\u00e9lix Asencio Hern\u00e1ndez conden\u00f3 a los demandados por falta de servicio a pagar un total de $175.000.000 (ciento setenta y cinco millones de pesos) por concepto de da\u00f1o moral, a la familia afectada.<\/p>\n<p class=\"v1MsoNormal\" style=\"text-align: justify;\">\u00abAl revisitar las preguntas que fueron planteadas por la demandante y que se mencionaron en el considerando d\u00e9cimo noveno, en una versi\u00f3n corta, es posible dar la misma respuesta afirmativa a todas las preguntas, indicando el lactante no fue hospitalizado oportunamente, no fue ingresado a UCI oportunamente, no fue intubado oportunamente, no siempre fue sujeto a control m\u00e9dico oportuno, no fue trasladado extrarregionalmente en forma oportuna por errores, que configuran negligencia\u00bb, plantea el fallo.<\/p>\n<p class=\"v1MsoNormal\" style=\"text-align: justify;\">Resoluci\u00f3n que agrega que: \u00ab(&#8230;) en lo particular, este magistrado considera que, de todas las infracciones constitutivas de falta de servicio postuladas por la demandante y que fueron acreditadas, hay 3 que son cr\u00edticas en haber podido llevar a un diferente desenlace. No se trata de minimizar las dem\u00e1s infracciones, sino que simplemente se estima que las que se mencionar\u00e1n condujeron a un camino de muy dif\u00edcil retorno en el curso de acontecimientos: a) Una vigilancia m\u00e9dica diligente que, al menos desde el d\u00eda 16 de octubre de 2017 hubiese detectado las dificultades respiratorias del ni\u00f1o b) Una oportuna derivaci\u00f3n del ni\u00f1o (a la UCI indiferenciada de Hospital Regional de Coyhaique), c) Una oportuna derivaci\u00f3n del ni\u00f1o a una UCI pedi\u00e1trica extrarregional\u00bb.<\/p>\n<p class=\"v1MsoNormal\" style=\"text-align: justify;\">Por tanto, se resuelve que: \u00abSE ACOGE la demanda de folio 1, solamente respecto de la pretensi\u00f3n de Martina Elizabeth Fern\u00e1ndez Mora, Oscar Salvador Real Leal, Mart\u00edn Crist\u00f3bal Real B\u00f3rquez, Oscar Orlando Real Hermosilla, Francisco Javier Real Bahamonde, y Fanny Mariel Orme\u00f1o Vald\u00e9s, en contra del Servicio de Salud Ays\u00e9n del General Carlos Ib\u00e1\u00f1ez del Campo, representado legalmente por su director\u00a0 Mauricio Cort\u00e9s Molina, o por quien haga sus veces y\/o por quien la subrogue legalmente; y del Hospital Regional de Coyhaique, representado legalmente por su director Jaime Eduardo L\u00f3pez Quintana o por quien haga sus veces y\/o por quien le subrogue legalmente, todos ya individualizados, s\u00f3lo en cuanto las demandadas deber\u00e1n pagar solidariamente a las demandantes por falta de servicio y por concepto de da\u00f1o moral\u00bb.<\/p>\n<\/div><\/section><\/div><\/p>\n<div  style='height:50px' class='hr hr-invisible   avia-builder-el-6  el_after_av_one_full  el_before_av_social_share '><span class='hr-inner ' ><span class='hr-inner-style'><\/span><\/span><\/div>\n<div  class='av-social-sharing-box  avia-builder-el-7  el_after_av_hr  el_before_av_hr  '><div class='av-share-box'><h5 class='av-share-link-description av-no-toc '>Compartir esta noticia<\/h5><ul class='av-share-box-list noLightbox'><li class='av-share-link av-social-link-facebook' ><a target=\"_blank\" aria-label=\"Compartir en Facebook\" href='https:\/\/www.facebook.com\/sharer.php?u=https:\/\/radiorevelacionfm.cl\/?p=30685&#038;t=Justicia%20ordena%20indemnizar%20a%20familia%20de%20menor%20fallecido%20por%20falta%20de%20servicio%20en%20atenci%C3%B3n%20m%C3%A9dica%20del%20Hospital%20Coyhaique' aria-hidden='false' data-av_icon='\ue8f3' data-av_iconfont='entypo-fontello' title='' data-avia-related-tooltip='Compartir en Facebook' rel=\"noopener\"><span class='avia_hidden_link_text'>Compartir en Facebook<\/span><\/a><\/li><li class='av-share-link av-social-link-twitter' ><a target=\"_blank\" aria-label=\"Compartir en Twitter\" href='https:\/\/twitter.com\/share?text=Justicia%20ordena%20indemnizar%20a%20familia%20de%20menor%20fallecido%20por%20falta%20de%20servicio%20en%20atenci%C3%B3n%20m%C3%A9dica%20del%20Hospital%20Coyhaique&#038;url=https:\/\/radiorevelacionfm.cl\/?p=30685' aria-hidden='false' data-av_icon='\ue8f1' data-av_iconfont='entypo-fontello' title='' data-avia-related-tooltip='Compartir en Twitter' rel=\"noopener\"><span class='avia_hidden_link_text'>Compartir en Twitter<\/span><\/a><\/li><li class='av-share-link av-social-link-whatsapp' ><a target=\"_blank\" aria-label=\"Compartir en Whatsapp\" href='https:\/\/api.whatsapp.com\/send?text=https:\/\/radiorevelacionfm.cl\/?p=30685' aria-hidden='false' data-av_icon='\uf232' data-av_iconfont='entypo-fontello' title='' data-avia-related-tooltip='Compartir en Whatsapp' rel=\"noopener\"><span class='avia_hidden_link_text'>Compartir en Whatsapp<\/span><\/a><\/li><li class='av-share-link av-social-link-linkedin' ><a target=\"_blank\" aria-label=\"Compartir en LinkedIn\" href='https:\/\/linkedin.com\/shareArticle?mini=true&#038;title=Justicia%20ordena%20indemnizar%20a%20familia%20de%20menor%20fallecido%20por%20falta%20de%20servicio%20en%20atenci%C3%B3n%20m%C3%A9dica%20del%20Hospital%20Coyhaique&#038;url=https:\/\/radiorevelacionfm.cl\/?p=30685' aria-hidden='false' data-av_icon='\ue8fc' data-av_iconfont='entypo-fontello' title='' data-avia-related-tooltip='Compartir en LinkedIn' rel=\"noopener\"><span class='avia_hidden_link_text'>Compartir en LinkedIn<\/span><\/a><\/li><li class='av-share-link av-social-link-mail' ><a  aria-label=\"Compartir por correo\" href='mailto:?subject=Justicia%20ordena%20indemnizar%20a%20familia%20de%20menor%20fallecido%20por%20falta%20de%20servicio%20en%20atenci%C3%B3n%20m%C3%A9dica%20del%20Hospital%20Coyhaique&#038;body=https:\/\/radiorevelacionfm.cl\/?p=30685' aria-hidden='false' data-av_icon='\ue805' data-av_iconfont='entypo-fontello' title='' data-avia-related-tooltip='Compartir por correo'><span class='avia_hidden_link_text'>Compartir por correo<\/span><\/a><\/li><\/ul><\/div><\/div>\n<div  style='height:50px' class='hr hr-invisible   avia-builder-el-8  el_after_av_social_share  el_before_av_comments_list '><span class='hr-inner ' ><span class='hr-inner-style'><\/span><\/span><\/div>\n<div  class='av-buildercomment  av-blog-meta-html-info-disabled av-blog-meta-tag-disabled  '><\/div>\n","protected":false},"excerpt":{"rendered":"","protected":false},"author":1,"featured_media":10878,"comment_status":"open","ping_status":"open","sticky":false,"template":"","format":"standard","meta":{"footnotes":""},"categories":[55],"tags":[],"class_list":["post-30685","post","type-post","status-publish","format-standard","has-post-thumbnail","hentry","category-justicia"],"jetpack_featured_media_url":"https:\/\/radiorevelacionfm.cl\/wp-content\/uploads\/2021\/11\/HOSPITAL-coyh-1-1.jpeg","_links":{"self":[{"href":"https:\/\/radiorevelacionfm.cl\/index.php?rest_route=\/wp\/v2\/posts\/30685","targetHints":{"allow":["GET"]}}],"collection":[{"href":"https:\/\/radiorevelacionfm.cl\/index.php?rest_route=\/wp\/v2\/posts"}],"about":[{"href":"https:\/\/radiorevelacionfm.cl\/index.php?rest_route=\/wp\/v2\/types\/post"}],"author":[{"embeddable":true,"href":"https:\/\/radiorevelacionfm.cl\/index.php?rest_route=\/wp\/v2\/users\/1"}],"replies":[{"embeddable":true,"href":"https:\/\/radiorevelacionfm.cl\/index.php?rest_route=%2Fwp%2Fv2%2Fcomments&post=30685"}],"version-history":[{"count":3,"href":"https:\/\/radiorevelacionfm.cl\/index.php?rest_route=\/wp\/v2\/posts\/30685\/revisions"}],"predecessor-version":[{"id":30688,"href":"https:\/\/radiorevelacionfm.cl\/index.php?rest_route=\/wp\/v2\/posts\/30685\/revisions\/30688"}],"wp:featuredmedia":[{"embeddable":true,"href":"https:\/\/radiorevelacionfm.cl\/index.php?rest_route=\/wp\/v2\/media\/10878"}],"wp:attachment":[{"href":"https:\/\/radiorevelacionfm.cl\/index.php?rest_route=%2Fwp%2Fv2%2Fmedia&parent=30685"}],"wp:term":[{"taxonomy":"category","embeddable":true,"href":"https:\/\/radiorevelacionfm.cl\/index.php?rest_route=%2Fwp%2Fv2%2Fcategories&post=30685"},{"taxonomy":"post_tag","embeddable":true,"href":"https:\/\/radiorevelacionfm.cl\/index.php?rest_route=%2Fwp%2Fv2%2Ftags&post=30685"}],"curies":[{"name":"wp","href":"https:\/\/api.w.org\/{rel}","templated":true}]}}