{"id":30673,"date":"2023-05-03T18:39:45","date_gmt":"2023-05-03T21:39:45","guid":{"rendered":"https:\/\/radiorevelacionfm.cl\/?p=30673"},"modified":"2023-05-03T18:39:45","modified_gmt":"2023-05-03T21:39:45","slug":"recuerdan-el-voto-asistido-a-personas-con-discapacidad-para-proceso-electoral-obligatorio-de-este-domingo","status":"publish","type":"post","link":"https:\/\/radiorevelacionfm.cl\/?p=30673","title":{"rendered":"Recuerdan el Voto Asistido a personas con discapacidad para proceso electoral obligatorio de este domingo"},"content":{"rendered":"<div class=\"flex_column av_one_full  flex_column_div av-zero-column-padding first  avia-builder-el-0  el_before_av_one_full  avia-builder-el-first  \" style='border-radius:0px; '><div  class='avia-image-container  av-styling-    avia-builder-el-1  avia-builder-el-no-sibling  avia-align-center '  itemprop=\"image\" itemscope=\"itemscope\" itemtype=\"https:\/\/schema.org\/ImageObject\"  ><div class='avia-image-container-inner'><div class='avia-image-overlay-wrap'><img decoding=\"async\" class='wp-image-30674 avia-img-lazy-loading-not-30674 avia_image' src=\"https:\/\/radiorevelacionfm.cl\/wp-content\/uploads\/2023\/05\/diario-voto-asistido-1_optimized.jpg\" alt='' title='diario-voto-asistido-(1)_optimized' height=\"600\" width=\"1066\"  itemprop=\"thumbnailUrl\" srcset=\"https:\/\/radiorevelacionfm.cl\/wp-content\/uploads\/2023\/05\/diario-voto-asistido-1_optimized.jpg 1066w, https:\/\/radiorevelacionfm.cl\/wp-content\/uploads\/2023\/05\/diario-voto-asistido-1_optimized-300x169.jpg 300w, https:\/\/radiorevelacionfm.cl\/wp-content\/uploads\/2023\/05\/diario-voto-asistido-1_optimized-1030x580.jpg 1030w, https:\/\/radiorevelacionfm.cl\/wp-content\/uploads\/2023\/05\/diario-voto-asistido-1_optimized-768x432.jpg 768w, https:\/\/radiorevelacionfm.cl\/wp-content\/uploads\/2023\/05\/diario-voto-asistido-1_optimized-705x397.jpg 705w, https:\/\/radiorevelacionfm.cl\/wp-content\/uploads\/2023\/05\/diario-voto-asistido-1_optimized-450x253.jpg 450w, https:\/\/radiorevelacionfm.cl\/wp-content\/uploads\/2023\/05\/diario-voto-asistido-1_optimized-600x338.jpg 600w\" sizes=\"(max-width: 1066px) 100vw, 1066px\" \/><\/div><\/div><\/div><\/div><div class=\"flex_column av_one_full  flex_column_div av-zero-column-padding first  avia-builder-el-2  el_after_av_one_full  el_before_av_one_full  column-top-margin\" style='border-radius:0px; '><section class=\"av_textblock_section \"  itemscope=\"itemscope\" itemtype=\"https:\/\/schema.org\/BlogPosting\" itemprop=\"blogPost\" ><div class='avia_textblock  '   itemprop=\"text\" ><p style=\"text-align: center;\"><strong><span style=\"font-size: 18pt;\">Recuerdan el Voto Asistido a personas con discapacidad para proceso electoral obligatorio de este domingo<\/span><\/strong><\/p>\n<div id=\"gtx-trans\" style=\"position: absolute; left: -50px; top: 4.31534px;\">\n<div class=\"gtx-trans-icon\"><\/div>\n<\/div>\n<\/div><\/section><\/div><div class=\"flex_column av_one_full  flex_column_div av-zero-column-padding first  avia-builder-el-4  el_after_av_one_full  el_before_av_hr  column-top-margin\" style='border-radius:0px; '><section class=\"av_textblock_section \"  itemscope=\"itemscope\" itemtype=\"https:\/\/schema.org\/BlogPosting\" itemprop=\"blogPost\" ><div class='avia_textblock  '   itemprop=\"text\" ><p style=\"text-align: justify;\">Autoridades regionales junto a representantes de organizaciones de personas con discapacidad participaron de una actividad de difusi\u00f3n del Voto Asistido, oportunidad en que informaron medidas establecidas en la legislaci\u00f3n para facilitar el derecho a sufragio de las personas con discapacidad en el marco de las elecciones del domingo 7 de mayo donde la comunidad elegir\u00e1 a los y las 50 integrantes del Concejo Constitucional.<\/p>\n<p style=\"text-align: justify;\">Viviana Mu\u00f1oz, directora (S) del Senadis, explic\u00f3 que junto al Servicio Electoral (Servel) se ha realizado un trabajo tendiente a generar las condiciones para que las personas con discapacidad puedan participar de las elecciones de este domingo. \u201cEn Ays\u00e9n tenemos alrededor de 15 mil personas con discapacidad de las cuales no todas necesitan asistencia, sin embargo todas podr\u00e1n manifestar si requieren apoyo del presidente de la mesa o una persona de confianza\u201d.<\/p>\n<p style=\"text-align: justify;\">En la misma l\u00ednea, Rodrigo Araya, delegado Presidencial Regional Ays\u00e9n, enfatiz\u00f3 que \u201ccomo gobierno es un deber hacer todo lo posible para que las personas puedan acceder a su derecho a voto el cual hoy adem\u00e1s es un deber. Todas las personas que tengan alg\u00fan tipo de discapacidad\u00a0 deben tener la seguridad de que podr\u00e1n asistir a su centro de sufragio a emitir su voto a trav\u00e9s de esta norma que establece el voto asistido, de eso hemos estado preocupados junto al Servel\u201d.<\/p>\n<p style=\"text-align: justify;\">Cristina Barrientos, presidenta de la Agrupaci\u00f3n de Ciegos de la Patagonia (ACIPA), manifest\u00f3 su alegr\u00eda por todos estos avances que se est\u00e1n haciendo junto a Senadis y Servel, aprovechando la oportunidad de solicitar \u201ca los y las vocales de mesa empat\u00eda, recordar que muchos de nuestras personas ciegas no usan el voto braille y solicitan el voto asistido, adem\u00e1s que la mayor\u00eda, sino todos los locales de votaci\u00f3n tienen muchas escaleras. Pong\u00e1monos en el lugar del otro\u201d.<\/p>\n<p style=\"text-align: justify;\">Por su parte, la SEREMI de Desarrollo Social y Familia, Karina Acevedo Auad, record\u00f3 que este proceso es obligatorio y como Estado debe generar los instrumentos para que las personas con discapacidad puedan ejercer ese derecho. \u201cUn dato muy importante es que en la Regi\u00f3n de Ays\u00e9n hay casi un 20% de personas que declaran alg\u00fan tipo de discapacidad, as\u00ed es que como regi\u00f3n debemos hacernos cargo de abordar este proceso no s\u00f3lo con el voto sino con la mec\u00e1nica dentro del establecimiento para que puedan sufragar sin ning\u00fan tipo de dificultad\u201d.<\/p>\n<p style=\"text-align: justify;\">En esa l\u00ednea, N\u00e9stor Sep\u00falveda, director del Servel Ays\u00e9n, dijo que en cada local de votaci\u00f3n existir\u00e1 informaci\u00f3n a la cual elector puede acceder con su celular a trav\u00e9s de un c\u00f3digo QR\u00a0 y los electores con dificultad visual van a contar con las plantillas braille. \u201cEstas plantillas las tendr\u00e1 cada Delegado de Local de Votaci\u00f3n, por lo tanto la mesa electoral que requiera de ese material va a solicitarlo al delegado. Las personas que requieran ser asistidas pueden ser acompa\u00f1adas por una persona mayor de edad de su confianza, una sola persona o el presidente de la mesa\u201d.<\/p>\n<p style=\"text-align: justify;\">Alejandra Candia, Presidenta Organizaci\u00f3n no gubernamental para el desarrollo integral de las personas\u00a0sordas\u00a0R\u00fcp\u00fcn, dijo estar muy contenta por el equipo de trabajo que desarrolla este apoyo a las personas con discapacidad y record\u00f3 que \u201cantes faltaba mucho y era muy complicado, por ejemplo a quienes viv\u00edan lejos o en zonas rurales. Antes no hab\u00eda mucha informaci\u00f3n y por ejemplo el visor es un tremendo apoyo para que las personas sordas podamos acceder a la informaci\u00f3n e estas elecciones\u00bb.<\/p>\n<p style=\"text-align: justify;\">Finalmente, las autoridades recordaron que este domingo 7 de mayo, d\u00eda en que Chile elige a las y los 50 integrantes del Concejo Constitucional, \u00a0las personas con discapacidad pueden ejercer su derecho a voto fuera de la c\u00e1mara secreta y la mesa deber\u00e1 adoptar las medidas necesarias para mantener el secreto del voto. En el caso de que existan escaleras u otros obst\u00e1culos al desplazamiento, se puede dirigir al Delegado de Local o a personal de Defensa Civil presentes en el local y solicitar su ayuda, en el caso de las personas sordas o con discapacidad auditiva pueden expresar a trav\u00e9s de la lengua de se\u00f1as chilena o por escrito que desean hacer uso del Voto Asistido.<\/p>\n<\/div><\/section><\/div><div  style='height:50px' class='hr hr-invisible   avia-builder-el-6  el_after_av_one_full  el_before_av_social_share '><span class='hr-inner ' ><span class='hr-inner-style'><\/span><\/span><\/div><\/p>\n<div  class='av-social-sharing-box  avia-builder-el-7  el_after_av_hr  el_before_av_hr  '><div class='av-share-box'><h5 class='av-share-link-description av-no-toc '>Compartir esta noticia<\/h5><ul class='av-share-box-list noLightbox'><li class='av-share-link av-social-link-facebook' ><a target=\"_blank\" aria-label=\"Compartir en Facebook\" href='https:\/\/www.facebook.com\/sharer.php?u=https:\/\/radiorevelacionfm.cl\/?p=30673&#038;t=Recuerdan%20el%20Voto%20Asistido%20a%20personas%20con%20discapacidad%20para%20proceso%20electoral%20obligatorio%20de%20este%20domingo' aria-hidden='false' data-av_icon='\ue8f3' data-av_iconfont='entypo-fontello' title='' data-avia-related-tooltip='Compartir en Facebook' rel=\"noopener\"><span class='avia_hidden_link_text'>Compartir en Facebook<\/span><\/a><\/li><li class='av-share-link av-social-link-twitter' ><a target=\"_blank\" aria-label=\"Compartir en Twitter\" href='https:\/\/twitter.com\/share?text=Recuerdan%20el%20Voto%20Asistido%20a%20personas%20con%20discapacidad%20para%20proceso%20electoral%20obligatorio%20de%20este%20domingo&#038;url=https:\/\/radiorevelacionfm.cl\/?p=30673' aria-hidden='false' data-av_icon='\ue8f1' data-av_iconfont='entypo-fontello' title='' data-avia-related-tooltip='Compartir en Twitter' rel=\"noopener\"><span class='avia_hidden_link_text'>Compartir en Twitter<\/span><\/a><\/li><li class='av-share-link av-social-link-whatsapp' ><a target=\"_blank\" aria-label=\"Compartir en Whatsapp\" href='https:\/\/api.whatsapp.com\/send?text=https:\/\/radiorevelacionfm.cl\/?p=30673' aria-hidden='false' data-av_icon='\uf232' data-av_iconfont='entypo-fontello' title='' data-avia-related-tooltip='Compartir en Whatsapp' rel=\"noopener\"><span class='avia_hidden_link_text'>Compartir en Whatsapp<\/span><\/a><\/li><li class='av-share-link av-social-link-linkedin' ><a target=\"_blank\" aria-label=\"Compartir en LinkedIn\" href='https:\/\/linkedin.com\/shareArticle?mini=true&#038;title=Recuerdan%20el%20Voto%20Asistido%20a%20personas%20con%20discapacidad%20para%20proceso%20electoral%20obligatorio%20de%20este%20domingo&#038;url=https:\/\/radiorevelacionfm.cl\/?p=30673' aria-hidden='false' data-av_icon='\ue8fc' data-av_iconfont='entypo-fontello' title='' data-avia-related-tooltip='Compartir en LinkedIn' rel=\"noopener\"><span class='avia_hidden_link_text'>Compartir en LinkedIn<\/span><\/a><\/li><li class='av-share-link av-social-link-mail' ><a  aria-label=\"Compartir por correo\" href='mailto:?subject=Recuerdan%20el%20Voto%20Asistido%20a%20personas%20con%20discapacidad%20para%20proceso%20electoral%20obligatorio%20de%20este%20domingo&#038;body=https:\/\/radiorevelacionfm.cl\/?p=30673' aria-hidden='false' data-av_icon='\ue805' data-av_iconfont='entypo-fontello' title='' data-avia-related-tooltip='Compartir por correo'><span class='avia_hidden_link_text'>Compartir por correo<\/span><\/a><\/li><\/ul><\/div><\/div>\n<div  style='height:50px' class='hr hr-invisible   avia-builder-el-8  el_after_av_social_share  el_before_av_comments_list '><span class='hr-inner ' ><span class='hr-inner-style'><\/span><\/span><\/div>\n<div  class='av-buildercomment  av-blog-meta-html-info-disabled av-blog-meta-tag-disabled  '><\/div>\n","protected":false},"excerpt":{"rendered":"","protected":false},"author":1,"featured_media":30674,"comment_status":"open","ping_status":"open","sticky":false,"template":"","format":"standard","meta":{"footnotes":""},"categories":[38],"tags":[],"class_list":["post-30673","post","type-post","status-publish","format-standard","has-post-thumbnail","hentry","category-regional"],"jetpack_featured_media_url":"https:\/\/radiorevelacionfm.cl\/wp-content\/uploads\/2023\/05\/diario-voto-asistido-1_optimized.jpg","_links":{"self":[{"href":"https:\/\/radiorevelacionfm.cl\/index.php?rest_route=\/wp\/v2\/posts\/30673","targetHints":{"allow":["GET"]}}],"collection":[{"href":"https:\/\/radiorevelacionfm.cl\/index.php?rest_route=\/wp\/v2\/posts"}],"about":[{"href":"https:\/\/radiorevelacionfm.cl\/index.php?rest_route=\/wp\/v2\/types\/post"}],"author":[{"embeddable":true,"href":"https:\/\/radiorevelacionfm.cl\/index.php?rest_route=\/wp\/v2\/users\/1"}],"replies":[{"embeddable":true,"href":"https:\/\/radiorevelacionfm.cl\/index.php?rest_route=%2Fwp%2Fv2%2Fcomments&post=30673"}],"version-history":[{"count":1,"href":"https:\/\/radiorevelacionfm.cl\/index.php?rest_route=\/wp\/v2\/posts\/30673\/revisions"}],"predecessor-version":[{"id":30675,"href":"https:\/\/radiorevelacionfm.cl\/index.php?rest_route=\/wp\/v2\/posts\/30673\/revisions\/30675"}],"wp:featuredmedia":[{"embeddable":true,"href":"https:\/\/radiorevelacionfm.cl\/index.php?rest_route=\/wp\/v2\/media\/30674"}],"wp:attachment":[{"href":"https:\/\/radiorevelacionfm.cl\/index.php?rest_route=%2Fwp%2Fv2%2Fmedia&parent=30673"}],"wp:term":[{"taxonomy":"category","embeddable":true,"href":"https:\/\/radiorevelacionfm.cl\/index.php?rest_route=%2Fwp%2Fv2%2Fcategories&post=30673"},{"taxonomy":"post_tag","embeddable":true,"href":"https:\/\/radiorevelacionfm.cl\/index.php?rest_route=%2Fwp%2Fv2%2Ftags&post=30673"}],"curies":[{"name":"wp","href":"https:\/\/api.w.org\/{rel}","templated":true}]}}