{"id":30670,"date":"2023-05-04T10:46:42","date_gmt":"2023-05-04T13:46:42","guid":{"rendered":"https:\/\/radiorevelacionfm.cl\/?p=30670"},"modified":"2023-05-04T11:07:50","modified_gmt":"2023-05-04T14:07:50","slug":"ministerios-de-educacion-y-de-agricultura-firman-convenio-para-potenciar-la-educacion-tecnico-profesional-en-las-zonas-rurales","status":"publish","type":"post","link":"https:\/\/radiorevelacionfm.cl\/?p=30670","title":{"rendered":"Ministerios de Educaci\u00f3n y de Agricultura firman convenio para potenciar la educaci\u00f3n t\u00e9cnico-profesional en las zonas rurales"},"content":{"rendered":"<div class=\"flex_column av_one_full  flex_column_div av-zero-column-padding first  avia-builder-el-0  el_before_av_one_full  avia-builder-el-first  \" style='border-radius:0px; '><div  class='avia-image-container  av-styling-    avia-builder-el-1  avia-builder-el-no-sibling  avia-align-center '  itemprop=\"image\" itemscope=\"itemscope\" itemtype=\"https:\/\/schema.org\/ImageObject\"  ><div class='avia-image-container-inner'><div class='avia-image-overlay-wrap'><img decoding=\"async\" class='wp-image-30689 avia-img-lazy-loading-not-30689 avia_image' src=\"https:\/\/radiorevelacionfm.cl\/wp-content\/uploads\/2023\/05\/MinagriMineduc-2-1-1-1.jpeg\" alt='' title='MinagriMineduc (2) (1) (1) (1)' height=\"600\" width=\"901\"  itemprop=\"thumbnailUrl\" srcset=\"https:\/\/radiorevelacionfm.cl\/wp-content\/uploads\/2023\/05\/MinagriMineduc-2-1-1-1.jpeg 901w, https:\/\/radiorevelacionfm.cl\/wp-content\/uploads\/2023\/05\/MinagriMineduc-2-1-1-1-300x200.jpeg 300w, https:\/\/radiorevelacionfm.cl\/wp-content\/uploads\/2023\/05\/MinagriMineduc-2-1-1-1-768x511.jpeg 768w, https:\/\/radiorevelacionfm.cl\/wp-content\/uploads\/2023\/05\/MinagriMineduc-2-1-1-1-705x469.jpeg 705w, https:\/\/radiorevelacionfm.cl\/wp-content\/uploads\/2023\/05\/MinagriMineduc-2-1-1-1-450x300.jpeg 450w, https:\/\/radiorevelacionfm.cl\/wp-content\/uploads\/2023\/05\/MinagriMineduc-2-1-1-1-600x400.jpeg 600w\" sizes=\"(max-width: 901px) 100vw, 901px\" \/><\/div><\/div><\/div><\/div><div class=\"flex_column av_one_full  flex_column_div av-zero-column-padding first  avia-builder-el-2  el_after_av_one_full  el_before_av_one_full  column-top-margin\" style='border-radius:0px; '><section class=\"av_textblock_section \"  itemscope=\"itemscope\" itemtype=\"https:\/\/schema.org\/BlogPosting\" itemprop=\"blogPost\" ><div class='avia_textblock  '   itemprop=\"text\" ><p class=\"v1MsoNormal\" style=\"text-align: center;\" align=\"center\"><span style=\"font-size: 18pt;\"><b><span lang=\"ES\">Ministerios de Educaci\u00f3n y de Agricultura firman convenio para potenciar la educaci\u00f3n t\u00e9cnico-profesional en las zonas rurales<\/span><\/b><\/span><\/p>\n<p class=\"v1MsoNormal\"><span lang=\"ES\">\u00a0<\/span><\/p>\n<div id=\"gtx-trans\" style=\"position: absolute; left: -50px; top: 4.31534px;\">\n<div class=\"gtx-trans-icon\"><\/div>\n<\/div>\n<\/div><\/section><\/div><\/p>\n<div class=\"flex_column av_one_full  flex_column_div av-zero-column-padding first  avia-builder-el-4  el_after_av_one_full  el_before_av_hr  column-top-margin\" style='border-radius:0px; '><section class=\"av_textblock_section \"  itemscope=\"itemscope\" itemtype=\"https:\/\/schema.org\/BlogPosting\" itemprop=\"blogPost\" ><div class='avia_textblock  '   itemprop=\"text\" ><p class=\"v1MsoNormal\" style=\"text-align: justify;\"><span lang=\"ES\">El ministro de Educaci\u00f3n, Marco Antonio \u00c1vila, y el ministro de Agricultura, Esteban Valenzuela, visitaron este martes el Instituto Agr\u00edcola Pascual Baburizza de la comuna de Calle Larga, en la Regi\u00f3n de Valpara\u00edso, para firmar un acuerdo de colaboraci\u00f3n para potenciar la educaci\u00f3n rural del pa\u00eds, y en especial a los liceos t\u00e9cnicos-profesionales de este sector educacional.<\/span><\/p>\n<p class=\"v1MsoNormal\" style=\"text-align: justify;\"><span lang=\"ES\">El convenio se enmarca en el Plan de Educaci\u00f3n Rural Gabriela Mistral, lanzado por el Gobierno el a\u00f1o pasado, que busca entregar mejores oportunidades de ense\u00f1anza a los 282 mil estudiantes de establecimientos rurales del pa\u00eds.<\/span><\/p>\n<p class=\"v1MsoNormal\" style=\"text-align: justify;\"><span lang=\"ES\">En este caso, el convenio ofrecer\u00e1 tres medidas para el sector. Una de ellas es la apertura de espacios de aprendizaje para estudiantes de la educaci\u00f3n t\u00e9cnico-profesional silvoagropecuaria de nivel medio, por parte del Ministerio de Agricultura en sus 12 instituciones asociadas, entre ellas, el Servicio Agr\u00edcola y Ganadero (SAG), la Corporaci\u00f3n Nacional Forestal (Conaf), el Instituto de Desarrollo Agropecuario (INDAP), el Instituto de Investigaciones Agropecuarias (INIA) y la Fundaci\u00f3n para la Innovaci\u00f3n Agraria (FIA).<\/span><\/p>\n<p class=\"v1MsoNormal\" style=\"text-align: justify;\"><span lang=\"ES\">La segunda medida es la oferta de pr\u00e1cticas para estudiantes t\u00e9cnico-profesionales a trav\u00e9s del portal Pr\u00e1cticas para Chile, el que originalmente ofrece pr\u00e1cticas s\u00f3lo de educaci\u00f3n superior. Para ello, el Mineduc ya est\u00e1 trabajando con el Servicio Civil para habilitar esta novedad.<\/span><\/p>\n<p class=\"v1MsoNormal\" style=\"text-align: justify;\"><span lang=\"ES\">Y la tercera medida es la generaci\u00f3n de instancias formativas y de contenidos para estudiantes de la educaci\u00f3n rural en torno a los lineamientos estrat\u00e9gicos de ambos ministerios, como el cambio clim\u00e1tico y la escasez h\u00eddrica, especialmente para estudiantes de la educaci\u00f3n t\u00e9cnico profesional.<\/span><\/p>\n<p class=\"v1MsoNormal\" style=\"text-align: justify;\"><span lang=\"ES\">El ministro de Educaci\u00f3n, Marco Antonio \u00c1vila, explic\u00f3 que el Gobierno tiene el compromiso de ampliar la oferta de las escuelas y liceos rurales \u201cenlanz\u00e1ndolos con una visi\u00f3n de futuro de los grandes temas del siglo XXI, como la sustentabilidad, el problema del agua y la inteligencia artificial, que es algo de lo que tenemos que hacernos cargo\u201d.<\/span><\/p>\n<p class=\"v1MsoNormal\" style=\"text-align: justify;\"><span lang=\"ES\">\u201cNuestro compromiso es que seamos mucho m\u00e1s participativos en este tipo de proyectos, en la gesti\u00f3n y en las alianzas, no solo con el Ministerio de Agricultura o con el sector privado, sino que tambi\u00e9n con el Ministerio de Energ\u00eda en temas de sustentabilidad, por ejemplo, a trav\u00e9s de escuelas con energ\u00eda fotovoltaica. Tenemos que generar m\u00e1s convenios con el mundo privado, para que podamos tener una oferta atractiva para tantos j\u00f3venes que miran en la educaci\u00f3n rural y t\u00e9cnico-profesional una opci\u00f3n de vida para contribuir al pa\u00eds\u201d, agreg\u00f3.<\/span><\/p>\n<p class=\"v1MsoNormal\" style=\"text-align: justify;\"><span lang=\"ES\">Y el ministro de Agricultura, Esteban Valenzuela, plante\u00f3 que \u201cel campo es tecnolog\u00eda, es futuro, es la prioridad n\u00famero uno del planeta, porque la seguridad alimentaria es la primera de todas las seguridades\u201d.<\/span><\/p>\n<p class=\"v1MsoNormal\" style=\"text-align: justify;\"><span lang=\"ES\">\u201cLa agricultura requiere de los j\u00f3venes y de las nuevas generaciones, y ac\u00e1 se construye esta cosecha del futuro en el presente. Todo lo que ac\u00e1 se hace nos llena de esperanza, porque ciencia, tecnolog\u00eda, industria alimentaria, un sistema sustentable y una agricultura m\u00e1s verde son los desaf\u00edos de nuestro programa, pero tambi\u00e9n de la educaci\u00f3n rural\u201d, a\u00f1adi\u00f3 el ministro.<\/span><\/p>\n<p class=\"v1MsoNormal\" style=\"text-align: justify;\"><span lang=\"ES\">En Chile existen 931 establecimientos educacionales que imparten educaci\u00f3n media t\u00e9cnico-profesional, con m\u00e1s de 300 mil estudiantes, que representan aproximadamente un 37% de la matr\u00edcula de educaci\u00f3n media.<\/span><\/p>\n<\/div><\/section><\/div>\n<div  style='height:50px' class='hr hr-invisible   avia-builder-el-6  el_after_av_one_full  el_before_av_social_share '><span class='hr-inner ' ><span class='hr-inner-style'><\/span><\/span><\/div>\n<div  class='av-social-sharing-box  avia-builder-el-7  el_after_av_hr  el_before_av_hr  '><div class='av-share-box'><h5 class='av-share-link-description av-no-toc '>Compartir esta noticia<\/h5><ul class='av-share-box-list noLightbox'><li class='av-share-link av-social-link-facebook' ><a target=\"_blank\" aria-label=\"Compartir en Facebook\" href='https:\/\/www.facebook.com\/sharer.php?u=https:\/\/radiorevelacionfm.cl\/?p=30670&#038;t=Ministerios%20de%20Educaci%C3%B3n%20y%20de%20Agricultura%20firman%20convenio%20para%20potenciar%20la%20educaci%C3%B3n%20t%C3%A9cnico-profesional%20en%20las%20zonas%20rurales' aria-hidden='false' data-av_icon='\ue8f3' data-av_iconfont='entypo-fontello' title='' data-avia-related-tooltip='Compartir en Facebook' rel=\"noopener\"><span class='avia_hidden_link_text'>Compartir en Facebook<\/span><\/a><\/li><li class='av-share-link av-social-link-twitter' ><a target=\"_blank\" aria-label=\"Compartir en Twitter\" href='https:\/\/twitter.com\/share?text=Ministerios%20de%20Educaci%C3%B3n%20y%20de%20Agricultura%20firman%20convenio%20para%20potenciar%20la%20educaci%C3%B3n%20t%C3%A9cnico-profesional%20en%20las%20zonas%20rurales&#038;url=https:\/\/radiorevelacionfm.cl\/?p=30670' aria-hidden='false' data-av_icon='\ue8f1' data-av_iconfont='entypo-fontello' title='' data-avia-related-tooltip='Compartir en Twitter' rel=\"noopener\"><span class='avia_hidden_link_text'>Compartir en Twitter<\/span><\/a><\/li><li class='av-share-link av-social-link-whatsapp' ><a target=\"_blank\" aria-label=\"Compartir en Whatsapp\" href='https:\/\/api.whatsapp.com\/send?text=https:\/\/radiorevelacionfm.cl\/?p=30670' aria-hidden='false' data-av_icon='\uf232' data-av_iconfont='entypo-fontello' title='' data-avia-related-tooltip='Compartir en Whatsapp' rel=\"noopener\"><span class='avia_hidden_link_text'>Compartir en Whatsapp<\/span><\/a><\/li><li class='av-share-link av-social-link-linkedin' ><a target=\"_blank\" aria-label=\"Compartir en LinkedIn\" href='https:\/\/linkedin.com\/shareArticle?mini=true&#038;title=Ministerios%20de%20Educaci%C3%B3n%20y%20de%20Agricultura%20firman%20convenio%20para%20potenciar%20la%20educaci%C3%B3n%20t%C3%A9cnico-profesional%20en%20las%20zonas%20rurales&#038;url=https:\/\/radiorevelacionfm.cl\/?p=30670' aria-hidden='false' data-av_icon='\ue8fc' data-av_iconfont='entypo-fontello' title='' data-avia-related-tooltip='Compartir en LinkedIn' rel=\"noopener\"><span class='avia_hidden_link_text'>Compartir en LinkedIn<\/span><\/a><\/li><li class='av-share-link av-social-link-mail' ><a  aria-label=\"Compartir por correo\" href='mailto:?subject=Ministerios%20de%20Educaci%C3%B3n%20y%20de%20Agricultura%20firman%20convenio%20para%20potenciar%20la%20educaci%C3%B3n%20t%C3%A9cnico-profesional%20en%20las%20zonas%20rurales&#038;body=https:\/\/radiorevelacionfm.cl\/?p=30670' aria-hidden='false' data-av_icon='\ue805' data-av_iconfont='entypo-fontello' title='' data-avia-related-tooltip='Compartir por correo'><span class='avia_hidden_link_text'>Compartir por correo<\/span><\/a><\/li><\/ul><\/div><\/div>\n<div  style='height:50px' class='hr hr-invisible   avia-builder-el-8  el_after_av_social_share  el_before_av_comments_list '><span class='hr-inner ' ><span class='hr-inner-style'><\/span><\/span><\/div>\n<div  class='av-buildercomment  av-blog-meta-html-info-disabled av-blog-meta-tag-disabled  '><\/div>\n","protected":false},"excerpt":{"rendered":"","protected":false},"author":1,"featured_media":30689,"comment_status":"open","ping_status":"open","sticky":false,"template":"","format":"standard","meta":{"footnotes":""},"categories":[58,49],"tags":[],"class_list":["post-30670","post","type-post","status-publish","format-standard","has-post-thumbnail","hentry","category-agricultura","category-educacion"],"jetpack_featured_media_url":"https:\/\/radiorevelacionfm.cl\/wp-content\/uploads\/2023\/05\/MinagriMineduc-2-1-1-1.jpeg","_links":{"self":[{"href":"https:\/\/radiorevelacionfm.cl\/index.php?rest_route=\/wp\/v2\/posts\/30670","targetHints":{"allow":["GET"]}}],"collection":[{"href":"https:\/\/radiorevelacionfm.cl\/index.php?rest_route=\/wp\/v2\/posts"}],"about":[{"href":"https:\/\/radiorevelacionfm.cl\/index.php?rest_route=\/wp\/v2\/types\/post"}],"author":[{"embeddable":true,"href":"https:\/\/radiorevelacionfm.cl\/index.php?rest_route=\/wp\/v2\/users\/1"}],"replies":[{"embeddable":true,"href":"https:\/\/radiorevelacionfm.cl\/index.php?rest_route=%2Fwp%2Fv2%2Fcomments&post=30670"}],"version-history":[{"count":2,"href":"https:\/\/radiorevelacionfm.cl\/index.php?rest_route=\/wp\/v2\/posts\/30670\/revisions"}],"predecessor-version":[{"id":30690,"href":"https:\/\/radiorevelacionfm.cl\/index.php?rest_route=\/wp\/v2\/posts\/30670\/revisions\/30690"}],"wp:featuredmedia":[{"embeddable":true,"href":"https:\/\/radiorevelacionfm.cl\/index.php?rest_route=\/wp\/v2\/media\/30689"}],"wp:attachment":[{"href":"https:\/\/radiorevelacionfm.cl\/index.php?rest_route=%2Fwp%2Fv2%2Fmedia&parent=30670"}],"wp:term":[{"taxonomy":"category","embeddable":true,"href":"https:\/\/radiorevelacionfm.cl\/index.php?rest_route=%2Fwp%2Fv2%2Fcategories&post=30670"},{"taxonomy":"post_tag","embeddable":true,"href":"https:\/\/radiorevelacionfm.cl\/index.php?rest_route=%2Fwp%2Fv2%2Ftags&post=30670"}],"curies":[{"name":"wp","href":"https:\/\/api.w.org\/{rel}","templated":true}]}}