{"id":30667,"date":"2023-05-03T20:27:48","date_gmt":"2023-05-03T23:27:48","guid":{"rendered":"https:\/\/radiorevelacionfm.cl\/?p=30667"},"modified":"2023-05-03T20:27:48","modified_gmt":"2023-05-03T23:27:48","slug":"dan-la-bienvenida-a-adultos-mayores-que-ingresan-a-programa-vinculos-en-puerto-aysen","status":"publish","type":"post","link":"https:\/\/radiorevelacionfm.cl\/?p=30667","title":{"rendered":"Dan la bienvenida a adultos mayores que ingresan a Programa V\u00ednculos en Puerto Ays\u00e9n"},"content":{"rendered":"<div class=\"flex_column av_one_full  flex_column_div av-zero-column-padding first  avia-builder-el-0  el_before_av_one_full  avia-builder-el-first  \" style='border-radius:0px; '><div  class='avia-image-container  av-styling-    avia-builder-el-1  avia-builder-el-no-sibling  avia-align-center '  itemprop=\"image\" itemscope=\"itemscope\" itemtype=\"https:\/\/schema.org\/ImageObject\"  ><div class='avia-image-container-inner'><div class='avia-image-overlay-wrap'><img decoding=\"async\" class='wp-image-30668 avia-img-lazy-loading-not-30668 avia_image' src=\"https:\/\/radiorevelacionfm.cl\/wp-content\/uploads\/2023\/05\/ALCALDE-PROGRAMA-VINCULO-SEREMI-D.S-15-1-1.jpg\" alt='' title='ALCALDE PROGRAMA VINCULO SEREMI D.S-15 (1) (1)' height=\"600\" width=\"900\"  itemprop=\"thumbnailUrl\" srcset=\"https:\/\/radiorevelacionfm.cl\/wp-content\/uploads\/2023\/05\/ALCALDE-PROGRAMA-VINCULO-SEREMI-D.S-15-1-1.jpg 900w, https:\/\/radiorevelacionfm.cl\/wp-content\/uploads\/2023\/05\/ALCALDE-PROGRAMA-VINCULO-SEREMI-D.S-15-1-1-300x200.jpg 300w, https:\/\/radiorevelacionfm.cl\/wp-content\/uploads\/2023\/05\/ALCALDE-PROGRAMA-VINCULO-SEREMI-D.S-15-1-1-768x512.jpg 768w, https:\/\/radiorevelacionfm.cl\/wp-content\/uploads\/2023\/05\/ALCALDE-PROGRAMA-VINCULO-SEREMI-D.S-15-1-1-705x470.jpg 705w, https:\/\/radiorevelacionfm.cl\/wp-content\/uploads\/2023\/05\/ALCALDE-PROGRAMA-VINCULO-SEREMI-D.S-15-1-1-450x300.jpg 450w, https:\/\/radiorevelacionfm.cl\/wp-content\/uploads\/2023\/05\/ALCALDE-PROGRAMA-VINCULO-SEREMI-D.S-15-1-1-600x400.jpg 600w\" sizes=\"(max-width: 900px) 100vw, 900px\" \/><\/div><\/div><\/div><\/div><div class=\"flex_column av_one_full  flex_column_div av-zero-column-padding first  avia-builder-el-2  el_after_av_one_full  el_before_av_one_full  column-top-margin\" style='border-radius:0px; '><section class=\"av_textblock_section \"  itemscope=\"itemscope\" itemtype=\"https:\/\/schema.org\/BlogPosting\" itemprop=\"blogPost\" ><div class='avia_textblock  '   itemprop=\"text\" ><p style=\"text-align: center;\"><span style=\"font-size: 18pt;\"><strong>Dan la bienvenida a adultos mayores que ingresan a Programa V\u00ednculos en Puerto Ays\u00e9n<\/strong><\/span><\/p>\n<div id=\"gtx-trans\" style=\"position: absolute; left: -50px; top: 4.31534px;\">\n<div class=\"gtx-trans-icon\"><\/div>\n<\/div>\n<\/div><\/section><\/div><div class=\"flex_column av_one_full  flex_column_div av-zero-column-padding first  avia-builder-el-4  el_after_av_one_full  el_before_av_hr  column-top-margin\" style='border-radius:0px; '><section class=\"av_textblock_section \"  itemscope=\"itemscope\" itemtype=\"https:\/\/schema.org\/BlogPosting\" itemprop=\"blogPost\" ><div class='avia_textblock  '   itemprop=\"text\" ><p style=\"text-align: justify;\">Este martes, 36 adultas y adultos mayores de Ays\u00e9n participaron del \u201cmal\u00f3n de bienvenida\u201d al Programa V\u00ednculos, en su d\u00e9cimo s\u00e9ptima convocatoria. A la actividad, celebrada en la Sala M\u00faltiple de Puerto Ays\u00e9n, asisti\u00f3 el alcalde de la comuna, Julio Uribe Alvarado, la seremi de Desarrollo Social, Karina Acevedo Auad, y el coordinador regional de Senama, Nicol\u00e1s Quilodr\u00e1n.<\/p>\n<p style=\"text-align: justify;\">Respecto de la activa participaci\u00f3n del municipio en acoger estos programas, el alcalde Uribe coment\u00f3 que \u201clo que nosotros queremos es proteger a nuestros adultos mayores, y queremos que los adultos mayores sepan que tienen un municipio comprometido con ellos\u201d, agregando que se siente \u201clleno de satisfacci\u00f3n, y seguiremos trabajando firmemente por mi convicci\u00f3n de integrarlos a la cultura, y al deporte\u201d.<\/p>\n<p style=\"text-align: justify;\">Vale recordar que el municipio ha impulsado diversas iniciativas para beneficiar a los adultos mayores, entre ellas, el recientemente lanzado programa \u201cExpreso Conecta Mayor\u201d, el cual realiza traslados gratuitos para mayores de 60 a\u00f1os a centros de salud en Puerto Ays\u00e9n y Coyhaique. Sobre este tema, el alcalde manifest\u00f3 que \u201cson se\u00f1ales que muestran el trabajo que estamos realizando desde todas nuestras unidades, apoyando firmemente a nuestros adultos mayores\u201d.<\/p>\n<p style=\"text-align: justify;\">La seremi de Desarrollo Social, indic\u00f3 que \u201cel Programa V\u00ednculos es un tremendo aporte que se ha dise\u00f1ado para trabajar con las municipalidades, donde el alcalde Uribe ha tomado esto con mucha fuerza y le ha puesto harto coraz\u00f3n en el trabajo del d\u00eda a d\u00eda\u201d. En la oportunidad, aprovech\u00f3 de detallar que el programa consiste en la integraci\u00f3n de las personas mayores a la comunidad, para que no se sientan solas y puedan estar acompa\u00f1adas de un equipo psicosocial que los visite en un per\u00edodo de dos a\u00f1os.<\/p>\n<p style=\"text-align: justify;\">Marta Ugarte, monitora de la d\u00e9cimo sexta convocatoria del programa, recalc\u00f3 que \u201ccada cosa que se conquiste para los adultos mayores para m\u00ed es ampliamente positivo\u201d. Ella lleva una d\u00e9cada trabajando en este programa, y de acuerdo a sus palabras \u201cha ido evolucionando y he visto c\u00f3mo ahora llega a adultos mayores que antes no ten\u00edan la posibilidad. Si bien a\u00fan hay un d\u00e9ficit, esperamos que podamos tener m\u00e1s reconocimiento\u201d.<\/p>\n<p style=\"text-align: justify;\">Adem\u00e1s, aprovech\u00f3 de hacer \u00e9nfasis en el rol que han tenido estas personas en nuestra comunidad. \u201cLos adultos mayores hicieron este pueblo. Pavimentaron sus calles, hicieron sus casas, y necesitamos que la gente joven se acuerde de ellos\u201d.<\/p>\n<\/div><\/section><\/div><div  style='height:50px' class='hr hr-invisible   avia-builder-el-6  el_after_av_one_full  el_before_av_social_share '><span class='hr-inner ' ><span class='hr-inner-style'><\/span><\/span><\/div><\/p>\n<div  class='av-social-sharing-box  avia-builder-el-7  el_after_av_hr  el_before_av_hr  '><div class='av-share-box'><h5 class='av-share-link-description av-no-toc '>Compartir esta noticia<\/h5><ul class='av-share-box-list noLightbox'><li class='av-share-link av-social-link-facebook' ><a target=\"_blank\" aria-label=\"Compartir en Facebook\" href='https:\/\/www.facebook.com\/sharer.php?u=https:\/\/radiorevelacionfm.cl\/?p=30667&#038;t=Dan%20la%20bienvenida%20a%20adultos%20mayores%20que%20ingresan%20a%20Programa%20V%C3%ADnculos%20en%20Puerto%20Ays%C3%A9n' aria-hidden='false' data-av_icon='\ue8f3' data-av_iconfont='entypo-fontello' title='' data-avia-related-tooltip='Compartir en Facebook' rel=\"noopener\"><span class='avia_hidden_link_text'>Compartir en Facebook<\/span><\/a><\/li><li class='av-share-link av-social-link-twitter' ><a target=\"_blank\" aria-label=\"Compartir en Twitter\" href='https:\/\/twitter.com\/share?text=Dan%20la%20bienvenida%20a%20adultos%20mayores%20que%20ingresan%20a%20Programa%20V%C3%ADnculos%20en%20Puerto%20Ays%C3%A9n&#038;url=https:\/\/radiorevelacionfm.cl\/?p=30667' aria-hidden='false' data-av_icon='\ue8f1' data-av_iconfont='entypo-fontello' title='' data-avia-related-tooltip='Compartir en Twitter' rel=\"noopener\"><span class='avia_hidden_link_text'>Compartir en Twitter<\/span><\/a><\/li><li class='av-share-link av-social-link-whatsapp' ><a target=\"_blank\" aria-label=\"Compartir en Whatsapp\" href='https:\/\/api.whatsapp.com\/send?text=https:\/\/radiorevelacionfm.cl\/?p=30667' aria-hidden='false' data-av_icon='\uf232' data-av_iconfont='entypo-fontello' title='' data-avia-related-tooltip='Compartir en Whatsapp' rel=\"noopener\"><span class='avia_hidden_link_text'>Compartir en Whatsapp<\/span><\/a><\/li><li class='av-share-link av-social-link-linkedin' ><a target=\"_blank\" aria-label=\"Compartir en LinkedIn\" href='https:\/\/linkedin.com\/shareArticle?mini=true&#038;title=Dan%20la%20bienvenida%20a%20adultos%20mayores%20que%20ingresan%20a%20Programa%20V%C3%ADnculos%20en%20Puerto%20Ays%C3%A9n&#038;url=https:\/\/radiorevelacionfm.cl\/?p=30667' aria-hidden='false' data-av_icon='\ue8fc' data-av_iconfont='entypo-fontello' title='' data-avia-related-tooltip='Compartir en LinkedIn' rel=\"noopener\"><span class='avia_hidden_link_text'>Compartir en LinkedIn<\/span><\/a><\/li><li class='av-share-link av-social-link-mail' ><a  aria-label=\"Compartir por correo\" href='mailto:?subject=Dan%20la%20bienvenida%20a%20adultos%20mayores%20que%20ingresan%20a%20Programa%20V%C3%ADnculos%20en%20Puerto%20Ays%C3%A9n&#038;body=https:\/\/radiorevelacionfm.cl\/?p=30667' aria-hidden='false' data-av_icon='\ue805' data-av_iconfont='entypo-fontello' title='' data-avia-related-tooltip='Compartir por correo'><span class='avia_hidden_link_text'>Compartir por correo<\/span><\/a><\/li><\/ul><\/div><\/div>\n<div  style='height:50px' class='hr hr-invisible   avia-builder-el-8  el_after_av_social_share  el_before_av_comments_list '><span class='hr-inner ' ><span class='hr-inner-style'><\/span><\/span><\/div>\n<div  class='av-buildercomment  av-blog-meta-html-info-disabled av-blog-meta-tag-disabled  '><\/div>\n","protected":false},"excerpt":{"rendered":"","protected":false},"author":1,"featured_media":30668,"comment_status":"open","ping_status":"open","sticky":false,"template":"","format":"standard","meta":{"footnotes":""},"categories":[38],"tags":[],"class_list":["post-30667","post","type-post","status-publish","format-standard","has-post-thumbnail","hentry","category-regional"],"jetpack_featured_media_url":"https:\/\/radiorevelacionfm.cl\/wp-content\/uploads\/2023\/05\/ALCALDE-PROGRAMA-VINCULO-SEREMI-D.S-15-1-1.jpg","_links":{"self":[{"href":"https:\/\/radiorevelacionfm.cl\/index.php?rest_route=\/wp\/v2\/posts\/30667","targetHints":{"allow":["GET"]}}],"collection":[{"href":"https:\/\/radiorevelacionfm.cl\/index.php?rest_route=\/wp\/v2\/posts"}],"about":[{"href":"https:\/\/radiorevelacionfm.cl\/index.php?rest_route=\/wp\/v2\/types\/post"}],"author":[{"embeddable":true,"href":"https:\/\/radiorevelacionfm.cl\/index.php?rest_route=\/wp\/v2\/users\/1"}],"replies":[{"embeddable":true,"href":"https:\/\/radiorevelacionfm.cl\/index.php?rest_route=%2Fwp%2Fv2%2Fcomments&post=30667"}],"version-history":[{"count":1,"href":"https:\/\/radiorevelacionfm.cl\/index.php?rest_route=\/wp\/v2\/posts\/30667\/revisions"}],"predecessor-version":[{"id":30669,"href":"https:\/\/radiorevelacionfm.cl\/index.php?rest_route=\/wp\/v2\/posts\/30667\/revisions\/30669"}],"wp:featuredmedia":[{"embeddable":true,"href":"https:\/\/radiorevelacionfm.cl\/index.php?rest_route=\/wp\/v2\/media\/30668"}],"wp:attachment":[{"href":"https:\/\/radiorevelacionfm.cl\/index.php?rest_route=%2Fwp%2Fv2%2Fmedia&parent=30667"}],"wp:term":[{"taxonomy":"category","embeddable":true,"href":"https:\/\/radiorevelacionfm.cl\/index.php?rest_route=%2Fwp%2Fv2%2Fcategories&post=30667"},{"taxonomy":"post_tag","embeddable":true,"href":"https:\/\/radiorevelacionfm.cl\/index.php?rest_route=%2Fwp%2Fv2%2Ftags&post=30667"}],"curies":[{"name":"wp","href":"https:\/\/api.w.org\/{rel}","templated":true}]}}