{"id":30664,"date":"2023-05-03T22:24:06","date_gmt":"2023-05-04T01:24:06","guid":{"rendered":"https:\/\/radiorevelacionfm.cl\/?p=30664"},"modified":"2023-05-03T22:24:06","modified_gmt":"2023-05-04T01:24:06","slug":"continua-investigacion-por-caso-de-joven-que-fue-hallado-sin-vida-en-los-faldeos-del-mirador-simpson","status":"publish","type":"post","link":"https:\/\/radiorevelacionfm.cl\/?p=30664","title":{"rendered":"Contin\u00faa investigaci\u00f3n por caso de joven que fue hallado sin vida en los faldeos del Mirador Simpson"},"content":{"rendered":"<div class=\"flex_column av_one_full  flex_column_div av-zero-column-padding first  avia-builder-el-0  el_before_av_one_full  avia-builder-el-first  \" style='border-radius:0px; '><div  class='avia-image-container  av-styling-    avia-builder-el-1  avia-builder-el-no-sibling  avia-align-center '  itemprop=\"image\" itemscope=\"itemscope\" itemtype=\"https:\/\/schema.org\/ImageObject\"  ><div class='avia-image-container-inner'><div class='avia-image-overlay-wrap'><img decoding=\"async\" class='wp-image-30665 avia-img-lazy-loading-not-30665 avia_image' src=\"https:\/\/radiorevelacionfm.cl\/wp-content\/uploads\/2023\/05\/344811163_759288025846558_5268400654488804708_n-1-1.jpg\" alt='' title='344811163_759288025846558_5268400654488804708_n (1) (1)' height=\"600\" width=\"857\"  itemprop=\"thumbnailUrl\" srcset=\"https:\/\/radiorevelacionfm.cl\/wp-content\/uploads\/2023\/05\/344811163_759288025846558_5268400654488804708_n-1-1.jpg 857w, https:\/\/radiorevelacionfm.cl\/wp-content\/uploads\/2023\/05\/344811163_759288025846558_5268400654488804708_n-1-1-300x210.jpg 300w, https:\/\/radiorevelacionfm.cl\/wp-content\/uploads\/2023\/05\/344811163_759288025846558_5268400654488804708_n-1-1-768x538.jpg 768w, https:\/\/radiorevelacionfm.cl\/wp-content\/uploads\/2023\/05\/344811163_759288025846558_5268400654488804708_n-1-1-705x494.jpg 705w, https:\/\/radiorevelacionfm.cl\/wp-content\/uploads\/2023\/05\/344811163_759288025846558_5268400654488804708_n-1-1-450x315.jpg 450w, https:\/\/radiorevelacionfm.cl\/wp-content\/uploads\/2023\/05\/344811163_759288025846558_5268400654488804708_n-1-1-600x420.jpg 600w\" sizes=\"(max-width: 857px) 100vw, 857px\" \/><\/div><\/div><\/div><\/div><div class=\"flex_column av_one_full  flex_column_div av-zero-column-padding first  avia-builder-el-2  el_after_av_one_full  el_before_av_one_full  column-top-margin\" style='border-radius:0px; '><section class=\"av_textblock_section \"  itemscope=\"itemscope\" itemtype=\"https:\/\/schema.org\/BlogPosting\" itemprop=\"blogPost\" ><div class='avia_textblock  '   itemprop=\"text\" ><p style=\"text-align: center;\"><strong><span style=\"font-size: 18pt;\">Contin\u00faa investigaci\u00f3n por caso de joven que fue hallado sin vida en los faldeos del Mirador Simpson<\/span><\/strong><\/p>\n<div id=\"gtx-trans\" style=\"position: absolute; left: -50px; top: 4.31534px;\">\n<div class=\"gtx-trans-icon\"><\/div>\n<\/div>\n<\/div><\/section><\/div><div class=\"flex_column av_one_full  flex_column_div av-zero-column-padding first  avia-builder-el-4  el_after_av_one_full  el_before_av_hr  column-top-margin\" style='border-radius:0px; '><section class=\"av_textblock_section \"  itemscope=\"itemscope\" itemtype=\"https:\/\/schema.org\/BlogPosting\" itemprop=\"blogPost\" ><div class='avia_textblock  '   itemprop=\"text\" ><p style=\"text-align: justify;\"><span style=\"font-size: 12pt; font-family: georgia, palatino, serif;\">Contin\u00faan las indagatorias por parte de la Fiscal\u00eda Ays\u00e9n y Carabineros para establecer la causa basal del lamentable hecho, que termin\u00f3 con la vida de un joven de 19 a\u00f1os, oriundo de la ciudad de Chile Chico, ocurrido el fin de semana en la ciudad de Coyhaique.<\/span><\/p>\n<p style=\"text-align: justify;\"><span style=\"font-size: 12pt; font-family: georgia, palatino, serif;\">De acuerdo a antecedentes entregados por el fiscal Jos\u00e9 Moris, \u00abel d\u00eda lunes 01 de mayo, se encontr\u00f3 el cuerpo de una persona fallecida, a los pies del Mirador del R\u00edo Simpson, se encargaron las diligencias por parte del fiscal de turno a la SIP de Carabineros Coyhaique y al Laboratorio de Criminal\u00edstica, LABOCAR, a efecto de esclarecer las circunstancias que llevaron al fallecimiento de esta persona\u00bb.<\/span><\/p>\n<p style=\"text-align: justify;\"><span style=\"font-size: 12pt; font-family: georgia, palatino, serif;\">\u00abSe encuentran diligencias en curso, precisamente para determinar en d\u00f3nde estuvo antes, cu\u00e1l fue el desplazamiento, si iba solo, si iba acompa\u00f1ado, a efectos de determinar qu\u00e9 fue lo que caus\u00f3 efectivamente el fallecimiento. De igual manera se est\u00e1 a espera de la autopsia\u00bb, se\u00f1al\u00f3 el fiscal.<\/span><\/p>\n<p style=\"text-align: justify;\"><span style=\"font-size: 12pt; font-family: georgia, palatino, serif;\">Finalmente, Jos\u00e9 Moris indic\u00f3 que la SIP y LABOCAR de Carabineros se encuentran recopilando una serie de antecedentes, testimonios, grabaciones de videos de seguridad, para determinar la ruta, si el joven iba o no acompa\u00f1ado al momento de los hechos, precis\u00f3.\u00a0\u00a0<\/span><\/p>\n<div dir=\"auto\" style=\"text-align: justify;\"><span style=\"font-size: 12pt; font-family: georgia, palatino, serif;\">Cabe mencionar que Francisco Rojas Villegas fue encontrado sin vida, tras permanecer tres d\u00edas desaparecido. Antecedentes indicar\u00edan que se perdi\u00f3 su rastro la noche del viernes, luego de concurrir a una discoteca en la capital regional, informaci\u00f3n que es materia de investigaci\u00f3n.<\/span><\/div>\n<\/div><\/section><\/div><div  style='height:50px' class='hr hr-invisible   avia-builder-el-6  el_after_av_one_full  el_before_av_social_share '><span class='hr-inner ' ><span class='hr-inner-style'><\/span><\/span><\/div><\/p>\n<div  class='av-social-sharing-box  avia-builder-el-7  el_after_av_hr  el_before_av_hr  '><div class='av-share-box'><h5 class='av-share-link-description av-no-toc '>Compartir esta noticia<\/h5><ul class='av-share-box-list noLightbox'><li class='av-share-link av-social-link-facebook' ><a target=\"_blank\" aria-label=\"Compartir en Facebook\" href='https:\/\/www.facebook.com\/sharer.php?u=https:\/\/radiorevelacionfm.cl\/?p=30664&#038;t=Contin%C3%BAa%20investigaci%C3%B3n%20por%20caso%20de%20joven%20que%20fue%20hallado%20sin%20vida%20en%20los%20faldeos%20del%20Mirador%20Simpson' aria-hidden='false' data-av_icon='\ue8f3' data-av_iconfont='entypo-fontello' title='' data-avia-related-tooltip='Compartir en Facebook' rel=\"noopener\"><span class='avia_hidden_link_text'>Compartir en Facebook<\/span><\/a><\/li><li class='av-share-link av-social-link-twitter' ><a target=\"_blank\" aria-label=\"Compartir en Twitter\" href='https:\/\/twitter.com\/share?text=Contin%C3%BAa%20investigaci%C3%B3n%20por%20caso%20de%20joven%20que%20fue%20hallado%20sin%20vida%20en%20los%20faldeos%20del%20Mirador%20Simpson&#038;url=https:\/\/radiorevelacionfm.cl\/?p=30664' aria-hidden='false' data-av_icon='\ue8f1' data-av_iconfont='entypo-fontello' title='' data-avia-related-tooltip='Compartir en Twitter' rel=\"noopener\"><span class='avia_hidden_link_text'>Compartir en Twitter<\/span><\/a><\/li><li class='av-share-link av-social-link-whatsapp' ><a target=\"_blank\" aria-label=\"Compartir en Whatsapp\" href='https:\/\/api.whatsapp.com\/send?text=https:\/\/radiorevelacionfm.cl\/?p=30664' aria-hidden='false' data-av_icon='\uf232' data-av_iconfont='entypo-fontello' title='' data-avia-related-tooltip='Compartir en Whatsapp' rel=\"noopener\"><span class='avia_hidden_link_text'>Compartir en Whatsapp<\/span><\/a><\/li><li class='av-share-link av-social-link-linkedin' ><a target=\"_blank\" aria-label=\"Compartir en LinkedIn\" href='https:\/\/linkedin.com\/shareArticle?mini=true&#038;title=Contin%C3%BAa%20investigaci%C3%B3n%20por%20caso%20de%20joven%20que%20fue%20hallado%20sin%20vida%20en%20los%20faldeos%20del%20Mirador%20Simpson&#038;url=https:\/\/radiorevelacionfm.cl\/?p=30664' aria-hidden='false' data-av_icon='\ue8fc' data-av_iconfont='entypo-fontello' title='' data-avia-related-tooltip='Compartir en LinkedIn' rel=\"noopener\"><span class='avia_hidden_link_text'>Compartir en LinkedIn<\/span><\/a><\/li><li class='av-share-link av-social-link-mail' ><a  aria-label=\"Compartir por correo\" href='mailto:?subject=Contin%C3%BAa%20investigaci%C3%B3n%20por%20caso%20de%20joven%20que%20fue%20hallado%20sin%20vida%20en%20los%20faldeos%20del%20Mirador%20Simpson&#038;body=https:\/\/radiorevelacionfm.cl\/?p=30664' aria-hidden='false' data-av_icon='\ue805' data-av_iconfont='entypo-fontello' title='' data-avia-related-tooltip='Compartir por correo'><span class='avia_hidden_link_text'>Compartir por correo<\/span><\/a><\/li><\/ul><\/div><\/div>\n<div  style='height:50px' class='hr hr-invisible   avia-builder-el-8  el_after_av_social_share  el_before_av_comments_list '><span class='hr-inner ' ><span class='hr-inner-style'><\/span><\/span><\/div>\n<div  class='av-buildercomment  av-blog-meta-html-info-disabled av-blog-meta-tag-disabled  '><\/div>\n","protected":false},"excerpt":{"rendered":"","protected":false},"author":1,"featured_media":30665,"comment_status":"open","ping_status":"open","sticky":false,"template":"","format":"standard","meta":{"footnotes":""},"categories":[36],"tags":[],"class_list":["post-30664","post","type-post","status-publish","format-standard","has-post-thumbnail","hentry","category-policial"],"jetpack_featured_media_url":"https:\/\/radiorevelacionfm.cl\/wp-content\/uploads\/2023\/05\/344811163_759288025846558_5268400654488804708_n-1-1.jpg","_links":{"self":[{"href":"https:\/\/radiorevelacionfm.cl\/index.php?rest_route=\/wp\/v2\/posts\/30664","targetHints":{"allow":["GET"]}}],"collection":[{"href":"https:\/\/radiorevelacionfm.cl\/index.php?rest_route=\/wp\/v2\/posts"}],"about":[{"href":"https:\/\/radiorevelacionfm.cl\/index.php?rest_route=\/wp\/v2\/types\/post"}],"author":[{"embeddable":true,"href":"https:\/\/radiorevelacionfm.cl\/index.php?rest_route=\/wp\/v2\/users\/1"}],"replies":[{"embeddable":true,"href":"https:\/\/radiorevelacionfm.cl\/index.php?rest_route=%2Fwp%2Fv2%2Fcomments&post=30664"}],"version-history":[{"count":1,"href":"https:\/\/radiorevelacionfm.cl\/index.php?rest_route=\/wp\/v2\/posts\/30664\/revisions"}],"predecessor-version":[{"id":30666,"href":"https:\/\/radiorevelacionfm.cl\/index.php?rest_route=\/wp\/v2\/posts\/30664\/revisions\/30666"}],"wp:featuredmedia":[{"embeddable":true,"href":"https:\/\/radiorevelacionfm.cl\/index.php?rest_route=\/wp\/v2\/media\/30665"}],"wp:attachment":[{"href":"https:\/\/radiorevelacionfm.cl\/index.php?rest_route=%2Fwp%2Fv2%2Fmedia&parent=30664"}],"wp:term":[{"taxonomy":"category","embeddable":true,"href":"https:\/\/radiorevelacionfm.cl\/index.php?rest_route=%2Fwp%2Fv2%2Fcategories&post=30664"},{"taxonomy":"post_tag","embeddable":true,"href":"https:\/\/radiorevelacionfm.cl\/index.php?rest_route=%2Fwp%2Fv2%2Ftags&post=30664"}],"curies":[{"name":"wp","href":"https:\/\/api.w.org\/{rel}","templated":true}]}}