{"id":30661,"date":"2023-05-03T17:35:39","date_gmt":"2023-05-03T20:35:39","guid":{"rendered":"https:\/\/radiorevelacionfm.cl\/?p=30661"},"modified":"2023-05-03T17:35:39","modified_gmt":"2023-05-03T20:35:39","slug":"refuerzan-medidas-durante-periodo-de-gestion-de-episodios-criticos-en-coyhaique","status":"publish","type":"post","link":"https:\/\/radiorevelacionfm.cl\/?p=30661","title":{"rendered":"Refuerzan medidas durante periodo de Gesti\u00f3n de Episodios Cr\u00edticos en Coyhaique"},"content":{"rendered":"<div class=\"flex_column av_one_full  flex_column_div av-zero-column-padding first  avia-builder-el-0  el_before_av_one_full  avia-builder-el-first  \" style='border-radius:0px; '><div  class='avia-image-container  av-styling-    avia-builder-el-1  avia-builder-el-no-sibling  avia-align-center '  itemprop=\"image\" itemscope=\"itemscope\" itemtype=\"https:\/\/schema.org\/ImageObject\"  ><div class='avia-image-container-inner'><div class='avia-image-overlay-wrap'><img decoding=\"async\" class='wp-image-30662 avia-img-lazy-loading-not-30662 avia_image' src=\"https:\/\/radiorevelacionfm.cl\/wp-content\/uploads\/2023\/05\/fiscalizacion-lena-1_optimized.jpg\" alt='' title='fiscalizacion-le\u00f1a-(1)_optimized' height=\"600\" width=\"800\"  itemprop=\"thumbnailUrl\" srcset=\"https:\/\/radiorevelacionfm.cl\/wp-content\/uploads\/2023\/05\/fiscalizacion-lena-1_optimized.jpg 800w, https:\/\/radiorevelacionfm.cl\/wp-content\/uploads\/2023\/05\/fiscalizacion-lena-1_optimized-300x225.jpg 300w, https:\/\/radiorevelacionfm.cl\/wp-content\/uploads\/2023\/05\/fiscalizacion-lena-1_optimized-768x576.jpg 768w, https:\/\/radiorevelacionfm.cl\/wp-content\/uploads\/2023\/05\/fiscalizacion-lena-1_optimized-705x529.jpg 705w, https:\/\/radiorevelacionfm.cl\/wp-content\/uploads\/2023\/05\/fiscalizacion-lena-1_optimized-450x338.jpg 450w, https:\/\/radiorevelacionfm.cl\/wp-content\/uploads\/2023\/05\/fiscalizacion-lena-1_optimized-600x450.jpg 600w\" sizes=\"(max-width: 800px) 100vw, 800px\" \/><\/div><\/div><\/div><\/div><div class=\"flex_column av_one_full  flex_column_div av-zero-column-padding first  avia-builder-el-2  el_after_av_one_full  el_before_av_one_full  column-top-margin\" style='border-radius:0px; '><section class=\"av_textblock_section \"  itemscope=\"itemscope\" itemtype=\"https:\/\/schema.org\/BlogPosting\" itemprop=\"blogPost\" ><div class='avia_textblock  '   itemprop=\"text\" ><p style=\"text-align: center;\"><span style=\"font-size: 18pt;\"><strong>Refuerzan medidas durante periodo de Gesti\u00f3n de Episodios Cr\u00edticos en Coyhaique<\/strong><\/span><\/p>\n<div id=\"gtx-trans\" style=\"position: absolute; left: -50px; top: 4.31534px;\">\n<div class=\"gtx-trans-icon\"><\/div>\n<\/div>\n<\/div><\/section><\/div><div class=\"flex_column av_one_full  flex_column_div av-zero-column-padding first  avia-builder-el-4  el_after_av_one_full  el_before_av_hr  column-top-margin\" style='border-radius:0px; '><section class=\"av_textblock_section \"  itemscope=\"itemscope\" itemtype=\"https:\/\/schema.org\/BlogPosting\" itemprop=\"blogPost\" ><div class='avia_textblock  '   itemprop=\"text\" ><p style=\"text-align: justify;\">Concluido el primer mes del periodo de Gesti\u00f3n de Episodios Cr\u00edticos GEC en la zona saturada de Coyhaique, que se extiende desde el 1 de abril al 30 de septiembre cada a\u00f1o, el SEREMI del Medio Ambiente, Juli\u00e1n C\u00e1rdenas, realiz\u00f3 una revisi\u00f3n de los primeros episodios cr\u00edticos constatados y llam\u00f3 a la comunidad a respetar las restricciones y reforzar las medidas preventivas para la temporada oto\u00f1o &#8211; invierno, para as\u00ed procurar una mejor calidad del aire y evitar las altas concentraciones de material particulado.<\/p>\n<p style=\"text-align: justify;\">\u201cDurante este primer mes experimentamos un total de 5 episodios cr\u00edticos, constat\u00e1ndose una Emergencia Ambiental durante la segunda semana de abril, donde adem\u00e1s de las bajas temperaturas contamos con una baja ventilaci\u00f3n en la ciudad; es relevante que la ciudadan\u00eda se mantenga informada sobre el estado de la calidad del aire y siga cada una de las recomendaciones para este periodo, ya que en mayo debieran bajar las temperaturas y necesitamos del compromiso responsable de todas y todos en buenas pr\u00e1cticas ambientales\u201d, recalc\u00f3 Juli\u00e1n C\u00e1rdenas.<\/p>\n<p style=\"text-align: justify;\">Efectivamente entre los d\u00edas 10 y 15 de abril se registraron temperaturas m\u00ednimas bordeando los -3\u00b0C, alta estabilidad atmosf\u00e9rica y poca ventilaci\u00f3n, con velocidades de viento menor a 3m\/s. Esto, sumado al uso indiscriminado de le\u00f1a h\u00fameda, dio como resultado, adem\u00e1s, un episodio de alerta y 3 pre-emergencias.<\/p>\n<p style=\"text-align: justify;\">Respecto a las restricciones durante el periodo GEC, la autoridad record\u00f3 a la comunidad que es labor de la Superintendencia del Medio Ambiente, SMA, fiscalizar la prohibici\u00f3n del uso de artefactos a le\u00f1a en establecimientos p\u00fablicos, municipales y comerciales durante los 6 meses considerados en la GEC, pero adem\u00e1s es resorte de la entidad, fiscalizar la humedad de la le\u00f1a en sus puntos de comercializaci\u00f3n \u201cseg\u00fan nos mandata el PDA, la le\u00f1a debe contar con un m\u00e1ximo de un 25% de humedad para poder ser comercializada en la zona saturada de Coyhaique, como oficina fiscalizamos los puntos de venta verificando con el artefacto de medici\u00f3n xilohigr\u00f3metro, le recordamos a la comunidad que tiene el derecho a exigir a su vendedor contar con este artefacto y verificar la humedad de la le\u00f1a\u201d, explic\u00f3 el jefe de la Oficina Regional de la SMA,\u00a0 Oscar Leal, invitando a las familias a realizar sus denuncias formales en la oficina regional a trav\u00e9s del portal <a href=\"https:\/\/denuncia.sma.gob.cl\/\">https:\/\/denuncia.sma.gob.cl\/<\/a><\/p>\n<p style=\"text-align: justify;\">Respecto de las medidas por episodios cr\u00edticos, publicadas diariamente en las redes sociales de la SEREMI del Medio Ambiente, airechile.cl, airecoyhaique.mma.gob.cl y medios de comunicaci\u00f3n local; es responsabilidad de la SEREMI de Salud fiscalizar las emisiones de calderas, humos visibles en viviendas y la utilizaci\u00f3n de m\u00e1s de un artefacto a le\u00f1a seg\u00fan corresponda. Durante el periodo GEC 2022 la autoridad sanitaria fiscaliz\u00f3 un promedio de 31 mil domicilios, observ\u00e1ndose cerca de 68 incumplimientos los que se tradujeron en sumarios sanitarios y que siguen fiscaliz\u00e1ndose activamente desde el 1 de abril de este a\u00f1o.<\/p>\n<p style=\"text-align: justify;\">Respecto del sistema de pron\u00f3stico, el SEREMI Juli\u00e1n C\u00e1rdenas, indic\u00f3 que el modelo predictivo (que re\u00fane una serie de variantes meteorol\u00f3gicas e hist\u00f3ricas) si bien no es infalible, permite estimar el pron\u00f3stico de calidad del aire para el d\u00eda siguiente y as\u00ed, advertir a la poblaci\u00f3n tanto de las prohibiciones, como de las precauciones que deben activarse ante cada episodio ambiental que es adem\u00e1s una emergencia de salud p\u00fablica. Dicho pron\u00f3stico es anunciado diariamente y modificado en caso de ser necesario para su correcta fiscalizaci\u00f3n. \u201cEl periodo GEC tiene como objetivo activar medidas inmediatas para bajar la concentraci\u00f3n de contaminantes y proteger la salud de nuestras familias, y si bien las restricciones \u00a0son necesarias, las acciones que cada una y uno podemos hacer son las que marcan la verdadera diferencia\u201d, reforz\u00f3 el SEREMI, llamando a la comunidad a planificar la compra de la le\u00f1a,\u00a0 preferir calefacci\u00f3n sustentable, realizar mantenci\u00f3n de artefactos, mantener ca\u00f1os limpios, no utilizar le\u00f1a h\u00fameda, no sobrecargar la c\u00e1mara de combusti\u00f3n con le\u00f1a, y mantener el tiraje abierto siempre.<\/p>\n<\/div><\/section><\/div><div  style='height:50px' class='hr hr-invisible   avia-builder-el-6  el_after_av_one_full  el_before_av_social_share '><span class='hr-inner ' ><span class='hr-inner-style'><\/span><\/span><\/div><\/p>\n<div  class='av-social-sharing-box  avia-builder-el-7  el_after_av_hr  el_before_av_hr  '><div class='av-share-box'><h5 class='av-share-link-description av-no-toc '>Compartir esta noticia<\/h5><ul class='av-share-box-list noLightbox'><li class='av-share-link av-social-link-facebook' ><a target=\"_blank\" aria-label=\"Compartir en Facebook\" href='https:\/\/www.facebook.com\/sharer.php?u=https:\/\/radiorevelacionfm.cl\/?p=30661&#038;t=Refuerzan%20medidas%20durante%20periodo%20de%20Gesti%C3%B3n%20de%20Episodios%20Cr%C3%ADticos%20en%20Coyhaique' aria-hidden='false' data-av_icon='\ue8f3' data-av_iconfont='entypo-fontello' title='' data-avia-related-tooltip='Compartir en Facebook' rel=\"noopener\"><span class='avia_hidden_link_text'>Compartir en Facebook<\/span><\/a><\/li><li class='av-share-link av-social-link-twitter' ><a target=\"_blank\" aria-label=\"Compartir en Twitter\" href='https:\/\/twitter.com\/share?text=Refuerzan%20medidas%20durante%20periodo%20de%20Gesti%C3%B3n%20de%20Episodios%20Cr%C3%ADticos%20en%20Coyhaique&#038;url=https:\/\/radiorevelacionfm.cl\/?p=30661' aria-hidden='false' data-av_icon='\ue8f1' data-av_iconfont='entypo-fontello' title='' data-avia-related-tooltip='Compartir en Twitter' rel=\"noopener\"><span class='avia_hidden_link_text'>Compartir en Twitter<\/span><\/a><\/li><li class='av-share-link av-social-link-whatsapp' ><a target=\"_blank\" aria-label=\"Compartir en Whatsapp\" href='https:\/\/api.whatsapp.com\/send?text=https:\/\/radiorevelacionfm.cl\/?p=30661' aria-hidden='false' data-av_icon='\uf232' data-av_iconfont='entypo-fontello' title='' data-avia-related-tooltip='Compartir en Whatsapp' rel=\"noopener\"><span class='avia_hidden_link_text'>Compartir en Whatsapp<\/span><\/a><\/li><li class='av-share-link av-social-link-linkedin' ><a target=\"_blank\" aria-label=\"Compartir en LinkedIn\" href='https:\/\/linkedin.com\/shareArticle?mini=true&#038;title=Refuerzan%20medidas%20durante%20periodo%20de%20Gesti%C3%B3n%20de%20Episodios%20Cr%C3%ADticos%20en%20Coyhaique&#038;url=https:\/\/radiorevelacionfm.cl\/?p=30661' aria-hidden='false' data-av_icon='\ue8fc' data-av_iconfont='entypo-fontello' title='' data-avia-related-tooltip='Compartir en LinkedIn' rel=\"noopener\"><span class='avia_hidden_link_text'>Compartir en LinkedIn<\/span><\/a><\/li><li class='av-share-link av-social-link-mail' ><a  aria-label=\"Compartir por correo\" href='mailto:?subject=Refuerzan%20medidas%20durante%20periodo%20de%20Gesti%C3%B3n%20de%20Episodios%20Cr%C3%ADticos%20en%20Coyhaique&#038;body=https:\/\/radiorevelacionfm.cl\/?p=30661' aria-hidden='false' data-av_icon='\ue805' data-av_iconfont='entypo-fontello' title='' data-avia-related-tooltip='Compartir por correo'><span class='avia_hidden_link_text'>Compartir por correo<\/span><\/a><\/li><\/ul><\/div><\/div>\n<div  style='height:50px' class='hr hr-invisible   avia-builder-el-8  el_after_av_social_share  el_before_av_comments_list '><span class='hr-inner ' ><span class='hr-inner-style'><\/span><\/span><\/div>\n<div  class='av-buildercomment  av-blog-meta-html-info-disabled av-blog-meta-tag-disabled  '><\/div>\n","protected":false},"excerpt":{"rendered":"","protected":false},"author":1,"featured_media":30662,"comment_status":"open","ping_status":"open","sticky":false,"template":"","format":"standard","meta":{"footnotes":""},"categories":[39],"tags":[],"class_list":["post-30661","post","type-post","status-publish","format-standard","has-post-thumbnail","hentry","category-medio-ambiente"],"jetpack_featured_media_url":"https:\/\/radiorevelacionfm.cl\/wp-content\/uploads\/2023\/05\/fiscalizacion-lena-1_optimized.jpg","_links":{"self":[{"href":"https:\/\/radiorevelacionfm.cl\/index.php?rest_route=\/wp\/v2\/posts\/30661","targetHints":{"allow":["GET"]}}],"collection":[{"href":"https:\/\/radiorevelacionfm.cl\/index.php?rest_route=\/wp\/v2\/posts"}],"about":[{"href":"https:\/\/radiorevelacionfm.cl\/index.php?rest_route=\/wp\/v2\/types\/post"}],"author":[{"embeddable":true,"href":"https:\/\/radiorevelacionfm.cl\/index.php?rest_route=\/wp\/v2\/users\/1"}],"replies":[{"embeddable":true,"href":"https:\/\/radiorevelacionfm.cl\/index.php?rest_route=%2Fwp%2Fv2%2Fcomments&post=30661"}],"version-history":[{"count":1,"href":"https:\/\/radiorevelacionfm.cl\/index.php?rest_route=\/wp\/v2\/posts\/30661\/revisions"}],"predecessor-version":[{"id":30663,"href":"https:\/\/radiorevelacionfm.cl\/index.php?rest_route=\/wp\/v2\/posts\/30661\/revisions\/30663"}],"wp:featuredmedia":[{"embeddable":true,"href":"https:\/\/radiorevelacionfm.cl\/index.php?rest_route=\/wp\/v2\/media\/30662"}],"wp:attachment":[{"href":"https:\/\/radiorevelacionfm.cl\/index.php?rest_route=%2Fwp%2Fv2%2Fmedia&parent=30661"}],"wp:term":[{"taxonomy":"category","embeddable":true,"href":"https:\/\/radiorevelacionfm.cl\/index.php?rest_route=%2Fwp%2Fv2%2Fcategories&post=30661"},{"taxonomy":"post_tag","embeddable":true,"href":"https:\/\/radiorevelacionfm.cl\/index.php?rest_route=%2Fwp%2Fv2%2Ftags&post=30661"}],"curies":[{"name":"wp","href":"https:\/\/api.w.org\/{rel}","templated":true}]}}