{"id":3066,"date":"2021-04-13T15:19:04","date_gmt":"2021-04-13T18:19:04","guid":{"rendered":"https:\/\/radiorevelacionfm.cl\/?p=3066"},"modified":"2021-04-13T16:54:48","modified_gmt":"2021-04-13T19:54:48","slug":"liberan-14-nandues-desde-el-centro-de-reproduccion-parque-nacional-patagonia-a-la-vida-silvestre-en-la-region-de-aysen","status":"publish","type":"post","link":"https:\/\/radiorevelacionfm.cl\/?p=3066","title":{"rendered":"Liberan 14 \u00f1and\u00faes desde el centro de reproducci\u00f3n Parque Nacional Patagonia a la vida silvestre en la regi\u00f3n de Ays\u00e9n"},"content":{"rendered":"<div class=\"flex_column av_one_full  flex_column_div av-zero-column-padding first  avia-builder-el-0  el_before_av_one_full  avia-builder-el-first  \" style='border-radius:0px; '><div  class='avia-image-container  av-styling-    avia-builder-el-1  avia-builder-el-no-sibling  avia-align-center '  itemprop=\"image\" itemscope=\"itemscope\" itemtype=\"https:\/\/schema.org\/ImageObject\"  ><div class='avia-image-container-inner'><div class='avia-image-overlay-wrap'><img decoding=\"async\" class='wp-image-0 avia-img-lazy-loading-not-0 avia_image' src=\"https:\/\/radiorevelacionfm.cl\/wp-content\/uploads\/2021\/04\/image-1-1.png\" alt='' title=''   itemprop=\"thumbnailUrl\"  \/><\/div><\/div><\/div><\/div>\n<div class=\"flex_column av_one_full  flex_column_div av-zero-column-padding first  avia-builder-el-2  el_after_av_one_full  el_before_av_one_full  column-top-margin\" style='border-radius:0px; '><section class=\"av_textblock_section \"  itemscope=\"itemscope\" itemtype=\"https:\/\/schema.org\/BlogPosting\" itemprop=\"blogPost\" ><div class='avia_textblock  '   itemprop=\"text\" ><p style=\"text-align: center;\"><span style=\"font-size: 18pt;\"><strong>Liberan 14 \u00f1and\u00faes desde el centro de reproducci\u00f3n Parque Nacional Patagonia a la vida silvestre en la regi\u00f3n de Ays\u00e9n<\/strong><\/span><\/p>\n<div id=\"gtx-trans\" style=\"position: absolute; left: -50px; top: 4.31534px;\">\n<div class=\"gtx-trans-icon\"><\/div>\n<\/div>\n<\/div><\/section><\/div>\n<div class=\"flex_column av_one_full  flex_column_div av-zero-column-padding first  avia-builder-el-4  el_after_av_one_full  el_before_av_hr  column-top-margin\" style='border-radius:0px; '><section class=\"av_textblock_section \"  itemscope=\"itemscope\" itemtype=\"https:\/\/schema.org\/BlogPosting\" itemprop=\"blogPost\" ><div class='avia_textblock  '   itemprop=\"text\" ><div style=\"text-align: justify;\"><\/div>\n<div style=\"text-align: justify;\">\n<p>Esta es la quinta liberaci\u00f3n llevada a cabo por Tompkins Conservation Chile como parte de su programa de Rewilding impulsado en colaboraci\u00f3n con CONAF, y que tiene como objetivo enfrentar la extinci\u00f3n local de esta especie ic\u00f3nica de la Patagonia.<\/p>\n<p>Una nueva temporada de liberaciones de \u00f1and\u00faes en el Parque Nacional Patagonia aumenta las esperanzas para la recuperaci\u00f3n de esta especie que se encuentra en peligro de extinci\u00f3n a nivel local. Fueron 14 los \u00f1and\u00faes liberados desde el centro de reproducci\u00f3n del Parque Nacional Patagonia a la vida silvestre, y en mayo ser\u00e1n liberados otros 12 individuos.<\/p>\n<p>Esta es la quinta liberaci\u00f3n que se hace desde que Tompkins Conservation Chile lanz\u00f3 el programa de Recuperaci\u00f3n y Conservaci\u00f3n del \u00d1and\u00fa del Parque Nacional Patagonia en 2014, y considerando la liberaci\u00f3n que ocurrir\u00e1 en mayo, es el a\u00f1o que m\u00e1s ejemplares se habr\u00e1n liberado desde 2017, gracias a una donaci\u00f3n de charitos (o polluelos) que hizo Reserva Quim\u00e1n, que permiti\u00f3 el traslado de 10 ejemplares desde Futrono (regi\u00f3n de los R\u00edos) al Parque Nacional Patagonia.<\/p>\n<p>Cristi\u00e1n Saucedo, director del programa de Rewilding de Tompkins Conservation Chile destac\u00f3: \u201cEstamos muy felices por esta nueva liberaci\u00f3n, lo que sumado a diversas acciones de protecci\u00f3n de la especie como la presencia de guardafaunas, retiro de cercos, control de caza, remoci\u00f3n perros y el trabajo colaborativo con m\u00faltiples actores locales como Carabineros, el Ej\u00e9rcito de Chile, CONAF, SAG y la comunidad en general, ha permitido un incremento sostenido de la poblaci\u00f3n de \u00f1and\u00faes en m\u00e1s de tres veces, alcanzando aproximadamente los 70 ejemplares y un aumento de m\u00e1s del 30% del \u00e1rea ocupada por la especie al interior del Parque Nacional\u201d.<\/p>\n<p>En tanto que el director ejecutivo de CONAF, Rodrigo Munita, sostuvo que \u201ceste programa permite reintegrar esta especie a un ambiente donde, debido a diversos factores, fue desapareciendo. Quiero destacar en esta labor a las y los guardaparques de la Corporaci\u00f3n, quienes desempe\u00f1an un trabajo clave en el cuidado de este parque nacional bajo administraci\u00f3n de CONAF. Es importante se\u00f1alar adem\u00e1s que esta iniciativa forma parte del quehacer institucional en conservaci\u00f3n, en el cual resaltan tambi\u00e9n los planes de conservaci\u00f3n de especies de flora y fauna en alg\u00fan grado de peligro, dentro de nuestras \u00e1reas silvestres \u00a0protegidas del Estado, a lo largo del pa\u00eds\u201d.<\/p>\n<p>Junto al guanaco el \u00f1and\u00fa es una de las especies m\u00e1s representativas de la estepa patag\u00f3nica, sin embargo, en la regi\u00f3n de Ays\u00e9n ha estado al borde de la extinci\u00f3n debido a factores como la caza ilegal, la recolecci\u00f3n de huevos, la predaci\u00f3n por perros y la destrucci\u00f3n de sus \u00a0nidos. Para evitar su desaparici\u00f3n, Tompkins Conservation Chile inaugur\u00f3 en 2014 el Centro de Reproducci\u00f3n para la Conservaci\u00f3n del \u00d1and\u00fa, el \u00fanico centro de estas caracter\u00edsticas que se ubica dentro de un parque nacional\u00a0 en el pa\u00eds. Gracias a los esfuerzos impulsados durante estos a\u00f1os, se han visto esperanzadores resultados: cuando comenz\u00f3 el programa la poblaci\u00f3n no superaba los 18 individuos, y en mayo de este a\u00f1o el censo de \u00f1and\u00faes detect\u00f3 la presencia de 68 adultos y 24 polluelos. La meta es alcanzar una poblaci\u00f3n adulta de 100 ejemplares, lo que permitir\u00eda un escenario de recuperaci\u00f3n num\u00e9rica y del \u00e1rea ocupada por la especie. En paralelo con la recuperaci\u00f3n de las funciones del \u00f1and\u00fa en el ecosistema, se avanzar\u00e1 en la restauraci\u00f3n de la estepa, por el rol que cumplen como dispersores de semillas.<\/p>\n<p>La liberaci\u00f3n de \u00f1and\u00faes es la etapa c\u00falmine de un proceso reproductivo que dura un a\u00f1o, y se suma a otras acciones que se realizan anualmente en el Centro de Reproducci\u00f3n que involucra el cuidado permanente de los ejemplares reproductores, pasando por la incubaci\u00f3n de huevos, el traslado y crianza de charitos.<\/p>\n<p><strong>Aprendizajes de un proceso exitoso<\/strong><\/p>\n<p>Recientemente destacado por la IUCN en su \u00faltimo reporte \u201c<a href=\"https:\/\/iucn-ctsg.org\/project\/global-conservation-translocation-perspectives-2021\/\">Global conservation translocation perspectives: 2021<\/a>\u201d, el programa de Recuperaci\u00f3n y Conservaci\u00f3n del \u00d1and\u00fa del Parque Nacional Patagonia ya cuenta con cinco exitosas temporadas reproductivas, gracias al trabajo colaborativo entre Tompkins Conservation Chile y diversos actores como Carabineros, el Ej\u00e9rcito de Chile, CONAF, SAG, practicantes y voluntarios chilenos y extranjeros y la comunidad en general. Tambi\u00e9n ha sido clave el aporte de privados que han colaborado de manera significativa para aumentar las posibilidades de una recuperaci\u00f3n de la poblaci\u00f3n local, permitiendo adem\u00e1s diversificar la gen\u00e9tica de los charos liberados. Este es el caso del trabajo colaborativo realizado con la Estancia Ba\u00f1o Nuevo, ubicada en la regi\u00f3n de Ays\u00e9n, desde donde se han recolectado huevos que luego son incubados artificialmente en Coyhaique y posteriormente trasladados al centro de reproducci\u00f3n donde son adoptados por parte de los machos reproductores. Fundaci\u00f3n Reserva Quim\u00e1n, de la regi\u00f3n de Los R\u00edos, tambi\u00e9n se ha convertido en un aliado estrat\u00e9gico, al donar 10 charitos los cuales fueron trasladados al centro de reproducci\u00f3n en febrero pasado. Todas estas acciones han sido supervisadas por el Servicio Agr\u00edcola y Ganadero y se han ajustado a las normas respectivas para este tipo de operativos.<\/p>\n<p>Estos esfuerzos para reforzar la poblaci\u00f3n de \u00f1and\u00faes se enmarcan en un programa m\u00e1s amplio de rewilding de Tompkins Conservation Chile, el cual ha permitido, a trav\u00e9s del trabajo con diversas especies emblem\u00e1ticas de la Patagonia, como el huemul, puma y c\u00f3ndor, lograr que una ex estancia ganadera se convierta en un parque nacional, con todas sus especies presentes y ecosistemas saludables. Tompkins Conservation Chile ha trabajado durante los \u00faltimos 27 a\u00f1os para revertir la crisis de extinci\u00f3n de especies y el cambio clim\u00e1tico usando como estrategia la creaci\u00f3n de parques nacionales y el rewilding para restaurar los ecosistemas de la Patagonia chilena.<\/p>\n<\/div>\n<\/div><\/section><\/div><div  style='height:50px' class='hr hr-invisible   avia-builder-el-6  el_after_av_one_full  el_before_av_social_share '><span class='hr-inner ' ><span class='hr-inner-style'><\/span><\/span><\/div><\/p>\n<div  class='av-social-sharing-box  avia-builder-el-7  el_after_av_hr  el_before_av_hr  '><div class='av-share-box'><h5 class='av-share-link-description av-no-toc '>Compartir esta noticia<\/h5><ul class='av-share-box-list noLightbox'><li class='av-share-link av-social-link-facebook' ><a target=\"_blank\" aria-label=\"Compartir en Facebook\" href='https:\/\/www.facebook.com\/sharer.php?u=https:\/\/radiorevelacionfm.cl\/?p=3066&#038;t=Liberan%2014%20%C3%B1and%C3%BAes%20desde%20el%20centro%20de%20reproducci%C3%B3n%20Parque%20Nacional%20Patagonia%20a%20la%20vida%20silvestre%20en%20la%20regi%C3%B3n%20de%20Ays%C3%A9n' aria-hidden='false' data-av_icon='\ue8f3' data-av_iconfont='entypo-fontello' title='' data-avia-related-tooltip='Compartir en Facebook' rel=\"noopener\"><span class='avia_hidden_link_text'>Compartir en Facebook<\/span><\/a><\/li><li class='av-share-link av-social-link-twitter' ><a target=\"_blank\" aria-label=\"Compartir en Twitter\" href='https:\/\/twitter.com\/share?text=Liberan%2014%20%C3%B1and%C3%BAes%20desde%20el%20centro%20de%20reproducci%C3%B3n%20Parque%20Nacional%20Patagonia%20a%20la%20vida%20silvestre%20en%20la%20regi%C3%B3n%20de%20Ays%C3%A9n&#038;url=https:\/\/radiorevelacionfm.cl\/?p=3066' aria-hidden='false' data-av_icon='\ue8f1' data-av_iconfont='entypo-fontello' title='' data-avia-related-tooltip='Compartir en Twitter' rel=\"noopener\"><span class='avia_hidden_link_text'>Compartir en Twitter<\/span><\/a><\/li><li class='av-share-link av-social-link-whatsapp' ><a target=\"_blank\" aria-label=\"Compartir en Whatsapp\" href='https:\/\/api.whatsapp.com\/send?text=https:\/\/radiorevelacionfm.cl\/?p=3066' aria-hidden='false' data-av_icon='\uf232' data-av_iconfont='entypo-fontello' title='' data-avia-related-tooltip='Compartir en Whatsapp' rel=\"noopener\"><span class='avia_hidden_link_text'>Compartir en Whatsapp<\/span><\/a><\/li><li class='av-share-link av-social-link-linkedin' ><a target=\"_blank\" aria-label=\"Compartir en LinkedIn\" href='https:\/\/linkedin.com\/shareArticle?mini=true&#038;title=Liberan%2014%20%C3%B1and%C3%BAes%20desde%20el%20centro%20de%20reproducci%C3%B3n%20Parque%20Nacional%20Patagonia%20a%20la%20vida%20silvestre%20en%20la%20regi%C3%B3n%20de%20Ays%C3%A9n&#038;url=https:\/\/radiorevelacionfm.cl\/?p=3066' aria-hidden='false' data-av_icon='\ue8fc' data-av_iconfont='entypo-fontello' title='' data-avia-related-tooltip='Compartir en LinkedIn' rel=\"noopener\"><span class='avia_hidden_link_text'>Compartir en LinkedIn<\/span><\/a><\/li><li class='av-share-link av-social-link-mail' ><a  aria-label=\"Compartir por correo\" href='mailto:?subject=Liberan%2014%20%C3%B1and%C3%BAes%20desde%20el%20centro%20de%20reproducci%C3%B3n%20Parque%20Nacional%20Patagonia%20a%20la%20vida%20silvestre%20en%20la%20regi%C3%B3n%20de%20Ays%C3%A9n&#038;body=https:\/\/radiorevelacionfm.cl\/?p=3066' aria-hidden='false' data-av_icon='\ue805' data-av_iconfont='entypo-fontello' title='' data-avia-related-tooltip='Compartir por correo'><span class='avia_hidden_link_text'>Compartir por correo<\/span><\/a><\/li><\/ul><\/div><\/div>\n<div  style='height:50px' class='hr hr-invisible   avia-builder-el-8  el_after_av_social_share  el_before_av_comments_list '><span class='hr-inner ' ><span class='hr-inner-style'><\/span><\/span><\/div>\n<div  class='av-buildercomment  av-blog-meta-html-info-disabled av-blog-meta-tag-disabled  '><\/div>\n","protected":false},"excerpt":{"rendered":"","protected":false},"author":1,"featured_media":0,"comment_status":"open","ping_status":"open","sticky":false,"template":"","format":"standard","meta":{"footnotes":""},"categories":[39],"tags":[],"class_list":["post-3066","post","type-post","status-publish","format-standard","hentry","category-medio-ambiente"],"jetpack_featured_media_url":"","_links":{"self":[{"href":"https:\/\/radiorevelacionfm.cl\/index.php?rest_route=\/wp\/v2\/posts\/3066","targetHints":{"allow":["GET"]}}],"collection":[{"href":"https:\/\/radiorevelacionfm.cl\/index.php?rest_route=\/wp\/v2\/posts"}],"about":[{"href":"https:\/\/radiorevelacionfm.cl\/index.php?rest_route=\/wp\/v2\/types\/post"}],"author":[{"embeddable":true,"href":"https:\/\/radiorevelacionfm.cl\/index.php?rest_route=\/wp\/v2\/users\/1"}],"replies":[{"embeddable":true,"href":"https:\/\/radiorevelacionfm.cl\/index.php?rest_route=%2Fwp%2Fv2%2Fcomments&post=3066"}],"version-history":[{"count":2,"href":"https:\/\/radiorevelacionfm.cl\/index.php?rest_route=\/wp\/v2\/posts\/3066\/revisions"}],"predecessor-version":[{"id":3072,"href":"https:\/\/radiorevelacionfm.cl\/index.php?rest_route=\/wp\/v2\/posts\/3066\/revisions\/3072"}],"wp:attachment":[{"href":"https:\/\/radiorevelacionfm.cl\/index.php?rest_route=%2Fwp%2Fv2%2Fmedia&parent=3066"}],"wp:term":[{"taxonomy":"category","embeddable":true,"href":"https:\/\/radiorevelacionfm.cl\/index.php?rest_route=%2Fwp%2Fv2%2Fcategories&post=3066"},{"taxonomy":"post_tag","embeddable":true,"href":"https:\/\/radiorevelacionfm.cl\/index.php?rest_route=%2Fwp%2Fv2%2Ftags&post=3066"}],"curies":[{"name":"wp","href":"https:\/\/api.w.org\/{rel}","templated":true}]}}