{"id":30658,"date":"2023-05-03T15:49:05","date_gmt":"2023-05-03T18:49:05","guid":{"rendered":"https:\/\/radiorevelacionfm.cl\/?p=30658"},"modified":"2023-05-03T15:49:05","modified_gmt":"2023-05-03T18:49:05","slug":"complejo-escenario-en-conectividad-maritima-afectaria-a-comuna-de-ohiggins-por-deuda-a-empresa-contratista-de-nave-caleman-ii","status":"publish","type":"post","link":"https:\/\/radiorevelacionfm.cl\/?p=30658","title":{"rendered":"Complejo escenario en conectividad mar\u00edtima afectar\u00eda a comuna de O\u2019higgins por deuda a empresa contratista de nave Caleman II"},"content":{"rendered":"<div class=\"flex_column av_one_full  flex_column_div av-zero-column-padding first  avia-builder-el-0  el_before_av_one_full  avia-builder-el-first  \" style='border-radius:0px; '><div  class='avia-image-container  av-styling-    avia-builder-el-1  avia-builder-el-no-sibling  avia-align-center '  itemprop=\"image\" itemscope=\"itemscope\" itemtype=\"https:\/\/schema.org\/ImageObject\"  ><div class='avia-image-container-inner'><div class='avia-image-overlay-wrap'><img decoding=\"async\" class='wp-image-30659 avia-img-lazy-loading-not-30659 avia_image' src=\"https:\/\/radiorevelacionfm.cl\/wp-content\/uploads\/2023\/05\/caleman-II-1-1.jpeg\" alt='' title='caleman II (1) (1)' height=\"600\" width=\"1185\"  itemprop=\"thumbnailUrl\" srcset=\"https:\/\/radiorevelacionfm.cl\/wp-content\/uploads\/2023\/05\/caleman-II-1-1.jpeg 1185w, https:\/\/radiorevelacionfm.cl\/wp-content\/uploads\/2023\/05\/caleman-II-1-1-300x152.jpeg 300w, https:\/\/radiorevelacionfm.cl\/wp-content\/uploads\/2023\/05\/caleman-II-1-1-1030x522.jpeg 1030w, https:\/\/radiorevelacionfm.cl\/wp-content\/uploads\/2023\/05\/caleman-II-1-1-768x389.jpeg 768w, https:\/\/radiorevelacionfm.cl\/wp-content\/uploads\/2023\/05\/caleman-II-1-1-705x357.jpeg 705w, https:\/\/radiorevelacionfm.cl\/wp-content\/uploads\/2023\/05\/caleman-II-1-1-450x228.jpeg 450w, https:\/\/radiorevelacionfm.cl\/wp-content\/uploads\/2023\/05\/caleman-II-1-1-600x304.jpeg 600w\" sizes=\"(max-width: 1185px) 100vw, 1185px\" \/><\/div><\/div><\/div><\/div><div class=\"flex_column av_one_full  flex_column_div av-zero-column-padding first  avia-builder-el-2  el_after_av_one_full  el_before_av_one_full  column-top-margin\" style='border-radius:0px; '><section class=\"av_textblock_section \"  itemscope=\"itemscope\" itemtype=\"https:\/\/schema.org\/BlogPosting\" itemprop=\"blogPost\" ><div class='avia_textblock  '   itemprop=\"text\" ><p style=\"text-align: center;\"><strong><span style=\"font-size: 18pt;\">Complejo escenario en conectividad mar\u00edtima afectar\u00eda a comuna de O\u2019higgins por deuda a empresa contratista de nave Caleman II <\/span><\/strong><\/p>\n<div id=\"gtx-trans\" style=\"position: absolute; left: -50px; top: 4.31534px;\">\n<div class=\"gtx-trans-icon\"><\/div>\n<\/div>\n<\/div><\/section><\/div><div class=\"flex_column av_one_full  flex_column_div av-zero-column-padding first  avia-builder-el-4  el_after_av_one_full  el_before_av_hr  column-top-margin\" style='border-radius:0px; '><section class=\"av_textblock_section \"  itemscope=\"itemscope\" itemtype=\"https:\/\/schema.org\/BlogPosting\" itemprop=\"blogPost\" ><div class='avia_textblock  '   itemprop=\"text\" ><p style=\"text-align: justify;\">Una preocupante situaci\u00f3n es la que enfrentan hoy las empresas que representan el contrato y el subcontrato de barcaza Caleman II que realizan los viajes desde puerto Yungay a Rio Bravo, esto en el fiordo Mitchell; desde su primer viaje con fecha 12 de diciembre de 2022 a la fecha se le adeuda a la empresa RVC un periodo de 4 meses sin recibir las correspondientes cancelaciones de los viajes realizados por contrato, la demora en tramites administrativos por parte del ministerio de transportes han hecho pensar a la empresa retirar la nave en un corto plazo sino existe alguna soluci\u00f3n a la problem\u00e1tica que afectar\u00eda nuevamente a la comuna m\u00e1s aislada de la regi\u00f3n de Ays\u00e9n.<\/p>\n<p style=\"text-align: justify;\">Desde que se produjo el arribo de la embarcaci\u00f3n Caleman II al fiordo, ha existido nula preocupaci\u00f3n por parte de la Seremi de Transporte, quien debe resolver este tema tan preocupante para la empresa contratista como para las familias de la comuna de O\u2019Higgins, la empresa deja claro que no cuentan al d\u00eda de hoy con recursos para solventar cada gasto por conceptos de combustible, cancelaci\u00f3n a operarios y otros gastos que fueron comprometidos en contrato y que no visualizan una pronta soluci\u00f3n.<\/p>\n<p style=\"text-align: justify;\">La demora en la cancelaci\u00f3n tanto de la embarcaci\u00f3n de General Carrera como de la Caleman II en fiordo Mitchell suman alrededor de los 1600 millones de pesos y la verdad como autoridades electas nos preocupa la situaci\u00f3n que aqueja a la empresa y claramente a las familias que por ah\u00ed transitan y requieren de este \u00fanico medio de transbordo para llegar a la comuna de O\u2019Higgins.<\/p>\n<p style=\"text-align: justify;\">El malestar que manifiesta la concejala de la comuna de O\u2019Higgins Lorena Molina Mansilla, hace referencia a que esta situaci\u00f3n es impresentable y \u00a0se complejiza cada d\u00eda m\u00e1s, esto debido a que, ya transcurrido 4 meses sin cancelaci\u00f3n, nadie se hace responsable de la posible paralizaci\u00f3n de los viajes que afectar\u00edan a los vecinos de la comuna; aclarar tambi\u00e9n que esta embarcaci\u00f3n ten\u00eda como reemplazo hasta finales de febrero de 2023 y que gracias a gestiones y compromisos de varias autoridades como la Senadora Ximena \u00d3rdenes \u00a0sigue navegando en el fiordo Mitchell a esperas del regreso de la carena de la nave Padre Antonio Ronchi.<\/p>\n<p style=\"text-align: justify;\">Por parte el consejero regional V\u00edctor Escobar Mardones mencion\u00f3 \u201cla molestia que existe por parte de la empresa es totalmente comprensible, ellos en diferentes conversaciones hacen saber que las autoridades competentes no han resuelto el tema, dando una y otra excusa sin resolver ni entregar ninguna soluci\u00f3n.<\/p>\n<p style=\"text-align: justify;\">Durante esta semana seg\u00fan lo informado por la misma empresa no tendr\u00edan combustible para la operaci\u00f3n de la barcaza y se paralizar\u00edan todos los viajes desde puerto Yungay a rio bravo; seguimos con problemas sin resolver por parte de la Seremi de transportes, esto sin nombrar las licitaciones que han entregado a operadores de fuera de la regi\u00f3n y sumado a esto la poca fiscalizaci\u00f3n que se realiza por parte de una serem\u00eda que poco se visualiza en el territorio\u201d.<\/p>\n<p style=\"text-align: justify;\">Molina y Escobar esperan que en corto plazo se entregue una soluci\u00f3n definitiva para la cancelaci\u00f3n de lo adeudado y que esta situaci\u00f3n tan compleja no se vuelva a repetir por el bien de nuestros vecinos y de toda la provincia capit\u00e1n Prat.<\/p>\n<\/div><\/section><\/div><div  style='height:50px' class='hr hr-invisible   avia-builder-el-6  el_after_av_one_full  el_before_av_social_share '><span class='hr-inner ' ><span class='hr-inner-style'><\/span><\/span><\/div><\/p>\n<div  class='av-social-sharing-box  avia-builder-el-7  el_after_av_hr  el_before_av_hr  '><div class='av-share-box'><h5 class='av-share-link-description av-no-toc '>Compartir esta noticia<\/h5><ul class='av-share-box-list noLightbox'><li class='av-share-link av-social-link-facebook' ><a target=\"_blank\" aria-label=\"Compartir en Facebook\" href='https:\/\/www.facebook.com\/sharer.php?u=https:\/\/radiorevelacionfm.cl\/?p=30658&#038;t=Complejo%20escenario%20en%20conectividad%20mar%C3%ADtima%20afectar%C3%ADa%20a%20comuna%20de%20O%E2%80%99higgins%20por%20deuda%20a%20empresa%20contratista%20de%20nave%20Caleman%20II' aria-hidden='false' data-av_icon='\ue8f3' data-av_iconfont='entypo-fontello' title='' data-avia-related-tooltip='Compartir en Facebook' rel=\"noopener\"><span class='avia_hidden_link_text'>Compartir en Facebook<\/span><\/a><\/li><li class='av-share-link av-social-link-twitter' ><a target=\"_blank\" aria-label=\"Compartir en Twitter\" href='https:\/\/twitter.com\/share?text=Complejo%20escenario%20en%20conectividad%20mar%C3%ADtima%20afectar%C3%ADa%20a%20comuna%20de%20O%E2%80%99higgins%20por%20deuda%20a%20empresa%20contratista%20de%20nave%20Caleman%20II&#038;url=https:\/\/radiorevelacionfm.cl\/?p=30658' aria-hidden='false' data-av_icon='\ue8f1' data-av_iconfont='entypo-fontello' title='' data-avia-related-tooltip='Compartir en Twitter' rel=\"noopener\"><span class='avia_hidden_link_text'>Compartir en Twitter<\/span><\/a><\/li><li class='av-share-link av-social-link-whatsapp' ><a target=\"_blank\" aria-label=\"Compartir en Whatsapp\" href='https:\/\/api.whatsapp.com\/send?text=https:\/\/radiorevelacionfm.cl\/?p=30658' aria-hidden='false' data-av_icon='\uf232' data-av_iconfont='entypo-fontello' title='' data-avia-related-tooltip='Compartir en Whatsapp' rel=\"noopener\"><span class='avia_hidden_link_text'>Compartir en Whatsapp<\/span><\/a><\/li><li class='av-share-link av-social-link-linkedin' ><a target=\"_blank\" aria-label=\"Compartir en LinkedIn\" href='https:\/\/linkedin.com\/shareArticle?mini=true&#038;title=Complejo%20escenario%20en%20conectividad%20mar%C3%ADtima%20afectar%C3%ADa%20a%20comuna%20de%20O%E2%80%99higgins%20por%20deuda%20a%20empresa%20contratista%20de%20nave%20Caleman%20II&#038;url=https:\/\/radiorevelacionfm.cl\/?p=30658' aria-hidden='false' data-av_icon='\ue8fc' data-av_iconfont='entypo-fontello' title='' data-avia-related-tooltip='Compartir en LinkedIn' rel=\"noopener\"><span class='avia_hidden_link_text'>Compartir en LinkedIn<\/span><\/a><\/li><li class='av-share-link av-social-link-mail' ><a  aria-label=\"Compartir por correo\" href='mailto:?subject=Complejo%20escenario%20en%20conectividad%20mar%C3%ADtima%20afectar%C3%ADa%20a%20comuna%20de%20O%E2%80%99higgins%20por%20deuda%20a%20empresa%20contratista%20de%20nave%20Caleman%20II&#038;body=https:\/\/radiorevelacionfm.cl\/?p=30658' aria-hidden='false' data-av_icon='\ue805' data-av_iconfont='entypo-fontello' title='' data-avia-related-tooltip='Compartir por correo'><span class='avia_hidden_link_text'>Compartir por correo<\/span><\/a><\/li><\/ul><\/div><\/div>\n<div  style='height:50px' class='hr hr-invisible   avia-builder-el-8  el_after_av_social_share  el_before_av_comments_list '><span class='hr-inner ' ><span class='hr-inner-style'><\/span><\/span><\/div>\n<div  class='av-buildercomment  av-blog-meta-html-info-disabled av-blog-meta-tag-disabled  '><\/div>\n","protected":false},"excerpt":{"rendered":"","protected":false},"author":1,"featured_media":30659,"comment_status":"open","ping_status":"open","sticky":false,"template":"","format":"standard","meta":{"footnotes":""},"categories":[38],"tags":[],"class_list":["post-30658","post","type-post","status-publish","format-standard","has-post-thumbnail","hentry","category-regional"],"jetpack_featured_media_url":"https:\/\/radiorevelacionfm.cl\/wp-content\/uploads\/2023\/05\/caleman-II-1-1.jpeg","_links":{"self":[{"href":"https:\/\/radiorevelacionfm.cl\/index.php?rest_route=\/wp\/v2\/posts\/30658","targetHints":{"allow":["GET"]}}],"collection":[{"href":"https:\/\/radiorevelacionfm.cl\/index.php?rest_route=\/wp\/v2\/posts"}],"about":[{"href":"https:\/\/radiorevelacionfm.cl\/index.php?rest_route=\/wp\/v2\/types\/post"}],"author":[{"embeddable":true,"href":"https:\/\/radiorevelacionfm.cl\/index.php?rest_route=\/wp\/v2\/users\/1"}],"replies":[{"embeddable":true,"href":"https:\/\/radiorevelacionfm.cl\/index.php?rest_route=%2Fwp%2Fv2%2Fcomments&post=30658"}],"version-history":[{"count":1,"href":"https:\/\/radiorevelacionfm.cl\/index.php?rest_route=\/wp\/v2\/posts\/30658\/revisions"}],"predecessor-version":[{"id":30660,"href":"https:\/\/radiorevelacionfm.cl\/index.php?rest_route=\/wp\/v2\/posts\/30658\/revisions\/30660"}],"wp:featuredmedia":[{"embeddable":true,"href":"https:\/\/radiorevelacionfm.cl\/index.php?rest_route=\/wp\/v2\/media\/30659"}],"wp:attachment":[{"href":"https:\/\/radiorevelacionfm.cl\/index.php?rest_route=%2Fwp%2Fv2%2Fmedia&parent=30658"}],"wp:term":[{"taxonomy":"category","embeddable":true,"href":"https:\/\/radiorevelacionfm.cl\/index.php?rest_route=%2Fwp%2Fv2%2Fcategories&post=30658"},{"taxonomy":"post_tag","embeddable":true,"href":"https:\/\/radiorevelacionfm.cl\/index.php?rest_route=%2Fwp%2Fv2%2Ftags&post=30658"}],"curies":[{"name":"wp","href":"https:\/\/api.w.org\/{rel}","templated":true}]}}