{"id":30655,"date":"2023-05-05T16:53:27","date_gmt":"2023-05-05T19:53:27","guid":{"rendered":"https:\/\/radiorevelacionfm.cl\/?p=30655"},"modified":"2023-05-05T16:53:27","modified_gmt":"2023-05-05T19:53:27","slug":"tuberculosis-la-enfermedad-olvidada-que-esta-en-aumento-de-incidencia-y-mortalidad","status":"publish","type":"post","link":"https:\/\/radiorevelacionfm.cl\/?p=30655","title":{"rendered":"Tuberculosis: La enfermedad olvidada que est\u00e1 en aumento de incidencia y mortalidad"},"content":{"rendered":"<div class=\"flex_column av_one_full  flex_column_div av-zero-column-padding first  avia-builder-el-0  el_before_av_one_full  avia-builder-el-first  \" style='border-radius:0px; '><div  class='avia-image-container  av-styling-    avia-builder-el-1  avia-builder-el-no-sibling  avia-align-center '  itemprop=\"image\" itemscope=\"itemscope\" itemtype=\"https:\/\/schema.org\/ImageObject\"  ><div class='avia-image-container-inner'><div class='avia-image-overlay-wrap'><img decoding=\"async\" class='wp-image-30656 avia-img-lazy-loading-not-30656 avia_image' src=\"https:\/\/radiorevelacionfm.cl\/wp-content\/uploads\/2023\/05\/Examinar2-1-1.jpg\" alt='' title='Examinar2 (1) (1)' height=\"600\" width=\"899\"  itemprop=\"thumbnailUrl\" srcset=\"https:\/\/radiorevelacionfm.cl\/wp-content\/uploads\/2023\/05\/Examinar2-1-1.jpg 899w, https:\/\/radiorevelacionfm.cl\/wp-content\/uploads\/2023\/05\/Examinar2-1-1-300x200.jpg 300w, https:\/\/radiorevelacionfm.cl\/wp-content\/uploads\/2023\/05\/Examinar2-1-1-768x513.jpg 768w, https:\/\/radiorevelacionfm.cl\/wp-content\/uploads\/2023\/05\/Examinar2-1-1-705x471.jpg 705w, https:\/\/radiorevelacionfm.cl\/wp-content\/uploads\/2023\/05\/Examinar2-1-1-450x300.jpg 450w, https:\/\/radiorevelacionfm.cl\/wp-content\/uploads\/2023\/05\/Examinar2-1-1-600x400.jpg 600w\" sizes=\"(max-width: 899px) 100vw, 899px\" \/><\/div><\/div><\/div><\/div><div class=\"flex_column av_one_full  flex_column_div av-zero-column-padding first  avia-builder-el-2  el_after_av_one_full  el_before_av_one_full  column-top-margin\" style='border-radius:0px; '><section class=\"av_textblock_section \"  itemscope=\"itemscope\" itemtype=\"https:\/\/schema.org\/BlogPosting\" itemprop=\"blogPost\" ><div class='avia_textblock  '   itemprop=\"text\" ><p style=\"text-align: center;\"><span class=\"m_-2581012589238657870normaltextrun\" style=\"font-size: 18pt;\"><b>Tuberculosis: La enfermedad <\/b><\/span><span class=\"m_-2581012589238657870normaltextrun\" style=\"font-size: 18pt;\"><b>olvidada que est\u00e1 en aumento de incidencia y mortalidad<\/b><\/span><\/p>\n<div id=\"gtx-trans\" style=\"position: absolute; left: -50px; top: 4.31534px;\">\n<div class=\"gtx-trans-icon\"><\/div>\n<\/div>\n<\/div><\/section><\/div><div class=\"flex_column av_one_full  flex_column_div av-zero-column-padding first  avia-builder-el-4  el_after_av_one_full  el_before_av_hr  column-top-margin\" style='border-radius:0px; '><section class=\"av_textblock_section \"  itemscope=\"itemscope\" itemtype=\"https:\/\/schema.org\/BlogPosting\" itemprop=\"blogPost\" ><div class='avia_textblock  '   itemprop=\"text\" ><p class=\"m_-2581012589238657870paragraph\" style=\"text-align: justify;\"><span class=\"m_-2581012589238657870eop\">La Tuberculosis, pese a ser prevenible y curable, <b>sigue siendo una de las patolog\u00edas infecciosas con mayor mortalidad a nivel mundial<\/b>. Durante 2021, cerca de 1.6 millones de personas fallecieron debido a esta causa, mientras cerca de 10.6 millones fueron diagnosticadas.<u><\/u><u><\/u><\/span><\/p>\n<p class=\"m_-2581012589238657870paragraph\" style=\"text-align: justify;\"><span class=\"m_-2581012589238657870eop\">Si bien, en Chile y a nivel internacional se han realizado diversas acciones para poder erradicarla, como la vacunaci\u00f3n y educaci\u00f3n a poblaci\u00f3n vulnerable, posterior a la pandemia se ha retrocedido y revertido a\u00f1os de progreso. Por primera vez, en m\u00e1s de una d\u00e9cada, la OMS destac\u00f3 en su \u00faltimo reporte el aumento de la detecci\u00f3n y mortalidad de esta enfermedad.<u><\/u><u><\/u><\/span><\/p>\n<p class=\"m_-2581012589238657870paragraph\" style=\"text-align: justify;\"><span class=\"m_-2581012589238657870eop\">\u201cEn 2010, en Chile exist\u00eda un nivel de incidencia de 12 o 13 pacientes diagnosticados por cada 100 mil habitantes, con una tendencia a la disminuci\u00f3n. En los a\u00f1os de pandemia se dej\u00f3 de hacer pesquisas adecuadas, registr\u00e1ndose tambi\u00e9n una baja en la detecci\u00f3n de tuberculosis, sin embargo, estudios de 2021 evidencian un incremento de esta de 13,7 por 100 mil habitantes a nivel nacional, siendo mayor en la regi\u00f3n de Arica y algunas zonas de la Regi\u00f3n Metropolitana\u201d, asegura el Dr. Felipe Rivera, broncopulmonar de Cl\u00ednica D\u00e1vila.<u><\/u><u><\/u><\/span><\/p>\n<p class=\"m_-2581012589238657870paragraph\" style=\"text-align: justify;\"><span class=\"m_-2581012589238657870eop\">Causada por la bacteria <i>Mycobacterium tuberculosis,\u00a0<\/i>esta patolog\u00eda suele afectar a los pulmones y se transmite de una persona a otra a trav\u00e9s de gotitas de aerosol suspendidas en el aire.<u><\/u><u><\/u><\/span><\/p>\n<p class=\"m_-2581012589238657870paragraph\" style=\"text-align: justify;\"><span class=\"m_-2581012589238657870eop\">Los s\u00edntomas son:<u><\/u><u><\/u><\/span><\/p>\n<ul style=\"text-align: justify;\" type=\"disc\">\n<li class=\"m_-2581012589238657870paragraph\"><span class=\"m_-2581012589238657870eop\">Tos, con esputo sanguinolento en algunas ocasiones<u><\/u><u><\/u><\/span><\/li>\n<li class=\"m_-2581012589238657870paragraph\"><span class=\"m_-2581012589238657870eop\">Dolor tor\u00e1cico<u><\/u><u><\/u><\/span><\/li>\n<li class=\"m_-2581012589238657870paragraph\"><span class=\"m_-2581012589238657870eop\">Debilidad<u><\/u><u><\/u><\/span><\/li>\n<li class=\"m_-2581012589238657870paragraph\"><span class=\"m_-2581012589238657870eop\">P\u00e9rdida de peso<u><\/u><u><\/u><\/span><\/li>\n<li class=\"m_-2581012589238657870paragraph\"><span class=\"m_-2581012589238657870eop\">Fiebre y sudoraci\u00f3n nocturna<u><\/u><u><\/u><\/span><\/li>\n<\/ul>\n<p class=\"m_-2581012589238657870paragraph\" style=\"text-align: justify;\"><span class=\"m_-2581012589238657870eop\">En personas sanas, la infecci\u00f3n suele ser asintom\u00e1tica, ya que el sistema inmunitario act\u00faa formando una barrera alrededor de la bacteria.<u><\/u><u><\/u><\/span><\/p>\n<p class=\"m_-2581012589238657870paragraph\" style=\"text-align: justify;\"><span class=\"m_-2581012589238657870eop\"><b>Diagn\u00f3stico y tratamiento<u><\/u><u><\/u><\/b><\/span><\/p>\n<p class=\"m_-2581012589238657870paragraph\" style=\"text-align: justify;\"><span class=\"m_-2581012589238657870eop\">El diagn\u00f3stico m\u00e1s espec\u00edfico para la tuberculosis es bacteriol\u00f3gico, a trav\u00e9s de una baciloscopia en el caso de la tuberculosis pulmonar, reconociendo el germen en un estudio de esputo y el cultivo. \u201cActualmente la t\u00e9cnica m\u00e1s espec\u00edfica y que debiese ser el <i>goal<\/i>\u00a0est\u00e1ndar es el PCR, el cual busca el material gen\u00e9tico del germen, permitiendo diagnosticar cepas sensibles o resistentes a f\u00e1rmacos\u201d, comenta el especialista.<u><\/u><u><\/u><\/span><\/p>\n<p class=\"m_-2581012589238657870paragraph\" style=\"text-align: justify;\"><span class=\"m_-2581012589238657870eop\">Su tratamiento consiste en la administraci\u00f3n de antibi\u00f3ticos. Los medicamentos exactos y la duraci\u00f3n de la terapia depender\u00e1n de la edad del paciente, estado general de salud y posible resistencia a los f\u00e1rmacos.<u><\/u><u><\/u><\/span><\/p>\n<p class=\"m_-2581012589238657870paragraph\" style=\"text-align: justify;\"><span class=\"m_-2581012589238657870eop\">Si bien cerca un tercio de la poblaci\u00f3n mundial est\u00e1 infectada por el bacilo de la tuberculosis, solo una peque\u00f1a proporci\u00f3n desarrollar\u00e1 la enfermedad. Quienes corren m\u00e1s riesgo son personas con sistemas inmunitarios debilitados como aquellas afectadas por VIH.<u><\/u><u><\/u><\/span><\/p>\n<p class=\"m_-2581012589238657870paragraph\" style=\"text-align: justify;\"><span class=\"m_-2581012589238657870eop\">\u201cLamentablemente esta es una enfermedad olvidada y, por ello, estamos tratando de que se maneje mejor, tanto a nivel nacional como mundial, cuidando mucho el tratamiento de los enfermos con una terapia directamente observada y supervigilada, adem\u00e1s de atajar a aquellas personas con tuberculosis latente, quienes podr\u00edan reactivar el aumento de esta patolog\u00eda\u201d, comenta el especialista de Cl\u00ednica D\u00e1vila.<u><\/u><u><\/u><\/span><\/p>\n<p class=\"m_-2581012589238657870paragraph\" style=\"text-align: justify;\"><span class=\"m_-2581012589238657870eop\">La estrategia de la OMS \u201cFin a la tuberculosis\u201d, aprobada en 2014, plantea reducir las muertes por esta enfermedad en un 90% y la incidencia en un 80% para 2030, en comparaci\u00f3n con las cifras de 2015.<u><\/u><u><\/u><\/span><\/p>\n<\/div><\/section><\/div><div  style='height:50px' class='hr hr-invisible   avia-builder-el-6  el_after_av_one_full  el_before_av_social_share '><span class='hr-inner ' ><span class='hr-inner-style'><\/span><\/span><\/div><\/p>\n<div  class='av-social-sharing-box  avia-builder-el-7  el_after_av_hr  el_before_av_hr  '><div class='av-share-box'><h5 class='av-share-link-description av-no-toc '>Compartir esta noticia<\/h5><ul class='av-share-box-list noLightbox'><li class='av-share-link av-social-link-facebook' ><a target=\"_blank\" aria-label=\"Compartir en Facebook\" href='https:\/\/www.facebook.com\/sharer.php?u=https:\/\/radiorevelacionfm.cl\/?p=30655&#038;t=Tuberculosis%3A%20La%20enfermedad%20olvidada%20que%20est%C3%A1%20en%20aumento%20de%20incidencia%20y%20mortalidad' aria-hidden='false' data-av_icon='\ue8f3' data-av_iconfont='entypo-fontello' title='' data-avia-related-tooltip='Compartir en Facebook' rel=\"noopener\"><span class='avia_hidden_link_text'>Compartir en Facebook<\/span><\/a><\/li><li class='av-share-link av-social-link-twitter' ><a target=\"_blank\" aria-label=\"Compartir en Twitter\" href='https:\/\/twitter.com\/share?text=Tuberculosis%3A%20La%20enfermedad%20olvidada%20que%20est%C3%A1%20en%20aumento%20de%20incidencia%20y%20mortalidad&#038;url=https:\/\/radiorevelacionfm.cl\/?p=30655' aria-hidden='false' data-av_icon='\ue8f1' data-av_iconfont='entypo-fontello' title='' data-avia-related-tooltip='Compartir en Twitter' rel=\"noopener\"><span class='avia_hidden_link_text'>Compartir en Twitter<\/span><\/a><\/li><li class='av-share-link av-social-link-whatsapp' ><a target=\"_blank\" aria-label=\"Compartir en Whatsapp\" href='https:\/\/api.whatsapp.com\/send?text=https:\/\/radiorevelacionfm.cl\/?p=30655' aria-hidden='false' data-av_icon='\uf232' data-av_iconfont='entypo-fontello' title='' data-avia-related-tooltip='Compartir en Whatsapp' rel=\"noopener\"><span class='avia_hidden_link_text'>Compartir en Whatsapp<\/span><\/a><\/li><li class='av-share-link av-social-link-linkedin' ><a target=\"_blank\" aria-label=\"Compartir en LinkedIn\" href='https:\/\/linkedin.com\/shareArticle?mini=true&#038;title=Tuberculosis%3A%20La%20enfermedad%20olvidada%20que%20est%C3%A1%20en%20aumento%20de%20incidencia%20y%20mortalidad&#038;url=https:\/\/radiorevelacionfm.cl\/?p=30655' aria-hidden='false' data-av_icon='\ue8fc' data-av_iconfont='entypo-fontello' title='' data-avia-related-tooltip='Compartir en LinkedIn' rel=\"noopener\"><span class='avia_hidden_link_text'>Compartir en LinkedIn<\/span><\/a><\/li><li class='av-share-link av-social-link-mail' ><a  aria-label=\"Compartir por correo\" href='mailto:?subject=Tuberculosis%3A%20La%20enfermedad%20olvidada%20que%20est%C3%A1%20en%20aumento%20de%20incidencia%20y%20mortalidad&#038;body=https:\/\/radiorevelacionfm.cl\/?p=30655' aria-hidden='false' data-av_icon='\ue805' data-av_iconfont='entypo-fontello' title='' data-avia-related-tooltip='Compartir por correo'><span class='avia_hidden_link_text'>Compartir por correo<\/span><\/a><\/li><\/ul><\/div><\/div>\n<div  style='height:50px' class='hr hr-invisible   avia-builder-el-8  el_after_av_social_share  el_before_av_comments_list '><span class='hr-inner ' ><span class='hr-inner-style'><\/span><\/span><\/div>\n<div  class='av-buildercomment  av-blog-meta-html-info-disabled av-blog-meta-tag-disabled  '><\/div>\n","protected":false},"excerpt":{"rendered":"","protected":false},"author":1,"featured_media":30656,"comment_status":"open","ping_status":"open","sticky":false,"template":"","format":"standard","meta":{"footnotes":""},"categories":[46],"tags":[],"class_list":["post-30655","post","type-post","status-publish","format-standard","has-post-thumbnail","hentry","category-salud"],"jetpack_featured_media_url":"https:\/\/radiorevelacionfm.cl\/wp-content\/uploads\/2023\/05\/Examinar2-1-1.jpg","_links":{"self":[{"href":"https:\/\/radiorevelacionfm.cl\/index.php?rest_route=\/wp\/v2\/posts\/30655","targetHints":{"allow":["GET"]}}],"collection":[{"href":"https:\/\/radiorevelacionfm.cl\/index.php?rest_route=\/wp\/v2\/posts"}],"about":[{"href":"https:\/\/radiorevelacionfm.cl\/index.php?rest_route=\/wp\/v2\/types\/post"}],"author":[{"embeddable":true,"href":"https:\/\/radiorevelacionfm.cl\/index.php?rest_route=\/wp\/v2\/users\/1"}],"replies":[{"embeddable":true,"href":"https:\/\/radiorevelacionfm.cl\/index.php?rest_route=%2Fwp%2Fv2%2Fcomments&post=30655"}],"version-history":[{"count":1,"href":"https:\/\/radiorevelacionfm.cl\/index.php?rest_route=\/wp\/v2\/posts\/30655\/revisions"}],"predecessor-version":[{"id":30657,"href":"https:\/\/radiorevelacionfm.cl\/index.php?rest_route=\/wp\/v2\/posts\/30655\/revisions\/30657"}],"wp:featuredmedia":[{"embeddable":true,"href":"https:\/\/radiorevelacionfm.cl\/index.php?rest_route=\/wp\/v2\/media\/30656"}],"wp:attachment":[{"href":"https:\/\/radiorevelacionfm.cl\/index.php?rest_route=%2Fwp%2Fv2%2Fmedia&parent=30655"}],"wp:term":[{"taxonomy":"category","embeddable":true,"href":"https:\/\/radiorevelacionfm.cl\/index.php?rest_route=%2Fwp%2Fv2%2Fcategories&post=30655"},{"taxonomy":"post_tag","embeddable":true,"href":"https:\/\/radiorevelacionfm.cl\/index.php?rest_route=%2Fwp%2Fv2%2Ftags&post=30655"}],"curies":[{"name":"wp","href":"https:\/\/api.w.org\/{rel}","templated":true}]}}