{"id":30648,"date":"2023-05-02T20:59:31","date_gmt":"2023-05-02T23:59:31","guid":{"rendered":"https:\/\/radiorevelacionfm.cl\/?p=30648"},"modified":"2023-05-02T20:59:31","modified_gmt":"2023-05-02T23:59:31","slug":"ministro-alvaro-mesa-realiza-diligencias-en-causas-por-violaciones-a-los-derechos-humanos-en-coyhaique","status":"publish","type":"post","link":"https:\/\/radiorevelacionfm.cl\/?p=30648","title":{"rendered":"Ministro \u00c1lvaro Mesa realiza diligencias en causas por violaciones a los derechos humanos en Coyhaique"},"content":{"rendered":"<div class=\"flex_column av_one_full  flex_column_div av-zero-column-padding first  avia-builder-el-0  el_before_av_one_full  avia-builder-el-first  \" style='border-radius:0px; '><div  class='avia-image-container  av-styling-    avia-builder-el-1  avia-builder-el-no-sibling  avia-align-center '  itemprop=\"image\" itemscope=\"itemscope\" itemtype=\"https:\/\/schema.org\/ImageObject\"  ><div class='avia-image-container-inner'><div class='avia-image-overlay-wrap'><img decoding=\"async\" class='wp-image-30649 avia-img-lazy-loading-not-30649 avia_image' src=\"https:\/\/radiorevelacionfm.cl\/wp-content\/uploads\/2023\/05\/Foto-03-encuentro-con-medios-1-1.jpg\" alt='' title='Foto 03 encuentro con medios (1) (1)' height=\"600\" width=\"898\"  itemprop=\"thumbnailUrl\" srcset=\"https:\/\/radiorevelacionfm.cl\/wp-content\/uploads\/2023\/05\/Foto-03-encuentro-con-medios-1-1.jpg 898w, https:\/\/radiorevelacionfm.cl\/wp-content\/uploads\/2023\/05\/Foto-03-encuentro-con-medios-1-1-300x200.jpg 300w, https:\/\/radiorevelacionfm.cl\/wp-content\/uploads\/2023\/05\/Foto-03-encuentro-con-medios-1-1-768x513.jpg 768w, https:\/\/radiorevelacionfm.cl\/wp-content\/uploads\/2023\/05\/Foto-03-encuentro-con-medios-1-1-705x471.jpg 705w, https:\/\/radiorevelacionfm.cl\/wp-content\/uploads\/2023\/05\/Foto-03-encuentro-con-medios-1-1-450x301.jpg 450w, https:\/\/radiorevelacionfm.cl\/wp-content\/uploads\/2023\/05\/Foto-03-encuentro-con-medios-1-1-600x401.jpg 600w\" sizes=\"(max-width: 898px) 100vw, 898px\" \/><\/div><\/div><\/div><\/div><div class=\"flex_column av_one_full  flex_column_div av-zero-column-padding first  avia-builder-el-2  el_after_av_one_full  el_before_av_one_full  column-top-margin\" style='border-radius:0px; '><section class=\"av_textblock_section \"  itemscope=\"itemscope\" itemtype=\"https:\/\/schema.org\/BlogPosting\" itemprop=\"blogPost\" ><div class='avia_textblock  '   itemprop=\"text\" ><p style=\"text-align: center;\"><strong><span style=\"font-size: 18pt;\">Ministro \u00c1lvaro Mesa realiza diligencias en causas por violaciones a los derechos humanos en Coyhaique<\/span><\/strong><\/p>\n<div id=\"gtx-trans\" style=\"position: absolute; left: -50px; top: 4.31534px;\">\n<div class=\"gtx-trans-icon\"><\/div>\n<\/div>\n<\/div><\/section><\/div><div class=\"flex_column av_one_full  flex_column_div av-zero-column-padding first  avia-builder-el-4  el_after_av_one_full  el_before_av_hr  column-top-margin\" style='border-radius:0px; '><section class=\"av_textblock_section \"  itemscope=\"itemscope\" itemtype=\"https:\/\/schema.org\/BlogPosting\" itemprop=\"blogPost\" ><div class='avia_textblock  '   itemprop=\"text\" ><p class=\"v1MsoNormal\" style=\"text-align: justify;\">El ministro en visita extraordinaria para causas por violaciones a los derechos humanos de las jurisdicciones Temuco, Valdivia, Puerto Montt y Coyhaique, \u00c1lvaro Mesa Latorre, realiz\u00f3 -el pasado jueves 27 de abril- su primera visita del a\u00f1o judicial 2023, para desarrollar diligencias investigativas.<\/p>\n<p class=\"v1MsoNormal\" style=\"text-align: justify;\">\u00abEfectivamente, como lo hemos venido haciendo hace una d\u00e9cada, nos constituimos en las diferentes jurisdicciones y en este caso en Coyhaique, para la investigaci\u00f3n de causas sobre presunta violaci\u00f3n a los derechos humanos. En este caso, hemos venido a hacer una serie de diligencias, por ejemplo, en la causa 3-2022, que se refiere a secuestro calificado o asociaci\u00f3n il\u00edcita y apremio de Juan Alarc\u00f3n Mansilla y otros. En esta causa nos hemos constituido en una zona rural a 50 kil\u00f3metros de Coyhaique, para tomarle declaraci\u00f3n a un testigo, que por su condiciones de salud, no puede concurrir a la ciudad de Coyhaique\u00bb, sostuvo el ministro Mesa.<\/p>\n<p class=\"v1MsoNormal\" style=\"text-align: justify;\">Agreg\u00f3 que: adem\u00e1s, estuvimos analizando una causa 10.948 que, si bien es de la jurisdicci\u00f3n de Puerto Montt, las personas viven ac\u00e1 en Coyhaique y esa causa tambi\u00e9n tiene que ver con aplicaci\u00f3n de tormentos. As\u00ed que ah\u00ed se interrog\u00f3 a ex oficiales, testigos de la \u00e9poca, recabando informaci\u00f3n para tener una buena decisi\u00f3n en su momento posterior\u00bb.<\/p>\n<p class=\"v1MsoNormal\" style=\"text-align: justify;\">Respecto a las causas vigentes en la jurisdicci\u00f3n, el ministro indic\u00f3 que \u00aben el caso de Coyhaique, hay alrededor de nueve causas, donde se han presentado nuevas querellas, principalmente por apremios ileg\u00edtimos\u00bb.<\/p>\n<p class=\"v1MsoNormal\" style=\"text-align: justify;\">El ministro \u00c1lvaro Mesa regresar\u00e1 a la regi\u00f3n de Ays\u00e9n, en el mes de julio de 2023, para continuar diligencias en las nueve causas pendientes, de las cuales dos est\u00e1n en proceso de redacci\u00f3n de sentencia y que se conocer\u00e1n en los pr\u00f3ximos d\u00edas.<\/p>\n<\/div><\/section><\/div><div  style='height:50px' class='hr hr-invisible   avia-builder-el-6  el_after_av_one_full  el_before_av_social_share '><span class='hr-inner ' ><span class='hr-inner-style'><\/span><\/span><\/div><\/p>\n<div  class='av-social-sharing-box  avia-builder-el-7  el_after_av_hr  el_before_av_hr  '><div class='av-share-box'><h5 class='av-share-link-description av-no-toc '>Compartir esta noticia<\/h5><ul class='av-share-box-list noLightbox'><li class='av-share-link av-social-link-facebook' ><a target=\"_blank\" aria-label=\"Compartir en Facebook\" href='https:\/\/www.facebook.com\/sharer.php?u=https:\/\/radiorevelacionfm.cl\/?p=30648&#038;t=Ministro%20%C3%81lvaro%20Mesa%20realiza%20diligencias%20en%20causas%20por%20violaciones%20a%20los%20derechos%20humanos%20en%20Coyhaique' aria-hidden='false' data-av_icon='\ue8f3' data-av_iconfont='entypo-fontello' title='' data-avia-related-tooltip='Compartir en Facebook' rel=\"noopener\"><span class='avia_hidden_link_text'>Compartir en Facebook<\/span><\/a><\/li><li class='av-share-link av-social-link-twitter' ><a target=\"_blank\" aria-label=\"Compartir en Twitter\" href='https:\/\/twitter.com\/share?text=Ministro%20%C3%81lvaro%20Mesa%20realiza%20diligencias%20en%20causas%20por%20violaciones%20a%20los%20derechos%20humanos%20en%20Coyhaique&#038;url=https:\/\/radiorevelacionfm.cl\/?p=30648' aria-hidden='false' data-av_icon='\ue8f1' data-av_iconfont='entypo-fontello' title='' data-avia-related-tooltip='Compartir en Twitter' rel=\"noopener\"><span class='avia_hidden_link_text'>Compartir en Twitter<\/span><\/a><\/li><li class='av-share-link av-social-link-whatsapp' ><a target=\"_blank\" aria-label=\"Compartir en Whatsapp\" href='https:\/\/api.whatsapp.com\/send?text=https:\/\/radiorevelacionfm.cl\/?p=30648' aria-hidden='false' data-av_icon='\uf232' data-av_iconfont='entypo-fontello' title='' data-avia-related-tooltip='Compartir en Whatsapp' rel=\"noopener\"><span class='avia_hidden_link_text'>Compartir en Whatsapp<\/span><\/a><\/li><li class='av-share-link av-social-link-linkedin' ><a target=\"_blank\" aria-label=\"Compartir en LinkedIn\" href='https:\/\/linkedin.com\/shareArticle?mini=true&#038;title=Ministro%20%C3%81lvaro%20Mesa%20realiza%20diligencias%20en%20causas%20por%20violaciones%20a%20los%20derechos%20humanos%20en%20Coyhaique&#038;url=https:\/\/radiorevelacionfm.cl\/?p=30648' aria-hidden='false' data-av_icon='\ue8fc' data-av_iconfont='entypo-fontello' title='' data-avia-related-tooltip='Compartir en LinkedIn' rel=\"noopener\"><span class='avia_hidden_link_text'>Compartir en LinkedIn<\/span><\/a><\/li><li class='av-share-link av-social-link-mail' ><a  aria-label=\"Compartir por correo\" href='mailto:?subject=Ministro%20%C3%81lvaro%20Mesa%20realiza%20diligencias%20en%20causas%20por%20violaciones%20a%20los%20derechos%20humanos%20en%20Coyhaique&#038;body=https:\/\/radiorevelacionfm.cl\/?p=30648' aria-hidden='false' data-av_icon='\ue805' data-av_iconfont='entypo-fontello' title='' data-avia-related-tooltip='Compartir por correo'><span class='avia_hidden_link_text'>Compartir por correo<\/span><\/a><\/li><\/ul><\/div><\/div>\n<div  style='height:50px' class='hr hr-invisible   avia-builder-el-8  el_after_av_social_share  el_before_av_comments_list '><span class='hr-inner ' ><span class='hr-inner-style'><\/span><\/span><\/div>\n<div  class='av-buildercomment  av-blog-meta-html-info-disabled av-blog-meta-tag-disabled  '><\/div>\n","protected":false},"excerpt":{"rendered":"","protected":false},"author":1,"featured_media":30649,"comment_status":"open","ping_status":"open","sticky":false,"template":"","format":"standard","meta":{"footnotes":""},"categories":[55],"tags":[],"class_list":["post-30648","post","type-post","status-publish","format-standard","has-post-thumbnail","hentry","category-justicia"],"jetpack_featured_media_url":"https:\/\/radiorevelacionfm.cl\/wp-content\/uploads\/2023\/05\/Foto-03-encuentro-con-medios-1-1.jpg","_links":{"self":[{"href":"https:\/\/radiorevelacionfm.cl\/index.php?rest_route=\/wp\/v2\/posts\/30648","targetHints":{"allow":["GET"]}}],"collection":[{"href":"https:\/\/radiorevelacionfm.cl\/index.php?rest_route=\/wp\/v2\/posts"}],"about":[{"href":"https:\/\/radiorevelacionfm.cl\/index.php?rest_route=\/wp\/v2\/types\/post"}],"author":[{"embeddable":true,"href":"https:\/\/radiorevelacionfm.cl\/index.php?rest_route=\/wp\/v2\/users\/1"}],"replies":[{"embeddable":true,"href":"https:\/\/radiorevelacionfm.cl\/index.php?rest_route=%2Fwp%2Fv2%2Fcomments&post=30648"}],"version-history":[{"count":1,"href":"https:\/\/radiorevelacionfm.cl\/index.php?rest_route=\/wp\/v2\/posts\/30648\/revisions"}],"predecessor-version":[{"id":30650,"href":"https:\/\/radiorevelacionfm.cl\/index.php?rest_route=\/wp\/v2\/posts\/30648\/revisions\/30650"}],"wp:featuredmedia":[{"embeddable":true,"href":"https:\/\/radiorevelacionfm.cl\/index.php?rest_route=\/wp\/v2\/media\/30649"}],"wp:attachment":[{"href":"https:\/\/radiorevelacionfm.cl\/index.php?rest_route=%2Fwp%2Fv2%2Fmedia&parent=30648"}],"wp:term":[{"taxonomy":"category","embeddable":true,"href":"https:\/\/radiorevelacionfm.cl\/index.php?rest_route=%2Fwp%2Fv2%2Fcategories&post=30648"},{"taxonomy":"post_tag","embeddable":true,"href":"https:\/\/radiorevelacionfm.cl\/index.php?rest_route=%2Fwp%2Fv2%2Ftags&post=30648"}],"curies":[{"name":"wp","href":"https:\/\/api.w.org\/{rel}","templated":true}]}}