{"id":30645,"date":"2023-05-03T11:16:39","date_gmt":"2023-05-03T14:16:39","guid":{"rendered":"https:\/\/radiorevelacionfm.cl\/?p=30645"},"modified":"2023-05-03T11:16:39","modified_gmt":"2023-05-03T14:16:39","slug":"asume-funciones-nuevo-director-regional-de-vialidad-del-mop-en-la-region-de-aysen","status":"publish","type":"post","link":"https:\/\/radiorevelacionfm.cl\/?p=30645","title":{"rendered":"Asume funciones nuevo director regional de vialidad del MOP en la regi\u00f3n de Ays\u00e9n"},"content":{"rendered":"<div class=\"flex_column av_one_full  flex_column_div av-zero-column-padding first  avia-builder-el-0  el_before_av_one_full  avia-builder-el-first  \" style='border-radius:0px; '><div  class='avia-image-container  av-styling-    avia-builder-el-1  avia-builder-el-no-sibling  avia-align-center '  itemprop=\"image\" itemscope=\"itemscope\" itemtype=\"https:\/\/schema.org\/ImageObject\"  ><div class='avia-image-container-inner'><div class='avia-image-overlay-wrap'><img decoding=\"async\" class='wp-image-30646 avia-img-lazy-loading-not-30646 avia_image' src=\"https:\/\/radiorevelacionfm.cl\/wp-content\/uploads\/2023\/05\/RENZO-SANDERS-1-1.jpg\" alt='' title='RENZO-SANDERS (1) (1)' height=\"600\" width=\"803\"  itemprop=\"thumbnailUrl\" srcset=\"https:\/\/radiorevelacionfm.cl\/wp-content\/uploads\/2023\/05\/RENZO-SANDERS-1-1.jpg 803w, https:\/\/radiorevelacionfm.cl\/wp-content\/uploads\/2023\/05\/RENZO-SANDERS-1-1-300x224.jpg 300w, https:\/\/radiorevelacionfm.cl\/wp-content\/uploads\/2023\/05\/RENZO-SANDERS-1-1-768x574.jpg 768w, https:\/\/radiorevelacionfm.cl\/wp-content\/uploads\/2023\/05\/RENZO-SANDERS-1-1-705x527.jpg 705w, https:\/\/radiorevelacionfm.cl\/wp-content\/uploads\/2023\/05\/RENZO-SANDERS-1-1-450x336.jpg 450w, https:\/\/radiorevelacionfm.cl\/wp-content\/uploads\/2023\/05\/RENZO-SANDERS-1-1-600x448.jpg 600w\" sizes=\"(max-width: 803px) 100vw, 803px\" \/><\/div><\/div><\/div><\/div><div class=\"flex_column av_one_full  flex_column_div av-zero-column-padding first  avia-builder-el-2  el_after_av_one_full  el_before_av_one_full  column-top-margin\" style='border-radius:0px; '><section class=\"av_textblock_section \"  itemscope=\"itemscope\" itemtype=\"https:\/\/schema.org\/BlogPosting\" itemprop=\"blogPost\" ><div class='avia_textblock  '   itemprop=\"text\" ><p style=\"text-align: center;\"><strong><span style=\"font-size: 18pt;\">Asume funciones nuevo director regional de vialidad del MOP en la regi\u00f3n de Ays\u00e9n<\/span><\/strong><\/p>\n<div id=\"gtx-trans\" style=\"position: absolute; left: -50px; top: 4.31534px;\">\n<div class=\"gtx-trans-icon\"><\/div>\n<\/div>\n<\/div><\/section><\/div><div class=\"flex_column av_one_full  flex_column_div av-zero-column-padding first  avia-builder-el-4  el_after_av_one_full  el_before_av_hr  column-top-margin\" style='border-radius:0px; '><section class=\"av_textblock_section \"  itemscope=\"itemscope\" itemtype=\"https:\/\/schema.org\/BlogPosting\" itemprop=\"blogPost\" ><div class='avia_textblock  '   itemprop=\"text\" ><p style=\"text-align: justify;\">Esta ma\u00f1ana el Secretario Regional Ministerial de Obras P\u00fablicas Patricio Sanhueza Ulloa junto a todo su equipo directivo present\u00f3 al nuevo Director Regional de Vialidad, Renzo Sanders Cort\u00e9s, quien a partir de esta fecha asume sus nuevas funciones en el Ministerio de Obras P\u00fablicas.<\/p>\n<p style=\"text-align: justify;\">Patricio Sanhueza Ulloa, \u00a0autoridad regional de Obras P\u00fablicas, indic\u00f3 \u201cAcabamos de anunciar el nombramiento del nuevo Director Regional de Vialidad del Ministerio de Obras P\u00fablicas en la regi\u00f3n de Ays\u00e9n, \u00e9l es el Ingeniero Constructor Renzo Sanders Cort\u00e9s quien es un profesional con vasta trayectoria en la Direcci\u00f3n de Vialidad ocupando cargos de Jefe Provincial de Vialidad, Director Regional de Vialidad, as\u00ed como tambi\u00e9n se le ha encomendado tareas de emergencia en diferentes regiones del pa\u00eds y dentro de su expertiz est\u00e1 enfrentar situaciones complejas de conectividad vial, lo que ha ejecutado tanto en Isla de Pascua, Juan Fern\u00e1ndez y en regiones del norte del pa\u00eds. Estamos muy contentos con su llegada, ha tenido una buena recepci\u00f3n de parte de los equipos t\u00e9cnicos, y recordar que \u00e9l ha llegado a la regi\u00f3n en el cargo de Coordinador del Plan Excepcional de Conservaci\u00f3n de Caminos, el que ha tenido hasta el momento buenos resultados de acuerdo a los indicadores y conformidad de parte de autoridades y de diversos sectores, entre ellos turismo y transporte. Le hemos encomendado algunas tareas y lineamientos espec\u00edficos que tienen que ver con acelerar los procesos licitatorios de las obras nuevas, como continuar concentrado en las tareas del Plan Excepcional de Conservaci\u00f3n de Caminos y restituir la condici\u00f3n normal de los caminos. A fines de septiembre del a\u00f1o en curso, todos o la mayor\u00eda de los contratos de conservaci\u00f3n global estar\u00e1n en ejecuci\u00f3n, as\u00ed que Renzo tiene grandes tareas como la coordinaci\u00f3n con las autoridades regionales y comunales, entre otros. Tenemos la convicci\u00f3n que ser\u00e1 un gran aporte a la labor de la Direcci\u00f3n Regional de Vialidad en nuestro ministerio, asegur\u00f3 el SEREMI\u201d.<\/p>\n<p style=\"text-align: justify;\">El nuevo Director Regional de Vialidad es Ingeniero Constructor de la Universidad Cat\u00f3lica de Valpara\u00edso, hijo de un funcionario de Vialidad y tiene 20 a\u00f1os de experiencia en la Direcci\u00f3n de Vialidad. Destaca su trayectoria en el \u00e1rea de la Conservaci\u00f3n de Caminos como Jefe Provincial en Quillota y Director Regional en Valpara\u00edso. Hasta esta fecha se desempe\u00f1aba como Coordinador del Plan Excepcional de Caminos en la regi\u00f3n de Ays\u00e9n.<\/p>\n<p style=\"text-align: justify;\">Renzo Sanders agradeci\u00f3 la confianza brindada por el SEREMI y todo el equipo de la Direcci\u00f3n Regional de Vialidad y Oficinas Provinciales. \u201cSon un equipo muy importante, muy consolidado en donde la Administraci\u00f3n Directa esta afianzada y es muy fuerte. Vamos a trabajar con las empresas locales como con las de otras regiones para poner en marcha obras en 100 kil\u00f3metros de caminos y avanzar en la construcci\u00f3n de infraestructura que mejore la calidad y condiciones de vida de las personas, as\u00ed que los lineamientos est\u00e1n claros. Seguiremos con el Plan Excepcional de Conservaci\u00f3n de Caminos que hasta el momento ha sido muy exitoso. Vamos a destrabar contratos que debido a colapso de las empresas no se han podido terminar y paralelamente, vamos a impulsar fuertemente el concepto y ejecuci\u00f3n de caminos b\u00e1sicos, tanto v\u00eda Administraci\u00f3n Directa, como por contratos y tambi\u00e9n vamos a mejorar la seguridad vial\u201d.<\/p>\n<\/div><\/section><\/div><div  style='height:50px' class='hr hr-invisible   avia-builder-el-6  el_after_av_one_full  el_before_av_social_share '><span class='hr-inner ' ><span class='hr-inner-style'><\/span><\/span><\/div><\/p>\n<div  class='av-social-sharing-box  avia-builder-el-7  el_after_av_hr  el_before_av_hr  '><div class='av-share-box'><h5 class='av-share-link-description av-no-toc '>Compartir esta noticia<\/h5><ul class='av-share-box-list noLightbox'><li class='av-share-link av-social-link-facebook' ><a target=\"_blank\" aria-label=\"Compartir en Facebook\" href='https:\/\/www.facebook.com\/sharer.php?u=https:\/\/radiorevelacionfm.cl\/?p=30645&#038;t=Asume%20funciones%20nuevo%20director%20regional%20de%20vialidad%20del%20MOP%20en%20la%20regi%C3%B3n%20de%20Ays%C3%A9n' aria-hidden='false' data-av_icon='\ue8f3' data-av_iconfont='entypo-fontello' title='' data-avia-related-tooltip='Compartir en Facebook' rel=\"noopener\"><span class='avia_hidden_link_text'>Compartir en Facebook<\/span><\/a><\/li><li class='av-share-link av-social-link-twitter' ><a target=\"_blank\" aria-label=\"Compartir en Twitter\" href='https:\/\/twitter.com\/share?text=Asume%20funciones%20nuevo%20director%20regional%20de%20vialidad%20del%20MOP%20en%20la%20regi%C3%B3n%20de%20Ays%C3%A9n&#038;url=https:\/\/radiorevelacionfm.cl\/?p=30645' aria-hidden='false' data-av_icon='\ue8f1' data-av_iconfont='entypo-fontello' title='' data-avia-related-tooltip='Compartir en Twitter' rel=\"noopener\"><span class='avia_hidden_link_text'>Compartir en Twitter<\/span><\/a><\/li><li class='av-share-link av-social-link-whatsapp' ><a target=\"_blank\" aria-label=\"Compartir en Whatsapp\" href='https:\/\/api.whatsapp.com\/send?text=https:\/\/radiorevelacionfm.cl\/?p=30645' aria-hidden='false' data-av_icon='\uf232' data-av_iconfont='entypo-fontello' title='' data-avia-related-tooltip='Compartir en Whatsapp' rel=\"noopener\"><span class='avia_hidden_link_text'>Compartir en Whatsapp<\/span><\/a><\/li><li class='av-share-link av-social-link-linkedin' ><a target=\"_blank\" aria-label=\"Compartir en LinkedIn\" href='https:\/\/linkedin.com\/shareArticle?mini=true&#038;title=Asume%20funciones%20nuevo%20director%20regional%20de%20vialidad%20del%20MOP%20en%20la%20regi%C3%B3n%20de%20Ays%C3%A9n&#038;url=https:\/\/radiorevelacionfm.cl\/?p=30645' aria-hidden='false' data-av_icon='\ue8fc' data-av_iconfont='entypo-fontello' title='' data-avia-related-tooltip='Compartir en LinkedIn' rel=\"noopener\"><span class='avia_hidden_link_text'>Compartir en LinkedIn<\/span><\/a><\/li><li class='av-share-link av-social-link-mail' ><a  aria-label=\"Compartir por correo\" href='mailto:?subject=Asume%20funciones%20nuevo%20director%20regional%20de%20vialidad%20del%20MOP%20en%20la%20regi%C3%B3n%20de%20Ays%C3%A9n&#038;body=https:\/\/radiorevelacionfm.cl\/?p=30645' aria-hidden='false' data-av_icon='\ue805' data-av_iconfont='entypo-fontello' title='' data-avia-related-tooltip='Compartir por correo'><span class='avia_hidden_link_text'>Compartir por correo<\/span><\/a><\/li><\/ul><\/div><\/div>\n<div  style='height:50px' class='hr hr-invisible   avia-builder-el-8  el_after_av_social_share  el_before_av_comments_list '><span class='hr-inner ' ><span class='hr-inner-style'><\/span><\/span><\/div>\n<div  class='av-buildercomment  av-blog-meta-html-info-disabled av-blog-meta-tag-disabled  '><\/div>\n","protected":false},"excerpt":{"rendered":"","protected":false},"author":1,"featured_media":30646,"comment_status":"open","ping_status":"open","sticky":false,"template":"","format":"standard","meta":{"footnotes":""},"categories":[38],"tags":[],"class_list":["post-30645","post","type-post","status-publish","format-standard","has-post-thumbnail","hentry","category-regional"],"jetpack_featured_media_url":"https:\/\/radiorevelacionfm.cl\/wp-content\/uploads\/2023\/05\/RENZO-SANDERS-1-1.jpg","_links":{"self":[{"href":"https:\/\/radiorevelacionfm.cl\/index.php?rest_route=\/wp\/v2\/posts\/30645","targetHints":{"allow":["GET"]}}],"collection":[{"href":"https:\/\/radiorevelacionfm.cl\/index.php?rest_route=\/wp\/v2\/posts"}],"about":[{"href":"https:\/\/radiorevelacionfm.cl\/index.php?rest_route=\/wp\/v2\/types\/post"}],"author":[{"embeddable":true,"href":"https:\/\/radiorevelacionfm.cl\/index.php?rest_route=\/wp\/v2\/users\/1"}],"replies":[{"embeddable":true,"href":"https:\/\/radiorevelacionfm.cl\/index.php?rest_route=%2Fwp%2Fv2%2Fcomments&post=30645"}],"version-history":[{"count":1,"href":"https:\/\/radiorevelacionfm.cl\/index.php?rest_route=\/wp\/v2\/posts\/30645\/revisions"}],"predecessor-version":[{"id":30647,"href":"https:\/\/radiorevelacionfm.cl\/index.php?rest_route=\/wp\/v2\/posts\/30645\/revisions\/30647"}],"wp:featuredmedia":[{"embeddable":true,"href":"https:\/\/radiorevelacionfm.cl\/index.php?rest_route=\/wp\/v2\/media\/30646"}],"wp:attachment":[{"href":"https:\/\/radiorevelacionfm.cl\/index.php?rest_route=%2Fwp%2Fv2%2Fmedia&parent=30645"}],"wp:term":[{"taxonomy":"category","embeddable":true,"href":"https:\/\/radiorevelacionfm.cl\/index.php?rest_route=%2Fwp%2Fv2%2Fcategories&post=30645"},{"taxonomy":"post_tag","embeddable":true,"href":"https:\/\/radiorevelacionfm.cl\/index.php?rest_route=%2Fwp%2Fv2%2Ftags&post=30645"}],"curies":[{"name":"wp","href":"https:\/\/api.w.org\/{rel}","templated":true}]}}