{"id":30643,"date":"2023-05-03T10:41:27","date_gmt":"2023-05-03T13:41:27","guid":{"rendered":"https:\/\/radiorevelacionfm.cl\/?p=30643"},"modified":"2023-05-03T10:41:27","modified_gmt":"2023-05-03T13:41:27","slug":"vocera-de-gobierno-relevo-propuesta-que-busca-fortalecer-a-las-regiones","status":"publish","type":"post","link":"https:\/\/radiorevelacionfm.cl\/?p=30643","title":{"rendered":"Vocera de Gobierno relev\u00f3 propuesta que busca fortalecer a las regiones"},"content":{"rendered":"<div class=\"flex_column av_one_full  flex_column_div av-zero-column-padding first  avia-builder-el-0  el_before_av_one_full  avia-builder-el-first  \" style='border-radius:0px; '><div  class='avia-image-container  av-styling-    avia-builder-el-1  avia-builder-el-no-sibling  avia-align-center '  itemprop=\"image\" itemscope=\"itemscope\" itemtype=\"https:\/\/schema.org\/ImageObject\"  ><div class='avia-image-container-inner'><div class='avia-image-overlay-wrap'><img decoding=\"async\" class='wp-image-29865 avia-img-lazy-loading-not-29865 avia_image' src=\"https:\/\/radiorevelacionfm.cl\/wp-content\/uploads\/2023\/04\/Tatiana-Pla1.jpg\" alt='' title='Tatiana Pla1' height=\"600\" width=\"836\"  itemprop=\"thumbnailUrl\" srcset=\"https:\/\/radiorevelacionfm.cl\/wp-content\/uploads\/2023\/04\/Tatiana-Pla1.jpg 836w, https:\/\/radiorevelacionfm.cl\/wp-content\/uploads\/2023\/04\/Tatiana-Pla1-300x215.jpg 300w, https:\/\/radiorevelacionfm.cl\/wp-content\/uploads\/2023\/04\/Tatiana-Pla1-768x551.jpg 768w, https:\/\/radiorevelacionfm.cl\/wp-content\/uploads\/2023\/04\/Tatiana-Pla1-705x506.jpg 705w, https:\/\/radiorevelacionfm.cl\/wp-content\/uploads\/2023\/04\/Tatiana-Pla1-450x323.jpg 450w, https:\/\/radiorevelacionfm.cl\/wp-content\/uploads\/2023\/04\/Tatiana-Pla1-600x431.jpg 600w\" sizes=\"(max-width: 836px) 100vw, 836px\" \/><\/div><\/div><\/div><\/div><div class=\"flex_column av_one_full  flex_column_div av-zero-column-padding first  avia-builder-el-2  el_after_av_one_full  el_before_av_one_full  column-top-margin\" style='border-radius:0px; '><section class=\"av_textblock_section \"  itemscope=\"itemscope\" itemtype=\"https:\/\/schema.org\/BlogPosting\" itemprop=\"blogPost\" ><div class='avia_textblock  '   itemprop=\"text\" ><p style=\"text-align: center;\"><span style=\"font-size: 18pt;\"><b>Vocera de Gobierno relev\u00f3 propuesta que busca fortalecer a las regiones<\/b><\/span><\/p>\n<div id=\"gtx-trans\" style=\"position: absolute; left: -50px; top: 4.31534px;\">\n<div class=\"gtx-trans-icon\"><\/div>\n<\/div>\n<\/div><\/section><\/div><div class=\"flex_column av_one_full  flex_column_div av-zero-column-padding first  avia-builder-el-4  el_after_av_one_full  el_before_av_hr  column-top-margin\" style='border-radius:0px; '><section class=\"av_textblock_section \"  itemscope=\"itemscope\" itemtype=\"https:\/\/schema.org\/BlogPosting\" itemprop=\"blogPost\" ><div class='avia_textblock  '   itemprop=\"text\" ><p class=\"v1MsoNormal\" style=\"text-align: justify;\">La semana pasada el presidente Gabriel Boric present\u00f3 en la regi\u00f3n de Los Lagos el proyecto de ley \u00abRegiones m\u00e1s fuertes\u00bb, una propuesta significativa para la descentralizaci\u00f3n fiscal, ya que busca habilitar a las regiones para que puedan tomar m\u00e1s decisiones sobre sus propios recursos y de una forma m\u00e1s directa.<\/p>\n<p class=\"v1MsoNormal\" style=\"text-align: justify;\">La vocera del Gobierno en Ays\u00e9n, Tatiana Pl\u00e1 \u00c1lvarez, se\u00f1al\u00f3 que en caso de convertirse en ley, la iniciativa generar\u00e1 nuevas fuentes de ingresos propios para las regiones y facultar\u00e1 a los gobiernos locales para tomar decisiones sobre el uso de los recursos seg\u00fan las necesidades y realidades de cada zona involucrada, fortaleciendo a las regiones, reconociendo\u00a0 de mejor manera la diversidad que hay a lo largo de nuestro pa\u00eds.<\/p>\n<p class=\"v1MsoNormal\" style=\"text-align: justify;\">\u00abEste es un proyecto que va m\u00e1s all\u00e1 de lo comprometido por el Presidente Gabriel Boric, pues apunta a la descentralizaci\u00f3n administrativa de los recursos econ\u00f3micos; ser\u00e1 ingresado al Congreso Nacional durante el mes en curso, y si es aprobado, fortalecer\u00e1 la institucionalidad fiscal de los gobiernos regionales, generando nuevas fuentes de ingresos propios, adem\u00e1s de acercar la democracia a las personas que las habitan\u00bb, explic\u00f3.<\/p>\n<p class=\"v1MsoNormal\" style=\"text-align: justify;\">\u00abCon esta iniciativa se reducir\u00e1n las consultas, permisos y visaciones del nivel central, de tal modo que las obras y programas de los gobiernos regionales se ejecuten con m\u00e1s agilidad, respondiendo directamente a las decisiones locales. Y es que la ciudadan\u00eda hoy nos demanda una mayor informaci\u00f3n sobre el uso de los recursos p\u00fablicos, y por eso con este proyecto apuntamos a mejorar los mecanismos de transparencia fiscal y de rendici\u00f3n de cuentas de los gobiernos regionales\u00bb, dijo.<\/p>\n<p class=\"v1MsoNormal\" style=\"text-align: justify;\">Adem\u00e1s de permitir a las regiones dise\u00f1ar mecanismos para generar determinados ingresos propios a futuro, con el proyecto \u00abRegiones m\u00e1s fuertes\u00bb\u00a0 se mejoran la asignaci\u00f3n y distribuci\u00f3n de las fuentes de ingreso actuales vinculadas con las patentes y derechos, como los impuestos a casinos o patentes mineras. Para ello, se propone\u00a0 modificar el actual Fondo Nacional de Desarrollo Regional, que es la principal fuente de financiamiento de los gobiernos regionales, incorporando mejoras en los criterios de distribuci\u00f3n de los recursos y creando el Fondo Permanente de Equidad Interregional, que permitir\u00e1 una simplificaci\u00f3n en su asignaci\u00f3n y le dar\u00e1 mayores facultades a los GORE para decidir el destino de los recursos.<\/p>\n<p class=\"v1MsoNormal\" style=\"text-align: justify;\">\u00abDe esta manera, y al crear el Fondo Permanente de Equidad Interregional, podremos avanzar en dar mayor autonom\u00eda financiera a las regiones, agilizar la inversi\u00f3n p\u00fablica regional, elevar los est\u00e1ndares de transparencia y probidad, y simplificar la asignaci\u00f3n de los recursos, ya que nuestro Gobierno busca que todas las regiones avancen hacia el desarrollo y a un mayor bienestar de manera equitativa\u00bb, concluy\u00f3 la vocera.<span class=\"v1gmail-Apple-converted-space\">\u00a0<\/span><\/p>\n<p class=\"v1MsoNormal\" style=\"text-align: justify;\">Cabe mencionar que actualmente, Chile figura entre los pa\u00edses m\u00e1s centralizados de la OCDE, lo que se refleja en m\u00faltiples brechas seg\u00fan diferentes indicadores internacionales. Con el proyecto de ley \u00abRegiones M\u00e1s Fuertes\u00bb, y otras medidas impulsadas por el Gobierno como la del Royalty a la gran miner\u00eda, se busca reducir dr\u00e1sticamente estas brechas acercando a Chile al promedio de la OCDE.<\/p>\n<p class=\"v1MsoNormal\" style=\"text-align: justify;\"><b>Otras ventajas del proyecto de ley \u00abRegiones m\u00e1s fuertes\u00bb:<\/b><\/p>\n<p class=\"v1MsoNormal\" style=\"text-align: justify;\">Permitir\u00e1 a las regiones dise\u00f1ar mecanismos para generar determinados ingresos propios a futuro. Adicionalmente, se mejoran la asignaci\u00f3n y distribuci\u00f3n de las fuentes de ingreso vinculadas con las patentes y derechos, como los impuestos a casinos o patentes mineras.<\/p>\n<p class=\"v1MsoNormal\" style=\"text-align: justify;\">Mejoramiento de la productividad al fortalecer y reforzar los mecanismos de \u00a0coordinaci\u00f3n de la inversi\u00f3n p\u00fablica regional, lo que hace que la toma de decisiones sea m\u00e1s efectiva y genera una mejor eficiencia por parte del Estado.<\/p>\n<p class=\"v1MsoNormal\" style=\"text-align: justify;\">Mejores decisiones de inversi\u00f3n debido a que se encuentran en manos de la institucionalidad regional, que est\u00e1 m\u00e1s capacitada y al tanto para identificar las instancias de desarrollo y productividad regional.<\/p>\n<p class=\"v1MsoNormal\" style=\"text-align: justify;\">Instancias y herramientas para mejorar la articulaci\u00f3n de la inversi\u00f3n p\u00fablica entre organismos regionales, municipales y servicios p\u00fablicos, lo que permitir\u00e1 trabajar en favor de entornos m\u00e1s seguros y de mayor bienestar, a trav\u00e9s de la construcci\u00f3n de hospitales, carreteras, luminarias, entre otros.<\/p>\n<\/div><\/section><\/div><div  style='height:50px' class='hr hr-invisible   avia-builder-el-6  el_after_av_one_full  el_before_av_social_share '><span class='hr-inner ' ><span class='hr-inner-style'><\/span><\/span><\/div><\/p>\n<div  class='av-social-sharing-box  avia-builder-el-7  el_after_av_hr  el_before_av_hr  '><div class='av-share-box'><h5 class='av-share-link-description av-no-toc '>Compartir esta noticia<\/h5><ul class='av-share-box-list noLightbox'><li class='av-share-link av-social-link-facebook' ><a target=\"_blank\" aria-label=\"Compartir en Facebook\" href='https:\/\/www.facebook.com\/sharer.php?u=https:\/\/radiorevelacionfm.cl\/?p=30643&#038;t=Vocera%20de%20Gobierno%20relev%C3%B3%20propuesta%20que%20busca%20fortalecer%20a%20las%20regiones' aria-hidden='false' data-av_icon='\ue8f3' data-av_iconfont='entypo-fontello' title='' data-avia-related-tooltip='Compartir en Facebook' rel=\"noopener\"><span class='avia_hidden_link_text'>Compartir en Facebook<\/span><\/a><\/li><li class='av-share-link av-social-link-twitter' ><a target=\"_blank\" aria-label=\"Compartir en Twitter\" href='https:\/\/twitter.com\/share?text=Vocera%20de%20Gobierno%20relev%C3%B3%20propuesta%20que%20busca%20fortalecer%20a%20las%20regiones&#038;url=https:\/\/radiorevelacionfm.cl\/?p=30643' aria-hidden='false' data-av_icon='\ue8f1' data-av_iconfont='entypo-fontello' title='' data-avia-related-tooltip='Compartir en Twitter' rel=\"noopener\"><span class='avia_hidden_link_text'>Compartir en Twitter<\/span><\/a><\/li><li class='av-share-link av-social-link-whatsapp' ><a target=\"_blank\" aria-label=\"Compartir en Whatsapp\" href='https:\/\/api.whatsapp.com\/send?text=https:\/\/radiorevelacionfm.cl\/?p=30643' aria-hidden='false' data-av_icon='\uf232' data-av_iconfont='entypo-fontello' title='' data-avia-related-tooltip='Compartir en Whatsapp' rel=\"noopener\"><span class='avia_hidden_link_text'>Compartir en Whatsapp<\/span><\/a><\/li><li class='av-share-link av-social-link-linkedin' ><a target=\"_blank\" aria-label=\"Compartir en LinkedIn\" href='https:\/\/linkedin.com\/shareArticle?mini=true&#038;title=Vocera%20de%20Gobierno%20relev%C3%B3%20propuesta%20que%20busca%20fortalecer%20a%20las%20regiones&#038;url=https:\/\/radiorevelacionfm.cl\/?p=30643' aria-hidden='false' data-av_icon='\ue8fc' data-av_iconfont='entypo-fontello' title='' data-avia-related-tooltip='Compartir en LinkedIn' rel=\"noopener\"><span class='avia_hidden_link_text'>Compartir en LinkedIn<\/span><\/a><\/li><li class='av-share-link av-social-link-mail' ><a  aria-label=\"Compartir por correo\" href='mailto:?subject=Vocera%20de%20Gobierno%20relev%C3%B3%20propuesta%20que%20busca%20fortalecer%20a%20las%20regiones&#038;body=https:\/\/radiorevelacionfm.cl\/?p=30643' aria-hidden='false' data-av_icon='\ue805' data-av_iconfont='entypo-fontello' title='' data-avia-related-tooltip='Compartir por correo'><span class='avia_hidden_link_text'>Compartir por correo<\/span><\/a><\/li><\/ul><\/div><\/div>\n<div  style='height:50px' class='hr hr-invisible   avia-builder-el-8  el_after_av_social_share  el_before_av_comments_list '><span class='hr-inner ' ><span class='hr-inner-style'><\/span><\/span><\/div>\n<div  class='av-buildercomment  av-blog-meta-html-info-disabled av-blog-meta-tag-disabled  '><\/div>\n","protected":false},"excerpt":{"rendered":"","protected":false},"author":1,"featured_media":29865,"comment_status":"open","ping_status":"open","sticky":false,"template":"","format":"standard","meta":{"footnotes":""},"categories":[38],"tags":[],"class_list":["post-30643","post","type-post","status-publish","format-standard","has-post-thumbnail","hentry","category-regional"],"jetpack_featured_media_url":"https:\/\/radiorevelacionfm.cl\/wp-content\/uploads\/2023\/04\/Tatiana-Pla1.jpg","_links":{"self":[{"href":"https:\/\/radiorevelacionfm.cl\/index.php?rest_route=\/wp\/v2\/posts\/30643","targetHints":{"allow":["GET"]}}],"collection":[{"href":"https:\/\/radiorevelacionfm.cl\/index.php?rest_route=\/wp\/v2\/posts"}],"about":[{"href":"https:\/\/radiorevelacionfm.cl\/index.php?rest_route=\/wp\/v2\/types\/post"}],"author":[{"embeddable":true,"href":"https:\/\/radiorevelacionfm.cl\/index.php?rest_route=\/wp\/v2\/users\/1"}],"replies":[{"embeddable":true,"href":"https:\/\/radiorevelacionfm.cl\/index.php?rest_route=%2Fwp%2Fv2%2Fcomments&post=30643"}],"version-history":[{"count":1,"href":"https:\/\/radiorevelacionfm.cl\/index.php?rest_route=\/wp\/v2\/posts\/30643\/revisions"}],"predecessor-version":[{"id":30644,"href":"https:\/\/radiorevelacionfm.cl\/index.php?rest_route=\/wp\/v2\/posts\/30643\/revisions\/30644"}],"wp:featuredmedia":[{"embeddable":true,"href":"https:\/\/radiorevelacionfm.cl\/index.php?rest_route=\/wp\/v2\/media\/29865"}],"wp:attachment":[{"href":"https:\/\/radiorevelacionfm.cl\/index.php?rest_route=%2Fwp%2Fv2%2Fmedia&parent=30643"}],"wp:term":[{"taxonomy":"category","embeddable":true,"href":"https:\/\/radiorevelacionfm.cl\/index.php?rest_route=%2Fwp%2Fv2%2Fcategories&post=30643"},{"taxonomy":"post_tag","embeddable":true,"href":"https:\/\/radiorevelacionfm.cl\/index.php?rest_route=%2Fwp%2Fv2%2Ftags&post=30643"}],"curies":[{"name":"wp","href":"https:\/\/api.w.org\/{rel}","templated":true}]}}