{"id":30640,"date":"2023-05-02T20:24:47","date_gmt":"2023-05-02T23:24:47","guid":{"rendered":"https:\/\/radiorevelacionfm.cl\/?p=30640"},"modified":"2023-05-02T20:24:47","modified_gmt":"2023-05-02T23:24:47","slug":"iniciaran-instalacion-de-luminarias-y-camaras-de-vigilancia-en-la-comuna-de-aysen","status":"publish","type":"post","link":"https:\/\/radiorevelacionfm.cl\/?p=30640","title":{"rendered":"Iniciar\u00e1n instalaci\u00f3n de luminarias y c\u00e1maras de vigilancia en la comuna de Ays\u00e9n"},"content":{"rendered":"<div class=\"flex_column av_one_full  flex_column_div av-zero-column-padding first  avia-builder-el-0  el_before_av_one_full  avia-builder-el-first  \" style='border-radius:0px; '><div  class='avia-image-container  av-styling-    avia-builder-el-1  avia-builder-el-no-sibling  avia-align-center '  itemprop=\"image\" itemscope=\"itemscope\" itemtype=\"https:\/\/schema.org\/ImageObject\"  ><div class='avia-image-container-inner'><div class='avia-image-overlay-wrap'><img decoding=\"async\" class='wp-image-30641 avia-img-lazy-loading-not-30641 avia_image' src=\"https:\/\/radiorevelacionfm.cl\/wp-content\/uploads\/2023\/05\/IMG_0408-1-1.jpg\" alt='' title='IMG_0408 (1) (1)' height=\"600\" width=\"900\"  itemprop=\"thumbnailUrl\" srcset=\"https:\/\/radiorevelacionfm.cl\/wp-content\/uploads\/2023\/05\/IMG_0408-1-1.jpg 900w, https:\/\/radiorevelacionfm.cl\/wp-content\/uploads\/2023\/05\/IMG_0408-1-1-300x200.jpg 300w, https:\/\/radiorevelacionfm.cl\/wp-content\/uploads\/2023\/05\/IMG_0408-1-1-768x512.jpg 768w, https:\/\/radiorevelacionfm.cl\/wp-content\/uploads\/2023\/05\/IMG_0408-1-1-705x470.jpg 705w, https:\/\/radiorevelacionfm.cl\/wp-content\/uploads\/2023\/05\/IMG_0408-1-1-450x300.jpg 450w, https:\/\/radiorevelacionfm.cl\/wp-content\/uploads\/2023\/05\/IMG_0408-1-1-600x400.jpg 600w\" sizes=\"(max-width: 900px) 100vw, 900px\" \/><\/div><\/div><\/div><\/div><div class=\"flex_column av_one_full  flex_column_div av-zero-column-padding first  avia-builder-el-2  el_after_av_one_full  el_before_av_one_full  column-top-margin\" style='border-radius:0px; '><section class=\"av_textblock_section \"  itemscope=\"itemscope\" itemtype=\"https:\/\/schema.org\/BlogPosting\" itemprop=\"blogPost\" ><div class='avia_textblock  '   itemprop=\"text\" ><p style=\"text-align: center;\"><strong><span style=\"font-size: 18pt;\">Iniciar\u00e1n instalaci\u00f3n de luminarias y c\u00e1maras de vigilancia en la comuna de Ays\u00e9n<\/span><\/strong><\/p>\n<div id=\"gtx-trans\" style=\"position: absolute; left: -50px; top: 4.31534px;\">\n<div class=\"gtx-trans-icon\"><\/div>\n<\/div>\n<\/div><\/section><\/div><div class=\"flex_column av_one_full  flex_column_div av-zero-column-padding first  avia-builder-el-4  el_after_av_one_full  el_before_av_hr  column-top-margin\" style='border-radius:0px; '><section class=\"av_textblock_section \"  itemscope=\"itemscope\" itemtype=\"https:\/\/schema.org\/BlogPosting\" itemprop=\"blogPost\" ><div class='avia_textblock  '   itemprop=\"text\" ><p style=\"text-align: justify;\">La Direcci\u00f3n de Seguridad P\u00fablica de la Municipalidad de Ays\u00e9n dio inicio a una serie de proyectos que permitir\u00e1n dotar de mayor seguridad a las vecinas y vecinos de Ays\u00e9n, a trav\u00e9s de la reposici\u00f3n de luminarias, instalaci\u00f3n de c\u00e1maras, entre otras iniciativas.<\/p>\n<p style=\"text-align: justify;\">\u201cEstamos muy contentos por lo que estamos ejecutando en este primer semestre de 2023. Comenzamos la ejecuci\u00f3n de distintos proyectos en los que estuvimos trabajando durante los \u00faltimos meses\u201d, se\u00f1al\u00f3 el director de Seguridad P\u00fablica, Marco Co\u00f1uecar, quien entreg\u00f3 detalles respecto de las iniciativas.<\/p>\n<p style=\"text-align: justify;\">Uno de los proyectos m\u00e1s destacados es la reposici\u00f3n de 225 luminarias que permitir\u00e1n mejorar la luminosidad en diferentes sectores de Puerto Ays\u00e9n, Villa Ma\u00f1ihuales y otras localidades de la comuna. Al respecto, Co\u00f1uecar se\u00f1al\u00f3 que \u201cvamos a poder cumplir con uno de los requerimientos m\u00e1s importantes de los vecinos, que es contar con las mejoras de luminosidad en los diferentes sectores\u201d.<\/p>\n<p style=\"text-align: justify;\">Adem\u00e1s, se inici\u00f3 la instalaci\u00f3n de c\u00e1maras de vigilancia en el Parque Municipal, ex Isla D\u00edaz. Estas c\u00e1maras estar\u00e1n dispuestas en diversas zonas del lugar, con lo cual, se podr\u00e1 contar con un monitoreo constante de la actividad en el parque, permitiendo as\u00ed la r\u00e1pida acci\u00f3n de Carabineros y Seguridad P\u00fablica en caso de detectarse alguna anomal\u00eda.<\/p>\n<p style=\"text-align: justify;\">La direcci\u00f3n de Seguridad P\u00fablica ha estado trabajando fuertemente para ejecutar los recursos obtenidos en el a\u00f1o 2022, los cuales superaron los 180 millones de pesos. En palabras de Co\u00f1uecar, \u201cla idea es no solo mejorar el patrullaje nocturno y las fiscalizaciones, sino tambi\u00e9n entregar m\u00e1s recursos a trav\u00e9s de la implementaci\u00f3n de proyectos relacionados con la prevenci\u00f3n del delito, como la televigilancia y la mejora de la luminosidad en la comuna\u201d.<\/p>\n<p style=\"text-align: justify;\">En esta misma l\u00ednea, el director agreg\u00f3 que pr\u00f3ximamente iniciar\u00e1n una serie de acciones que permitan trabajar en la prevenci\u00f3n de delitos de \u00edndole sexual en los colegios de la comuna, para lo cual trabajar\u00e1n en conjunto con los establecimientos educacionales en materia de capacitaci\u00f3n.<\/p>\n<p style=\"text-align: justify;\">Estas iniciativas han sido bien recibidas por la comunidad, en virtud que buscan mejorar la seguridad en la comuna y que se suman a otras medidas de prevenci\u00f3n que ya han sido implementadas.<\/p>\n<\/div><\/section><\/div><div  style='height:50px' class='hr hr-invisible   avia-builder-el-6  el_after_av_one_full  el_before_av_social_share '><span class='hr-inner ' ><span class='hr-inner-style'><\/span><\/span><\/div><\/p>\n<div  class='av-social-sharing-box  avia-builder-el-7  el_after_av_hr  el_before_av_hr  '><div class='av-share-box'><h5 class='av-share-link-description av-no-toc '>Compartir esta noticia<\/h5><ul class='av-share-box-list noLightbox'><li class='av-share-link av-social-link-facebook' ><a target=\"_blank\" aria-label=\"Compartir en Facebook\" href='https:\/\/www.facebook.com\/sharer.php?u=https:\/\/radiorevelacionfm.cl\/?p=30640&#038;t=Iniciar%C3%A1n%20instalaci%C3%B3n%20de%20luminarias%20y%20c%C3%A1maras%20de%20vigilancia%20en%20la%20comuna%20de%20Ays%C3%A9n' aria-hidden='false' data-av_icon='\ue8f3' data-av_iconfont='entypo-fontello' title='' data-avia-related-tooltip='Compartir en Facebook' rel=\"noopener\"><span class='avia_hidden_link_text'>Compartir en Facebook<\/span><\/a><\/li><li class='av-share-link av-social-link-twitter' ><a target=\"_blank\" aria-label=\"Compartir en Twitter\" href='https:\/\/twitter.com\/share?text=Iniciar%C3%A1n%20instalaci%C3%B3n%20de%20luminarias%20y%20c%C3%A1maras%20de%20vigilancia%20en%20la%20comuna%20de%20Ays%C3%A9n&#038;url=https:\/\/radiorevelacionfm.cl\/?p=30640' aria-hidden='false' data-av_icon='\ue8f1' data-av_iconfont='entypo-fontello' title='' data-avia-related-tooltip='Compartir en Twitter' rel=\"noopener\"><span class='avia_hidden_link_text'>Compartir en Twitter<\/span><\/a><\/li><li class='av-share-link av-social-link-whatsapp' ><a target=\"_blank\" aria-label=\"Compartir en Whatsapp\" href='https:\/\/api.whatsapp.com\/send?text=https:\/\/radiorevelacionfm.cl\/?p=30640' aria-hidden='false' data-av_icon='\uf232' data-av_iconfont='entypo-fontello' title='' data-avia-related-tooltip='Compartir en Whatsapp' rel=\"noopener\"><span class='avia_hidden_link_text'>Compartir en Whatsapp<\/span><\/a><\/li><li class='av-share-link av-social-link-linkedin' ><a target=\"_blank\" aria-label=\"Compartir en LinkedIn\" href='https:\/\/linkedin.com\/shareArticle?mini=true&#038;title=Iniciar%C3%A1n%20instalaci%C3%B3n%20de%20luminarias%20y%20c%C3%A1maras%20de%20vigilancia%20en%20la%20comuna%20de%20Ays%C3%A9n&#038;url=https:\/\/radiorevelacionfm.cl\/?p=30640' aria-hidden='false' data-av_icon='\ue8fc' data-av_iconfont='entypo-fontello' title='' data-avia-related-tooltip='Compartir en LinkedIn' rel=\"noopener\"><span class='avia_hidden_link_text'>Compartir en LinkedIn<\/span><\/a><\/li><li class='av-share-link av-social-link-mail' ><a  aria-label=\"Compartir por correo\" href='mailto:?subject=Iniciar%C3%A1n%20instalaci%C3%B3n%20de%20luminarias%20y%20c%C3%A1maras%20de%20vigilancia%20en%20la%20comuna%20de%20Ays%C3%A9n&#038;body=https:\/\/radiorevelacionfm.cl\/?p=30640' aria-hidden='false' data-av_icon='\ue805' data-av_iconfont='entypo-fontello' title='' data-avia-related-tooltip='Compartir por correo'><span class='avia_hidden_link_text'>Compartir por correo<\/span><\/a><\/li><\/ul><\/div><\/div>\n<div  style='height:50px' class='hr hr-invisible   avia-builder-el-8  el_after_av_social_share  el_before_av_comments_list '><span class='hr-inner ' ><span class='hr-inner-style'><\/span><\/span><\/div>\n<div  class='av-buildercomment  av-blog-meta-html-info-disabled av-blog-meta-tag-disabled  '><\/div>\n","protected":false},"excerpt":{"rendered":"","protected":false},"author":1,"featured_media":30641,"comment_status":"open","ping_status":"open","sticky":false,"template":"","format":"standard","meta":{"footnotes":""},"categories":[38],"tags":[],"class_list":["post-30640","post","type-post","status-publish","format-standard","has-post-thumbnail","hentry","category-regional"],"jetpack_featured_media_url":"https:\/\/radiorevelacionfm.cl\/wp-content\/uploads\/2023\/05\/IMG_0408-1-1.jpg","_links":{"self":[{"href":"https:\/\/radiorevelacionfm.cl\/index.php?rest_route=\/wp\/v2\/posts\/30640","targetHints":{"allow":["GET"]}}],"collection":[{"href":"https:\/\/radiorevelacionfm.cl\/index.php?rest_route=\/wp\/v2\/posts"}],"about":[{"href":"https:\/\/radiorevelacionfm.cl\/index.php?rest_route=\/wp\/v2\/types\/post"}],"author":[{"embeddable":true,"href":"https:\/\/radiorevelacionfm.cl\/index.php?rest_route=\/wp\/v2\/users\/1"}],"replies":[{"embeddable":true,"href":"https:\/\/radiorevelacionfm.cl\/index.php?rest_route=%2Fwp%2Fv2%2Fcomments&post=30640"}],"version-history":[{"count":1,"href":"https:\/\/radiorevelacionfm.cl\/index.php?rest_route=\/wp\/v2\/posts\/30640\/revisions"}],"predecessor-version":[{"id":30642,"href":"https:\/\/radiorevelacionfm.cl\/index.php?rest_route=\/wp\/v2\/posts\/30640\/revisions\/30642"}],"wp:featuredmedia":[{"embeddable":true,"href":"https:\/\/radiorevelacionfm.cl\/index.php?rest_route=\/wp\/v2\/media\/30641"}],"wp:attachment":[{"href":"https:\/\/radiorevelacionfm.cl\/index.php?rest_route=%2Fwp%2Fv2%2Fmedia&parent=30640"}],"wp:term":[{"taxonomy":"category","embeddable":true,"href":"https:\/\/radiorevelacionfm.cl\/index.php?rest_route=%2Fwp%2Fv2%2Fcategories&post=30640"},{"taxonomy":"post_tag","embeddable":true,"href":"https:\/\/radiorevelacionfm.cl\/index.php?rest_route=%2Fwp%2Fv2%2Ftags&post=30640"}],"curies":[{"name":"wp","href":"https:\/\/api.w.org\/{rel}","templated":true}]}}