{"id":30637,"date":"2023-05-02T18:38:16","date_gmt":"2023-05-02T21:38:16","guid":{"rendered":"https:\/\/radiorevelacionfm.cl\/?p=30637"},"modified":"2023-05-02T18:38:16","modified_gmt":"2023-05-02T21:38:16","slug":"96-familias-del-comite-proyecto-joven-de-balmaceda-recibieron-su-certificado-de-subsidio-habitacional","status":"publish","type":"post","link":"https:\/\/radiorevelacionfm.cl\/?p=30637","title":{"rendered":"96 Familias del comit\u00e9 \u201cProyecto Joven\u201d de Balmaceda recibieron su Certificado de Subsidio Habitacional"},"content":{"rendered":"<div class=\"flex_column av_one_full  flex_column_div av-zero-column-padding first  avia-builder-el-0  el_before_av_one_full  avia-builder-el-first  \" style='border-radius:0px; '><div  class='avia-image-container  av-styling-    avia-builder-el-1  avia-builder-el-no-sibling  avia-align-center '  itemprop=\"image\" itemscope=\"itemscope\" itemtype=\"https:\/\/schema.org\/ImageObject\"  ><div class='avia-image-container-inner'><div class='avia-image-overlay-wrap'><img decoding=\"async\" class='wp-image-30638 avia-img-lazy-loading-not-30638 avia_image' src=\"https:\/\/radiorevelacionfm.cl\/wp-content\/uploads\/2023\/05\/seremi-de-vivienda-y-familia-del-comite-proyecto-joven-de-balmaceda-1_optimized.jpg\" alt='' title='seremi-de-vivienda-y-familia-del-comit\u00e9-proyecto-joven-de-balmaceda-(1)_optimized' height=\"600\" width=\"984\"  itemprop=\"thumbnailUrl\" srcset=\"https:\/\/radiorevelacionfm.cl\/wp-content\/uploads\/2023\/05\/seremi-de-vivienda-y-familia-del-comite-proyecto-joven-de-balmaceda-1_optimized.jpg 984w, https:\/\/radiorevelacionfm.cl\/wp-content\/uploads\/2023\/05\/seremi-de-vivienda-y-familia-del-comite-proyecto-joven-de-balmaceda-1_optimized-300x183.jpg 300w, https:\/\/radiorevelacionfm.cl\/wp-content\/uploads\/2023\/05\/seremi-de-vivienda-y-familia-del-comite-proyecto-joven-de-balmaceda-1_optimized-768x468.jpg 768w, https:\/\/radiorevelacionfm.cl\/wp-content\/uploads\/2023\/05\/seremi-de-vivienda-y-familia-del-comite-proyecto-joven-de-balmaceda-1_optimized-705x430.jpg 705w, https:\/\/radiorevelacionfm.cl\/wp-content\/uploads\/2023\/05\/seremi-de-vivienda-y-familia-del-comite-proyecto-joven-de-balmaceda-1_optimized-450x274.jpg 450w, https:\/\/radiorevelacionfm.cl\/wp-content\/uploads\/2023\/05\/seremi-de-vivienda-y-familia-del-comite-proyecto-joven-de-balmaceda-1_optimized-600x366.jpg 600w\" sizes=\"(max-width: 984px) 100vw, 984px\" \/><\/div><\/div><\/div><\/div><div class=\"flex_column av_one_full  flex_column_div av-zero-column-padding first  avia-builder-el-2  el_after_av_one_full  el_before_av_one_full  column-top-margin\" style='border-radius:0px; '><section class=\"av_textblock_section \"  itemscope=\"itemscope\" itemtype=\"https:\/\/schema.org\/BlogPosting\" itemprop=\"blogPost\" ><div class='avia_textblock  '   itemprop=\"text\" ><p style=\"text-align: center;\"><strong><span style=\"font-size: 18pt;\">96 Familias del comit\u00e9 \u201cProyecto Joven\u201d de Balmaceda recibieron su Certificado de Subsidio Habitacional<\/span><\/strong><\/p>\n<div id=\"gtx-trans\" style=\"position: absolute; left: -50px; top: 4.31534px;\">\n<div class=\"gtx-trans-icon\"><\/div>\n<\/div>\n<\/div><\/section><\/div><div class=\"flex_column av_one_full  flex_column_div av-zero-column-padding first  avia-builder-el-4  el_after_av_one_full  el_before_av_hr  column-top-margin\" style='border-radius:0px; '><section class=\"av_textblock_section \"  itemscope=\"itemscope\" itemtype=\"https:\/\/schema.org\/BlogPosting\" itemprop=\"blogPost\" ><div class='avia_textblock  '   itemprop=\"text\" ><p style=\"text-align: justify;\">En una emotiva ceremonia, que cont\u00f3 con participaci\u00f3n de las m\u00e1ximas autoridades regionales y locales, los 96 integrantes del comit\u00e9 \u201cProyecto Joven\u201d de Balmaceda recibieron este fin de semana los certificados de subsidio que los acercan cada vez m\u00e1s a su so\u00f1ada casa propia.<\/p>\n<p style=\"text-align: justify;\">El comit\u00e9 \u201cProyecto Joven\u201d es asesorado por la Entidad Patrocinante de Cornejo y Alert Consultores, en tanto que la empresa Entre R\u00edos es la encargada de la construcci\u00f3n del nuevo conjunto habitacional, la cual ya se inici\u00f3 a comienzos de marzo de este a\u00f1o en terrenos ubicados frente del aeropuerto que pertenec\u00edan al Serviu y que fueron traspasados de forma gratuita a este grupo de familias.<\/p>\n<p style=\"text-align: justify;\">Este gran proyecto habitacional implica una inversi\u00f3n que supera los 8 mil millones de pesos, recursos que consideran el ahorro de las familias, los certificados de subsidio y aportes extraordinarios provenientes del Ministerio de Vivienda y Urbanismo que fueron gestionados por las autoridades regionales del sector. Dichos fondos se aprobaron en febrero de este a\u00f1o, permitiendo as\u00ed comenzar con los trabajos de construcci\u00f3n de las casas.<\/p>\n<p style=\"text-align: justify;\">En ese sentido la Seremi de Vivienda, Paulina Ruz, destac\u00f3 el trabajo que han venido realizando con este grupo de familias, a las que seguir\u00e1n acompa\u00f1ando hasta garantizar su derecho a la vivienda digna y adecuada. \u201cLa localidad de Balmaceda se ha visto beneficiada con otros proyectos habitacionales, pero este es el mayor de todos, son 96 familias, para las cuales en su momento golpeamos puertas en Santiago y fue el propio Ministerio el que nos dio los recursos, no solo para ellos sino tambi\u00e9n para otros dos comit\u00e9s que sumaban 16 mil 500 millones de pesos, para poder permitir que este sue\u00f1o se concretara. Saludamos y felicitamos no solo a las familias, sino que tambi\u00e9n a las dirigencias, ya que el rol de la presidenta del grupo ha sido fundamental en este proceso, al igual que la labor de la Entidad Patrocinante AES, con quienes seguiremos trabajando en el futuro de la misma manera\u201d, asegur\u00f3.<\/p>\n<p style=\"text-align: justify;\">Fue justamente la Presidenta del Comit\u00e9 \u201cProyecto Joven\u201d, Katherine Godoy, quien valor\u00f3 y agradeci\u00f3 el apoyo recibido por las autoridades y por los mismos beneficiarios, quienes pronto dar\u00e1n vida a este gran y nuevo barrio de Balmaceda. \u201cFeliz, adem\u00e1s de agradecer a cada socio, ya que sin ellos no podr\u00edamos haber logrado todo esto. Gracias a la constructora, al Gobierno, al Minvu y a todos los que est\u00e1n detr\u00e1s del equipo, porque es un conjunto de voluntades donde cada uno pone su granito de arena para poder lograr este proyecto, que es un gran proyecto de 96 casas. Felizmente agradecida de Dios por nuestra casa, porque ya me siento que tengo casa propia, ya tengo mi subsidio y esa es una gran felicidad\u201d, manifest\u00f3.<\/p>\n<p style=\"text-align: justify;\">El Delegado Presidencial Regional, Rodrigo Araya, destac\u00f3 la labor realizada por los diferentes actores involucrados para concretar este gran proyecto que es un sue\u00f1o para las familias, pero tambi\u00e9n el desaf\u00edo para una comunidad en pleno crecimiento. \u201cComo Gobierno nos parece que cumplir con este trabajo, donde destaca la labor de nuestra Seremi de Vivienda para conseguir los recursos y concretar este inicio de faena, es tremendamente relevante, porque para nuestro Gobierno la seguridad ciudadana, econ\u00f3mica y social son fundamentales. Las casas, la habitabilidad y tener un hogar forman parte de eso, junto con el Plan de Emergencia que estamos implementando en todo el pa\u00eds, por eso queremos seguir formando parte de la red de apoyo y cooperaci\u00f3n que necesitan estos 96 hogares, porque por delante vienen otros desaf\u00edos donde nos comprometemos a seguir con ellos para que cumplan con este deseo de tener un hogar y una casa\u201d, afirm\u00f3.<\/p>\n<p style=\"text-align: justify;\">Tambi\u00e9n el jefe de la Divisi\u00f3n de Infraestructura y Transporte del Gobierno Regional, Oscar del Solar, felicit\u00f3 a las familias que con su nuevo barrio dar\u00e1n vida y futuro a esta emblem\u00e1tica localidad de nuestra regi\u00f3n. \u201cComo Gobierno Regional felices por las familias que ven en esta acci\u00f3n un paso seguro hacia el cumplimiento de su sue\u00f1o que es la vivienda propia y en una localidad tan particular, con una carga hist\u00f3rica, social, cultural tan importante en la regi\u00f3n, como es Balmaceda, lo que sin duda va a traer nuevos desaf\u00edos de convivencia para las personas que van a vivir ac\u00e1. Agradecemos y resaltamos mucho el trabajo que est\u00e1 haciendo el Ministerio de Vivienda con su Plan de Emergencia Habitacional, un trabajo que vemos con muy buenos ojos, que se ha desarrollado en muy buena l\u00ednea y esperamos que siga proyectando de esa manera en toda la regi\u00f3n\u201d, indic\u00f3.<\/p>\n<p style=\"text-align: justify;\">La empresa Entre R\u00edos tiene un plazo de 500 d\u00edas corridos para ejecutar el proyecto, el que deber\u00eda estar terminado en septiembre del pr\u00f3ximo a\u00f1o, sumando as\u00ed 96 nuevos hogares a los otros dos conjuntos habitacionales de 50 y 68 familias que se entregaron en Balmaceda durante los a\u00f1os 2021 y 2022.<\/p>\n<\/div><\/section><\/div><div  style='height:50px' class='hr hr-invisible   avia-builder-el-6  el_after_av_one_full  el_before_av_social_share '><span class='hr-inner ' ><span class='hr-inner-style'><\/span><\/span><\/div><\/p>\n<div  class='av-social-sharing-box  avia-builder-el-7  el_after_av_hr  el_before_av_hr  '><div class='av-share-box'><h5 class='av-share-link-description av-no-toc '>Compartir esta noticia<\/h5><ul class='av-share-box-list noLightbox'><li class='av-share-link av-social-link-facebook' ><a target=\"_blank\" aria-label=\"Compartir en Facebook\" href='https:\/\/www.facebook.com\/sharer.php?u=https:\/\/radiorevelacionfm.cl\/?p=30637&#038;t=96%20Familias%20del%20comit%C3%A9%20%E2%80%9CProyecto%20Joven%E2%80%9D%20de%20Balmaceda%20recibieron%20su%20Certificado%20de%20Subsidio%20Habitacional' aria-hidden='false' data-av_icon='\ue8f3' data-av_iconfont='entypo-fontello' title='' data-avia-related-tooltip='Compartir en Facebook' rel=\"noopener\"><span class='avia_hidden_link_text'>Compartir en Facebook<\/span><\/a><\/li><li class='av-share-link av-social-link-twitter' ><a target=\"_blank\" aria-label=\"Compartir en Twitter\" href='https:\/\/twitter.com\/share?text=96%20Familias%20del%20comit%C3%A9%20%E2%80%9CProyecto%20Joven%E2%80%9D%20de%20Balmaceda%20recibieron%20su%20Certificado%20de%20Subsidio%20Habitacional&#038;url=https:\/\/radiorevelacionfm.cl\/?p=30637' aria-hidden='false' data-av_icon='\ue8f1' data-av_iconfont='entypo-fontello' title='' data-avia-related-tooltip='Compartir en Twitter' rel=\"noopener\"><span class='avia_hidden_link_text'>Compartir en Twitter<\/span><\/a><\/li><li class='av-share-link av-social-link-whatsapp' ><a target=\"_blank\" aria-label=\"Compartir en Whatsapp\" href='https:\/\/api.whatsapp.com\/send?text=https:\/\/radiorevelacionfm.cl\/?p=30637' aria-hidden='false' data-av_icon='\uf232' data-av_iconfont='entypo-fontello' title='' data-avia-related-tooltip='Compartir en Whatsapp' rel=\"noopener\"><span class='avia_hidden_link_text'>Compartir en Whatsapp<\/span><\/a><\/li><li class='av-share-link av-social-link-linkedin' ><a target=\"_blank\" aria-label=\"Compartir en LinkedIn\" href='https:\/\/linkedin.com\/shareArticle?mini=true&#038;title=96%20Familias%20del%20comit%C3%A9%20%E2%80%9CProyecto%20Joven%E2%80%9D%20de%20Balmaceda%20recibieron%20su%20Certificado%20de%20Subsidio%20Habitacional&#038;url=https:\/\/radiorevelacionfm.cl\/?p=30637' aria-hidden='false' data-av_icon='\ue8fc' data-av_iconfont='entypo-fontello' title='' data-avia-related-tooltip='Compartir en LinkedIn' rel=\"noopener\"><span class='avia_hidden_link_text'>Compartir en LinkedIn<\/span><\/a><\/li><li class='av-share-link av-social-link-mail' ><a  aria-label=\"Compartir por correo\" href='mailto:?subject=96%20Familias%20del%20comit%C3%A9%20%E2%80%9CProyecto%20Joven%E2%80%9D%20de%20Balmaceda%20recibieron%20su%20Certificado%20de%20Subsidio%20Habitacional&#038;body=https:\/\/radiorevelacionfm.cl\/?p=30637' aria-hidden='false' data-av_icon='\ue805' data-av_iconfont='entypo-fontello' title='' data-avia-related-tooltip='Compartir por correo'><span class='avia_hidden_link_text'>Compartir por correo<\/span><\/a><\/li><\/ul><\/div><\/div>\n<div  style='height:50px' class='hr hr-invisible   avia-builder-el-8  el_after_av_social_share  el_before_av_comments_list '><span class='hr-inner ' ><span class='hr-inner-style'><\/span><\/span><\/div>\n<div  class='av-buildercomment  av-blog-meta-html-info-disabled av-blog-meta-tag-disabled  '><\/div>\n","protected":false},"excerpt":{"rendered":"","protected":false},"author":1,"featured_media":30638,"comment_status":"open","ping_status":"open","sticky":false,"template":"","format":"standard","meta":{"footnotes":""},"categories":[57],"tags":[],"class_list":["post-30637","post","type-post","status-publish","format-standard","has-post-thumbnail","hentry","category-vivienda"],"jetpack_featured_media_url":"https:\/\/radiorevelacionfm.cl\/wp-content\/uploads\/2023\/05\/seremi-de-vivienda-y-familia-del-comite-proyecto-joven-de-balmaceda-1_optimized.jpg","_links":{"self":[{"href":"https:\/\/radiorevelacionfm.cl\/index.php?rest_route=\/wp\/v2\/posts\/30637","targetHints":{"allow":["GET"]}}],"collection":[{"href":"https:\/\/radiorevelacionfm.cl\/index.php?rest_route=\/wp\/v2\/posts"}],"about":[{"href":"https:\/\/radiorevelacionfm.cl\/index.php?rest_route=\/wp\/v2\/types\/post"}],"author":[{"embeddable":true,"href":"https:\/\/radiorevelacionfm.cl\/index.php?rest_route=\/wp\/v2\/users\/1"}],"replies":[{"embeddable":true,"href":"https:\/\/radiorevelacionfm.cl\/index.php?rest_route=%2Fwp%2Fv2%2Fcomments&post=30637"}],"version-history":[{"count":1,"href":"https:\/\/radiorevelacionfm.cl\/index.php?rest_route=\/wp\/v2\/posts\/30637\/revisions"}],"predecessor-version":[{"id":30639,"href":"https:\/\/radiorevelacionfm.cl\/index.php?rest_route=\/wp\/v2\/posts\/30637\/revisions\/30639"}],"wp:featuredmedia":[{"embeddable":true,"href":"https:\/\/radiorevelacionfm.cl\/index.php?rest_route=\/wp\/v2\/media\/30638"}],"wp:attachment":[{"href":"https:\/\/radiorevelacionfm.cl\/index.php?rest_route=%2Fwp%2Fv2%2Fmedia&parent=30637"}],"wp:term":[{"taxonomy":"category","embeddable":true,"href":"https:\/\/radiorevelacionfm.cl\/index.php?rest_route=%2Fwp%2Fv2%2Fcategories&post=30637"},{"taxonomy":"post_tag","embeddable":true,"href":"https:\/\/radiorevelacionfm.cl\/index.php?rest_route=%2Fwp%2Fv2%2Ftags&post=30637"}],"curies":[{"name":"wp","href":"https:\/\/api.w.org\/{rel}","templated":true}]}}