{"id":30634,"date":"2023-05-02T17:03:04","date_gmt":"2023-05-02T20:03:04","guid":{"rendered":"https:\/\/radiorevelacionfm.cl\/?p=30634"},"modified":"2023-05-02T17:03:04","modified_gmt":"2023-05-02T20:03:04","slug":"extienden-plazo-para-postular-a-lineas-vigentes-del-programa-de-fomento-y-diversificacion-de-la-pesca-artesanal","status":"publish","type":"post","link":"https:\/\/radiorevelacionfm.cl\/?p=30634","title":{"rendered":"Extienden plazo para postular a l\u00edneas vigentes del Programa de Fomento y Diversificaci\u00f3n de la Pesca Artesanal"},"content":{"rendered":"<div class=\"flex_column av_one_full  flex_column_div av-zero-column-padding first  avia-builder-el-0  el_before_av_one_full  avia-builder-el-first  \" style='border-radius:0px; '><div  class='avia-image-container  av-styling-    avia-builder-el-1  avia-builder-el-no-sibling  avia-align-center '  itemprop=\"image\" itemscope=\"itemscope\" itemtype=\"https:\/\/schema.org\/ImageObject\"  ><div class='avia-image-container-inner'><div class='avia-image-overlay-wrap'><img decoding=\"async\" class='wp-image-30635 avia-img-lazy-loading-not-30635 avia_image' src=\"https:\/\/radiorevelacionfm.cl\/wp-content\/uploads\/2023\/05\/img_2560-1-1_optimized-1_optimized-1.jpg\" alt='' title='img_2560-(1)-(1)_optimized-(1)_optimized (1)' height=\"600\" width=\"900\"  itemprop=\"thumbnailUrl\" srcset=\"https:\/\/radiorevelacionfm.cl\/wp-content\/uploads\/2023\/05\/img_2560-1-1_optimized-1_optimized-1.jpg 900w, https:\/\/radiorevelacionfm.cl\/wp-content\/uploads\/2023\/05\/img_2560-1-1_optimized-1_optimized-1-300x200.jpg 300w, https:\/\/radiorevelacionfm.cl\/wp-content\/uploads\/2023\/05\/img_2560-1-1_optimized-1_optimized-1-768x512.jpg 768w, https:\/\/radiorevelacionfm.cl\/wp-content\/uploads\/2023\/05\/img_2560-1-1_optimized-1_optimized-1-705x470.jpg 705w, https:\/\/radiorevelacionfm.cl\/wp-content\/uploads\/2023\/05\/img_2560-1-1_optimized-1_optimized-1-450x300.jpg 450w, https:\/\/radiorevelacionfm.cl\/wp-content\/uploads\/2023\/05\/img_2560-1-1_optimized-1_optimized-1-600x400.jpg 600w\" sizes=\"(max-width: 900px) 100vw, 900px\" \/><\/div><\/div><\/div><\/div><div class=\"flex_column av_one_full  flex_column_div av-zero-column-padding first  avia-builder-el-2  el_after_av_one_full  el_before_av_one_full  column-top-margin\" style='border-radius:0px; '><section class=\"av_textblock_section \"  itemscope=\"itemscope\" itemtype=\"https:\/\/schema.org\/BlogPosting\" itemprop=\"blogPost\" ><div class='avia_textblock  '   itemprop=\"text\" ><p style=\"text-align: center;\"><strong><span style=\"font-size: 18pt;\">Extienden plazo para postular a l\u00edneas vigentes del Programa de Fomento y Diversificaci\u00f3n de la Pesca Artesanal<\/span><\/strong><\/p>\n<div id=\"gtx-trans\" style=\"position: absolute; left: -50px; top: 4.31534px;\">\n<div class=\"gtx-trans-icon\"><\/div>\n<\/div>\n<\/div><\/section><\/div><div class=\"flex_column av_one_full  flex_column_div av-zero-column-padding first  avia-builder-el-4  el_after_av_one_full  el_before_av_hr  column-top-margin\" style='border-radius:0px; '><section class=\"av_textblock_section \"  itemscope=\"itemscope\" itemtype=\"https:\/\/schema.org\/BlogPosting\" itemprop=\"blogPost\" ><div class='avia_textblock  '   itemprop=\"text\" ><p style=\"text-align: justify;\">El Gobierno Regional de Ays\u00e9n, en colaboraci\u00f3n con la Fundaci\u00f3n de Superaci\u00f3n de la Pobreza (Fusupo), anunciaron oficialmente la extensi\u00f3n del plazo para postular a las tres l\u00edneas de apoyo vigentes del Programa de Fomento y Diversificaci\u00f3n de la Pesca Artesanal. Originalmente, el plazo de postulaci\u00f3n terminaba el 5 de mayo, pero debido al gran \u00e9xito de la convocatoria en la comunidad pesquera, la convocatoria finalizar\u00e1 el viernes 19 de mayo.<\/p>\n<p style=\"text-align: justify;\">La iniciativa del Programa de Fomento y Diversificaci\u00f3n de la Pesca Artesanal ha recibido una respuesta masiva de la comunidad pesquera, lo que demuestra la necesidad y el inter\u00e9s en la promoci\u00f3n de la pesca artesanal en la regi\u00f3n. Por ende, la extensi\u00f3n del plazo de postulaci\u00f3n es una excelente oportunidad para quienes a\u00fan no han tenido la oportunidad de inscribirse.<\/p>\n<p style=\"text-align: justify;\">\u201cInvitamos a los pescadores y pescadoras de la Regi\u00f3n de Ays\u00e9n a postular al programa de apoyo a la pesca artesanal, que extendi\u00f3 su plazo hasta el 19 de mayo. Pueden inscribirse u obtener m\u00e1s informaci\u00f3n a trav\u00e9s de la plataforma o de las oficinas del programa en las localidades de Puerto Ays\u00e9n, Puerto Cisnes, Caleta Andrade o Melinka. As\u00ed, podemos contribuir en conjunto al desarrollo integral de las comunidades pesquero-artesanales de los sectores insulares y del\u00a0 litoral de nuestra regi\u00f3n\u201d, manifiesta la jefa de la Divisi\u00f3n de Fomento e Industria del Gobierno Regional, Yessica Lagos C\u00e1rdenas.<\/p>\n<p style=\"text-align: justify;\">Este programa consta de tres l\u00edneas de apoyo dise\u00f1adas y financiadas por el Gobierno Regional de Ays\u00e9n y ejecutadas por la Fundaci\u00f3n por la Superaci\u00f3n de la Pobreza. La L\u00ednea 1 financia la reparaci\u00f3n de embarcaciones y equipamiento para seguridad mar\u00edtima, incluyendo la adquisici\u00f3n de equipos como chalecos salvavidas, balsas, radio VHF y GPS. La L\u00ednea 2 se enfoca en la reposici\u00f3n de motores para embarcaciones artesanales, y la L\u00ednea 5 financia la renovaci\u00f3n de indumentaria para buzos mariscadores.<\/p>\n<p style=\"text-align: justify;\">Cristian Ortiz Molina, gestor territorial del programa, destaca la importancia de extender el plazo de postulaci\u00f3n, se\u00f1alando que \u201cha habido una gran disposici\u00f3n y una alta convocatoria para postular a las l\u00edneas que est\u00e1n disponibles actualmente. Sin embargo, en esta misma din\u00e1mica, fueron los mismos usuarios quienes levantaron la necesidad de darles m\u00e1s tiempo para el proceso de postulaci\u00f3n. Este hecho es excelente para nosotros, ya que demuestra que el programa de pesca est\u00e1 teniendo un gran impacto en el territorio y existe un inter\u00e9s significativo en el trabajo que estamos realizando con ellos\u201d.<\/p>\n<p style=\"text-align: justify;\">Las y los interesados en postular a las distintas l\u00edneas pueden acercarse a las oficinas de Fusupo, ubicadas en:<\/p>\n<ul style=\"text-align: justify;\">\n<li>Puerto Ays\u00e9n: calle Galvarino Riveros N\u00b0334.<\/li>\n<li>Puerto Cisnes: avenida Arturo Prat N\u00ba 835<\/li>\n<li>Caleta Andrade: calle Manuel Rodr\u00edguez N\u00ba 306<\/li>\n<li>Melinka: calle Felipe Whestoff S\/N.<\/li>\n<\/ul>\n<p style=\"text-align: justify;\">Por \u00faltimo, en la p\u00e1gina web https:\/\/pesca.goreaysen.gob.cl se encuentra habilitado un formulario online para recibir informaci\u00f3n sobre la serie de iniciativas para el fomento y promoci\u00f3n de la pesca artesanal en las comunas del litoral.<\/p>\n<\/div><\/section><\/div><div  style='height:50px' class='hr hr-invisible   avia-builder-el-6  el_after_av_one_full  el_before_av_social_share '><span class='hr-inner ' ><span class='hr-inner-style'><\/span><\/span><\/div><\/p>\n<div  class='av-social-sharing-box  avia-builder-el-7  el_after_av_hr  el_before_av_hr  '><div class='av-share-box'><h5 class='av-share-link-description av-no-toc '>Compartir esta noticia<\/h5><ul class='av-share-box-list noLightbox'><li class='av-share-link av-social-link-facebook' ><a target=\"_blank\" aria-label=\"Compartir en Facebook\" href='https:\/\/www.facebook.com\/sharer.php?u=https:\/\/radiorevelacionfm.cl\/?p=30634&#038;t=Extienden%20plazo%20para%20postular%20a%20l%C3%ADneas%20vigentes%20del%20Programa%20de%20Fomento%20y%20Diversificaci%C3%B3n%20de%20la%20Pesca%20Artesanal' aria-hidden='false' data-av_icon='\ue8f3' data-av_iconfont='entypo-fontello' title='' data-avia-related-tooltip='Compartir en Facebook' rel=\"noopener\"><span class='avia_hidden_link_text'>Compartir en Facebook<\/span><\/a><\/li><li class='av-share-link av-social-link-twitter' ><a target=\"_blank\" aria-label=\"Compartir en Twitter\" href='https:\/\/twitter.com\/share?text=Extienden%20plazo%20para%20postular%20a%20l%C3%ADneas%20vigentes%20del%20Programa%20de%20Fomento%20y%20Diversificaci%C3%B3n%20de%20la%20Pesca%20Artesanal&#038;url=https:\/\/radiorevelacionfm.cl\/?p=30634' aria-hidden='false' data-av_icon='\ue8f1' data-av_iconfont='entypo-fontello' title='' data-avia-related-tooltip='Compartir en Twitter' rel=\"noopener\"><span class='avia_hidden_link_text'>Compartir en Twitter<\/span><\/a><\/li><li class='av-share-link av-social-link-whatsapp' ><a target=\"_blank\" aria-label=\"Compartir en Whatsapp\" href='https:\/\/api.whatsapp.com\/send?text=https:\/\/radiorevelacionfm.cl\/?p=30634' aria-hidden='false' data-av_icon='\uf232' data-av_iconfont='entypo-fontello' title='' data-avia-related-tooltip='Compartir en Whatsapp' rel=\"noopener\"><span class='avia_hidden_link_text'>Compartir en Whatsapp<\/span><\/a><\/li><li class='av-share-link av-social-link-linkedin' ><a target=\"_blank\" aria-label=\"Compartir en LinkedIn\" href='https:\/\/linkedin.com\/shareArticle?mini=true&#038;title=Extienden%20plazo%20para%20postular%20a%20l%C3%ADneas%20vigentes%20del%20Programa%20de%20Fomento%20y%20Diversificaci%C3%B3n%20de%20la%20Pesca%20Artesanal&#038;url=https:\/\/radiorevelacionfm.cl\/?p=30634' aria-hidden='false' data-av_icon='\ue8fc' data-av_iconfont='entypo-fontello' title='' data-avia-related-tooltip='Compartir en LinkedIn' rel=\"noopener\"><span class='avia_hidden_link_text'>Compartir en LinkedIn<\/span><\/a><\/li><li class='av-share-link av-social-link-mail' ><a  aria-label=\"Compartir por correo\" href='mailto:?subject=Extienden%20plazo%20para%20postular%20a%20l%C3%ADneas%20vigentes%20del%20Programa%20de%20Fomento%20y%20Diversificaci%C3%B3n%20de%20la%20Pesca%20Artesanal&#038;body=https:\/\/radiorevelacionfm.cl\/?p=30634' aria-hidden='false' data-av_icon='\ue805' data-av_iconfont='entypo-fontello' title='' data-avia-related-tooltip='Compartir por correo'><span class='avia_hidden_link_text'>Compartir por correo<\/span><\/a><\/li><\/ul><\/div><\/div>\n<div  style='height:50px' class='hr hr-invisible   avia-builder-el-8  el_after_av_social_share  el_before_av_comments_list '><span class='hr-inner ' ><span class='hr-inner-style'><\/span><\/span><\/div>\n<div  class='av-buildercomment  av-blog-meta-html-info-disabled av-blog-meta-tag-disabled  '><\/div>\n","protected":false},"excerpt":{"rendered":"","protected":false},"author":1,"featured_media":30635,"comment_status":"open","ping_status":"open","sticky":false,"template":"","format":"standard","meta":{"footnotes":""},"categories":[60],"tags":[],"class_list":["post-30634","post","type-post","status-publish","format-standard","has-post-thumbnail","hentry","category-pesca"],"jetpack_featured_media_url":"https:\/\/radiorevelacionfm.cl\/wp-content\/uploads\/2023\/05\/img_2560-1-1_optimized-1_optimized-1.jpg","_links":{"self":[{"href":"https:\/\/radiorevelacionfm.cl\/index.php?rest_route=\/wp\/v2\/posts\/30634","targetHints":{"allow":["GET"]}}],"collection":[{"href":"https:\/\/radiorevelacionfm.cl\/index.php?rest_route=\/wp\/v2\/posts"}],"about":[{"href":"https:\/\/radiorevelacionfm.cl\/index.php?rest_route=\/wp\/v2\/types\/post"}],"author":[{"embeddable":true,"href":"https:\/\/radiorevelacionfm.cl\/index.php?rest_route=\/wp\/v2\/users\/1"}],"replies":[{"embeddable":true,"href":"https:\/\/radiorevelacionfm.cl\/index.php?rest_route=%2Fwp%2Fv2%2Fcomments&post=30634"}],"version-history":[{"count":1,"href":"https:\/\/radiorevelacionfm.cl\/index.php?rest_route=\/wp\/v2\/posts\/30634\/revisions"}],"predecessor-version":[{"id":30636,"href":"https:\/\/radiorevelacionfm.cl\/index.php?rest_route=\/wp\/v2\/posts\/30634\/revisions\/30636"}],"wp:featuredmedia":[{"embeddable":true,"href":"https:\/\/radiorevelacionfm.cl\/index.php?rest_route=\/wp\/v2\/media\/30635"}],"wp:attachment":[{"href":"https:\/\/radiorevelacionfm.cl\/index.php?rest_route=%2Fwp%2Fv2%2Fmedia&parent=30634"}],"wp:term":[{"taxonomy":"category","embeddable":true,"href":"https:\/\/radiorevelacionfm.cl\/index.php?rest_route=%2Fwp%2Fv2%2Fcategories&post=30634"},{"taxonomy":"post_tag","embeddable":true,"href":"https:\/\/radiorevelacionfm.cl\/index.php?rest_route=%2Fwp%2Fv2%2Ftags&post=30634"}],"curies":[{"name":"wp","href":"https:\/\/api.w.org\/{rel}","templated":true}]}}