{"id":30630,"date":"2023-05-02T16:47:34","date_gmt":"2023-05-02T19:47:34","guid":{"rendered":"https:\/\/radiorevelacionfm.cl\/?p=30630"},"modified":"2023-05-02T16:47:34","modified_gmt":"2023-05-02T19:47:34","slug":"gobierno-comienza-a-pagar-beneficio-bolsillo-familiar-electronico","status":"publish","type":"post","link":"https:\/\/radiorevelacionfm.cl\/?p=30630","title":{"rendered":"Gobierno comienza a pagar beneficio Bolsillo Familiar Electr\u00f3nico"},"content":{"rendered":"<div class=\"flex_column av_one_full  flex_column_div av-zero-column-padding first  avia-builder-el-0  el_before_av_one_full  avia-builder-el-first  \" style='border-radius:0px; '><div  class='avia-image-container  av-styling-    avia-builder-el-1  avia-builder-el-no-sibling  avia-align-center '  itemprop=\"image\" itemscope=\"itemscope\" itemtype=\"https:\/\/schema.org\/ImageObject\"  ><div class='avia-image-container-inner'><div class='avia-image-overlay-wrap'><img decoding=\"async\" class='wp-image-30632 avia-img-lazy-loading-not-30632 avia_image' src=\"https:\/\/radiorevelacionfm.cl\/wp-content\/uploads\/2023\/05\/Grafica-1-1.jpg\" alt='' title='Gr\u00e1fica (1) (1)' height=\"600\" width=\"595\"  itemprop=\"thumbnailUrl\" srcset=\"https:\/\/radiorevelacionfm.cl\/wp-content\/uploads\/2023\/05\/Grafica-1-1.jpg 595w, https:\/\/radiorevelacionfm.cl\/wp-content\/uploads\/2023\/05\/Grafica-1-1-298x300.jpg 298w, https:\/\/radiorevelacionfm.cl\/wp-content\/uploads\/2023\/05\/Grafica-1-1-80x80.jpg 80w, https:\/\/radiorevelacionfm.cl\/wp-content\/uploads\/2023\/05\/Grafica-1-1-36x36.jpg 36w, https:\/\/radiorevelacionfm.cl\/wp-content\/uploads\/2023\/05\/Grafica-1-1-120x120.jpg 120w, https:\/\/radiorevelacionfm.cl\/wp-content\/uploads\/2023\/05\/Grafica-1-1-450x454.jpg 450w, https:\/\/radiorevelacionfm.cl\/wp-content\/uploads\/2023\/05\/Grafica-1-1-100x100.jpg 100w\" sizes=\"(max-width: 595px) 100vw, 595px\" \/><\/div><\/div><\/div><\/div><div class=\"flex_column av_one_full  flex_column_div av-zero-column-padding first  avia-builder-el-2  el_after_av_one_full  el_before_av_one_full  column-top-margin\" style='border-radius:0px; '><section class=\"av_textblock_section \"  itemscope=\"itemscope\" itemtype=\"https:\/\/schema.org\/BlogPosting\" itemprop=\"blogPost\" ><div class='avia_textblock  '   itemprop=\"text\" ><p style=\"text-align: center;\"><strong><span style=\"font-size: 18pt;\">Gobierno comienza a pagar beneficio Bolsillo Familiar Electr\u00f3nico<\/span><\/strong><\/p>\n<div id=\"gtx-trans\" style=\"position: absolute; left: -50px; top: 4.31534px;\">\n<div class=\"gtx-trans-icon\"><\/div>\n<\/div>\n<\/div><\/section><\/div><div class=\"flex_column av_one_full  flex_column_div av-zero-column-padding first  avia-builder-el-4  el_after_av_one_full  el_before_av_hr  column-top-margin\" style='border-radius:0px; '><section class=\"av_textblock_section \"  itemscope=\"itemscope\" itemtype=\"https:\/\/schema.org\/BlogPosting\" itemprop=\"blogPost\" ><div class='avia_textblock  '   itemprop=\"text\" ><p style=\"text-align: justify;\">A partir de este 1\u00b0 de mayo, D\u00eda Internacional del Trabajador y la Trabajadora, comenz\u00f3 a operar la innovadora medida econ\u00f3mica en favor de las familias m\u00e1s vulnerables y de clase media: Bolsillo Familiar Electr\u00f3nico. La iniciativa, promulgada a fines de marzo por el Presidente Gabriel Boric busca aliviar el bolsillo de chilenos y chilenas, a trav\u00e9s del dep\u00f3sito de $13.500 por carga familiar lo cual se traducir\u00e1 en un descuento de un 20% en las compras de productos del rubro de alimentos siempre y cuando cuenten con el m\u00e9todo de pago electr\u00f3nico a trav\u00e9s de una tarjeta.<\/p>\n<p style=\"text-align: justify;\">Karina Acevedo Auad, Seremi de Desarrollo Social y Familia en Ays\u00e9n, explic\u00f3 que esta medida est\u00e1 asociada al pago de un aporte de $13.500 en la tarjeta Cuenta Rut, sin costo adicional de mantenci\u00f3n o transacci\u00f3n, por lo que las personas que no tengan activada esa cuenta deben acercarse a las sucursales Banco Estado. \u201cCon esta medida, que parti\u00f3 el 1\u00b0 de mayo y que durar\u00e1 hasta el mes de diciembre, se da cumplimiento al compromiso del Presidente Gabriel Boric de generar pol\u00edticas e instrumentos que contribuyan a la Seguridad Econ\u00f3mica de los y las trabajadoras de todo Chile. Entendemos que la compra de alimentos es uno de los principales gastos de los y las chilenas, este bolsillo familiar electr\u00f3nico va orientado a poder generar una disminuci\u00f3n a esa carga econ\u00f3mica\u201d.<\/p>\n<p style=\"text-align: justify;\">El Bolsillo Familiar Electr\u00f3nico permitir\u00e1 cubrir hasta un 20% del valor de las compras en almacenes, supermercados, ferias y otros establecimientos del rubro alimenticio que puedan ser pagadas con tarjeta de la Cuenta Rut de Banco Estado y el beneficiario acceder\u00e1 al Bolsillo a trav\u00e9s de una aplicaci\u00f3n o p\u00e1gina web del banco, donde podr\u00e1 elegir cu\u00e1ndo utilizarlo, si quiere aplicarlo como descuento de hasta un 20% de la compra, o usarlo completamente sin tope.<\/p>\n<p style=\"text-align: justify;\">Por su parte, el Seremi del Trabajo y Previsi\u00f3n Social, Rodrigo D\u00edaz, afirm\u00f3 sobre el tema \u201ca comienzos de a\u00f1o impulsamos medidas para la seguridad econ\u00f3mica para ir en directa ayuda de los hogares m\u00e1s vulnerables. Una de ellas es el Bolsillo Familiar Electr\u00f3nico, pol\u00edtica p\u00fablica que hoy d\u00eda inicia su implementaci\u00f3n, que es un instrumento pensado justamente para complementar el presupuesto familiar, un apoyo directo para la compra de alimentos. Esta medida se complementa, adem\u00e1s, con el incremento extraordinario que hicimos al Aporte Familiar Permanente, la extensi\u00f3n del IFE Laboral y Subsidio Protege, entre otras\u201d.<\/p>\n<p style=\"text-align: justify;\">Finalmente la autoridad a\u00f1adi\u00f3 sobre el pago, que \u201cde acuerdo con esta Ley, se entregar\u00e1 mensualmente entre el 1\u00b0 de mayo y hasta el 31 de diciembre de 2023 a trav\u00e9s de Instituto de Previsi\u00f3n Social, IPS ChileAtiende. Les pedimos que ante consultas y para saber si son beneficiarios, puedan ingresar a los sitios <a href=\"http:\/\/www.bolsilloelectronico.cl\">www.bolsilloelectronico.cl<\/a> o <a href=\"http:\/\/www.chileatiende.cl\">www.chileatiende.cl<\/a>. Tambi\u00e9n pueden llamar al tel\u00e9fono 101 o acercarse a las cinco sucursales de ChileAtiende de nuestra Regi\u00f3n de Ays\u00e9n\u201d, sostuvo\u00a0D\u00edaz\u00a0Cordaro.<\/p>\n<\/div><\/section><\/div><div  style='height:50px' class='hr hr-invisible   avia-builder-el-6  el_after_av_one_full  el_before_av_social_share '><span class='hr-inner ' ><span class='hr-inner-style'><\/span><\/span><\/div><\/p>\n<div  class='av-social-sharing-box  avia-builder-el-7  el_after_av_hr  el_before_av_hr  '><div class='av-share-box'><h5 class='av-share-link-description av-no-toc '>Compartir esta noticia<\/h5><ul class='av-share-box-list noLightbox'><li class='av-share-link av-social-link-facebook' ><a target=\"_blank\" aria-label=\"Compartir en Facebook\" href='https:\/\/www.facebook.com\/sharer.php?u=https:\/\/radiorevelacionfm.cl\/?p=30630&#038;t=Gobierno%20comienza%20a%20pagar%20beneficio%20Bolsillo%20Familiar%20Electr%C3%B3nico' aria-hidden='false' data-av_icon='\ue8f3' data-av_iconfont='entypo-fontello' title='' data-avia-related-tooltip='Compartir en Facebook' rel=\"noopener\"><span class='avia_hidden_link_text'>Compartir en Facebook<\/span><\/a><\/li><li class='av-share-link av-social-link-twitter' ><a target=\"_blank\" aria-label=\"Compartir en Twitter\" href='https:\/\/twitter.com\/share?text=Gobierno%20comienza%20a%20pagar%20beneficio%20Bolsillo%20Familiar%20Electr%C3%B3nico&#038;url=https:\/\/radiorevelacionfm.cl\/?p=30630' aria-hidden='false' data-av_icon='\ue8f1' data-av_iconfont='entypo-fontello' title='' data-avia-related-tooltip='Compartir en Twitter' rel=\"noopener\"><span class='avia_hidden_link_text'>Compartir en Twitter<\/span><\/a><\/li><li class='av-share-link av-social-link-whatsapp' ><a target=\"_blank\" aria-label=\"Compartir en Whatsapp\" href='https:\/\/api.whatsapp.com\/send?text=https:\/\/radiorevelacionfm.cl\/?p=30630' aria-hidden='false' data-av_icon='\uf232' data-av_iconfont='entypo-fontello' title='' data-avia-related-tooltip='Compartir en Whatsapp' rel=\"noopener\"><span class='avia_hidden_link_text'>Compartir en Whatsapp<\/span><\/a><\/li><li class='av-share-link av-social-link-linkedin' ><a target=\"_blank\" aria-label=\"Compartir en LinkedIn\" href='https:\/\/linkedin.com\/shareArticle?mini=true&#038;title=Gobierno%20comienza%20a%20pagar%20beneficio%20Bolsillo%20Familiar%20Electr%C3%B3nico&#038;url=https:\/\/radiorevelacionfm.cl\/?p=30630' aria-hidden='false' data-av_icon='\ue8fc' data-av_iconfont='entypo-fontello' title='' data-avia-related-tooltip='Compartir en LinkedIn' rel=\"noopener\"><span class='avia_hidden_link_text'>Compartir en LinkedIn<\/span><\/a><\/li><li class='av-share-link av-social-link-mail' ><a  aria-label=\"Compartir por correo\" href='mailto:?subject=Gobierno%20comienza%20a%20pagar%20beneficio%20Bolsillo%20Familiar%20Electr%C3%B3nico&#038;body=https:\/\/radiorevelacionfm.cl\/?p=30630' aria-hidden='false' data-av_icon='\ue805' data-av_iconfont='entypo-fontello' title='' data-avia-related-tooltip='Compartir por correo'><span class='avia_hidden_link_text'>Compartir por correo<\/span><\/a><\/li><\/ul><\/div><\/div>\n<div  style='height:50px' class='hr hr-invisible   avia-builder-el-8  el_after_av_social_share  el_before_av_comments_list '><span class='hr-inner ' ><span class='hr-inner-style'><\/span><\/span><\/div>\n<div  class='av-buildercomment  av-blog-meta-html-info-disabled av-blog-meta-tag-disabled  '><\/div>\n","protected":false},"excerpt":{"rendered":"","protected":false},"author":1,"featured_media":30631,"comment_status":"open","ping_status":"open","sticky":false,"template":"","format":"standard","meta":{"footnotes":""},"categories":[38],"tags":[],"class_list":["post-30630","post","type-post","status-publish","format-standard","has-post-thumbnail","hentry","category-regional"],"jetpack_featured_media_url":"https:\/\/radiorevelacionfm.cl\/wp-content\/uploads\/2023\/05\/Grafica2-1-1.jpg","_links":{"self":[{"href":"https:\/\/radiorevelacionfm.cl\/index.php?rest_route=\/wp\/v2\/posts\/30630","targetHints":{"allow":["GET"]}}],"collection":[{"href":"https:\/\/radiorevelacionfm.cl\/index.php?rest_route=\/wp\/v2\/posts"}],"about":[{"href":"https:\/\/radiorevelacionfm.cl\/index.php?rest_route=\/wp\/v2\/types\/post"}],"author":[{"embeddable":true,"href":"https:\/\/radiorevelacionfm.cl\/index.php?rest_route=\/wp\/v2\/users\/1"}],"replies":[{"embeddable":true,"href":"https:\/\/radiorevelacionfm.cl\/index.php?rest_route=%2Fwp%2Fv2%2Fcomments&post=30630"}],"version-history":[{"count":1,"href":"https:\/\/radiorevelacionfm.cl\/index.php?rest_route=\/wp\/v2\/posts\/30630\/revisions"}],"predecessor-version":[{"id":30633,"href":"https:\/\/radiorevelacionfm.cl\/index.php?rest_route=\/wp\/v2\/posts\/30630\/revisions\/30633"}],"wp:featuredmedia":[{"embeddable":true,"href":"https:\/\/radiorevelacionfm.cl\/index.php?rest_route=\/wp\/v2\/media\/30631"}],"wp:attachment":[{"href":"https:\/\/radiorevelacionfm.cl\/index.php?rest_route=%2Fwp%2Fv2%2Fmedia&parent=30630"}],"wp:term":[{"taxonomy":"category","embeddable":true,"href":"https:\/\/radiorevelacionfm.cl\/index.php?rest_route=%2Fwp%2Fv2%2Fcategories&post=30630"},{"taxonomy":"post_tag","embeddable":true,"href":"https:\/\/radiorevelacionfm.cl\/index.php?rest_route=%2Fwp%2Fv2%2Ftags&post=30630"}],"curies":[{"name":"wp","href":"https:\/\/api.w.org\/{rel}","templated":true}]}}