{"id":30608,"date":"2023-04-29T22:04:06","date_gmt":"2023-04-30T01:04:06","guid":{"rendered":"https:\/\/radiorevelacionfm.cl\/?p=30608"},"modified":"2023-04-29T22:04:06","modified_gmt":"2023-04-30T01:04:06","slug":"lanzan-programa-de-prevencion-en-violencia-contra-las-mujeres-en-comuna-de-aysen","status":"publish","type":"post","link":"https:\/\/radiorevelacionfm.cl\/?p=30608","title":{"rendered":"Lanzan programa de Prevenci\u00f3n en Violencia contra las Mujeres en comuna de Ays\u00e9n"},"content":{"rendered":"<div class=\"flex_column av_one_full  flex_column_div av-zero-column-padding first  avia-builder-el-0  el_before_av_one_full  avia-builder-el-first  \" style='border-radius:0px; '><div  class='avia-image-container  av-styling-    avia-builder-el-1  avia-builder-el-no-sibling  avia-align-center '  itemprop=\"image\" itemscope=\"itemscope\" itemtype=\"https:\/\/schema.org\/ImageObject\"  ><div class='avia-image-container-inner'><div class='avia-image-overlay-wrap'><img decoding=\"async\" class='wp-image-30609 avia-img-lazy-loading-not-30609 avia_image' src=\"https:\/\/radiorevelacionfm.cl\/wp-content\/uploads\/2023\/04\/dsc_0071-1_optimized.jpg\" alt='' title='dsc_0071-(1)_optimized' height=\"600\" width=\"1280\"  itemprop=\"thumbnailUrl\" srcset=\"https:\/\/radiorevelacionfm.cl\/wp-content\/uploads\/2023\/04\/dsc_0071-1_optimized.jpg 1280w, https:\/\/radiorevelacionfm.cl\/wp-content\/uploads\/2023\/04\/dsc_0071-1_optimized-300x141.jpg 300w, https:\/\/radiorevelacionfm.cl\/wp-content\/uploads\/2023\/04\/dsc_0071-1_optimized-1030x483.jpg 1030w, https:\/\/radiorevelacionfm.cl\/wp-content\/uploads\/2023\/04\/dsc_0071-1_optimized-768x360.jpg 768w, https:\/\/radiorevelacionfm.cl\/wp-content\/uploads\/2023\/04\/dsc_0071-1_optimized-705x330.jpg 705w, https:\/\/radiorevelacionfm.cl\/wp-content\/uploads\/2023\/04\/dsc_0071-1_optimized-450x211.jpg 450w, https:\/\/radiorevelacionfm.cl\/wp-content\/uploads\/2023\/04\/dsc_0071-1_optimized-600x281.jpg 600w\" sizes=\"(max-width: 1280px) 100vw, 1280px\" \/><\/div><\/div><\/div><\/div><div class=\"flex_column av_one_full  flex_column_div av-zero-column-padding first  avia-builder-el-2  el_after_av_one_full  el_before_av_one_full  column-top-margin\" style='border-radius:0px; '><section class=\"av_textblock_section \"  itemscope=\"itemscope\" itemtype=\"https:\/\/schema.org\/BlogPosting\" itemprop=\"blogPost\" ><div class='avia_textblock  '   itemprop=\"text\" ><p style=\"text-align: center;\"><strong><span style=\"font-size: 18pt;\">Lanzan programa de Prevenci\u00f3n en Violencia contra las Mujeres en comuna de Ays\u00e9n<\/span><\/strong><\/p>\n<div id=\"gtx-trans\" style=\"position: absolute; left: -50px; top: 4.31534px;\">\n<div class=\"gtx-trans-icon\"><\/div>\n<\/div>\n<\/div><\/section><\/div><div class=\"flex_column av_one_full  flex_column_div av-zero-column-padding first  avia-builder-el-4  el_after_av_one_full  el_before_av_hr  column-top-margin\" style='border-radius:0px; '><section class=\"av_textblock_section \"  itemscope=\"itemscope\" itemtype=\"https:\/\/schema.org\/BlogPosting\" itemprop=\"blogPost\" ><div class='avia_textblock  '   itemprop=\"text\" ><p style=\"text-align: justify;\">Con la presencia de la Ministra de la Mujer y la Equidad de G\u00e9nero, Antonia Orellana Guarello, se realiz\u00f3 en el Colegio Kalem de Puerto Ays\u00e9n, el lanzamiento a\u00f1o 2023 del programa de Prevenci\u00f3n en Violencia contra las Mujeres. Modelo program\u00e1tico del Servicio Nacional de la Mujer y la Equidad de G\u00e9nero, SernamEG, que se ejecuta en convenio con la Municipalidad de Ays\u00e9n. Su objetivo es anteponerse de forma temprana a la discriminaci\u00f3n y violencia de g\u00e9nero en los distintos contextos en que se ejerce, a trav\u00e9s de procesos socioeducativos que entregan herramientas de aprendizaje a las personas j\u00f3venes y quienes se vinculan con este grupo etario.<\/p>\n<p style=\"text-align: justify;\">Durante la ceremonia se realizaron puntos art\u00edsticos de la comunidad educativa y se exhibieron piezas audiovisuales del trabajo de la intervenci\u00f3n program\u00e1tica y de la campa\u00f1a de prevenci\u00f3n de la violencia contra las mujeres 2022, que impulsa el Ministerio de la Mujer y la Equidad de G\u00e9nero, bajo el eslogan \u201cS\u00ed es mi problema\u201d.<\/p>\n<p style=\"text-align: justify;\">Junto con relevar la importancia del compromiso de todas las personas en la erradicaci\u00f3n de la violencia de g\u00e9nero, la Ministra Orellana Guarello, sostuvo que \u201ccomo Ministerio nuestro primer compromiso es lograr que la Ley Integral de Violencia, entre otras materias, les proteja a ustedes, a las ni\u00f1as y ni\u00f1os menores de 18 a\u00f1os. Creemos que es un paso fundamental el acompa\u00f1amiento de las comunidades para poder erradicar la violencia, as\u00ed que estamos cambiando la Ley y tambi\u00e9n trabajando con ustedes a trav\u00e9s de los colegios y de las campa\u00f1as. Finalmente, le agradecemos al Alcalde por tener el programa con SernamEG desde el a\u00f1o 2015, lo que posibilita que estemos presentes en la comuna de Ays\u00e9n\u00bb.<\/p>\n<p style=\"text-align: justify;\">Por su parte, el Alcalde de Ays\u00e9n, Luis Uribe Alvarado, dijo: \u00aben el trabajo que ha realizado este Programa a trav\u00e9s de Leslie Bruna ha sido un pilar fundamental para el Municipio en el abordaje de estos temas que son tan importantes. Nosotros como administraci\u00f3n municipal hemos querido hacer un esfuerzo siempre en coordinaci\u00f3n con SernamEG, as\u00ed que estamos muy contentos y continuaremos colaborando en todo lo que podamos\u00bb.<\/p>\n<p style=\"text-align: justify;\">En tanto, la Directora del Colegio Kalem, Marcela Jaramillo Mora, destac\u00f3 el impacto del modelo program\u00e1tico, indicando que \u00aba trav\u00e9s de estos espacios ustedes nos entregan las herramientas para poder abordar de una manera adecuada las diferentes situaciones de violencia que se puedan suscitar. Queremos agradecer la visita de nuestra Ministra y haber sido elegidos para el lanzamiento que es tan relevante para nuestra comunidad educativa\u00bb.<\/p>\n<p style=\"text-align: justify;\">El a\u00f1o 2022 el programa de Prevenci\u00f3n en Violencia contra las Mujeres, que se ejecuta en la comuna de Ays\u00e9n v\u00eda convenio con la Municipalidad de Ays\u00e9n, capacit\u00f3 a 204 personas entre monitoras\/es comunitarias\/os y agentes preventivos; asimismo, otras 296 participaron en talleres de sensibilizaci\u00f3n.<\/p>\n<p style=\"text-align: justify;\">La oferta disponible del Programa para el grupo etario, correspondiente a j\u00f3venes entre 14 y 29 a\u00f1os, consiste en talleres de sensibilizaciones\/conversatorios cuya duraci\u00f3n es de 2 a 6 horas. Otra opci\u00f3n son las capacitaciones para la formaci\u00f3n como Monitoras\/es Juveniles con 12 horas pedag\u00f3gicas. En ambas instancias, se abordan temas espec\u00edficos para la prevenci\u00f3n en violencia de g\u00e9nero.<\/p>\n<\/div><\/section><\/div><div  style='height:50px' class='hr hr-invisible   avia-builder-el-6  el_after_av_one_full  el_before_av_social_share '><span class='hr-inner ' ><span class='hr-inner-style'><\/span><\/span><\/div><\/p>\n<div  class='av-social-sharing-box  avia-builder-el-7  el_after_av_hr  el_before_av_hr  '><div class='av-share-box'><h5 class='av-share-link-description av-no-toc '>Compartir esta noticia<\/h5><ul class='av-share-box-list noLightbox'><li class='av-share-link av-social-link-facebook' ><a target=\"_blank\" aria-label=\"Compartir en Facebook\" href='https:\/\/www.facebook.com\/sharer.php?u=https:\/\/radiorevelacionfm.cl\/?p=30608&#038;t=Lanzan%20programa%20de%20Prevenci%C3%B3n%20en%20Violencia%20contra%20las%20Mujeres%20en%20comuna%20de%20Ays%C3%A9n' aria-hidden='false' data-av_icon='\ue8f3' data-av_iconfont='entypo-fontello' title='' data-avia-related-tooltip='Compartir en Facebook' rel=\"noopener\"><span class='avia_hidden_link_text'>Compartir en Facebook<\/span><\/a><\/li><li class='av-share-link av-social-link-twitter' ><a target=\"_blank\" aria-label=\"Compartir en Twitter\" href='https:\/\/twitter.com\/share?text=Lanzan%20programa%20de%20Prevenci%C3%B3n%20en%20Violencia%20contra%20las%20Mujeres%20en%20comuna%20de%20Ays%C3%A9n&#038;url=https:\/\/radiorevelacionfm.cl\/?p=30608' aria-hidden='false' data-av_icon='\ue8f1' data-av_iconfont='entypo-fontello' title='' data-avia-related-tooltip='Compartir en Twitter' rel=\"noopener\"><span class='avia_hidden_link_text'>Compartir en Twitter<\/span><\/a><\/li><li class='av-share-link av-social-link-whatsapp' ><a target=\"_blank\" aria-label=\"Compartir en Whatsapp\" href='https:\/\/api.whatsapp.com\/send?text=https:\/\/radiorevelacionfm.cl\/?p=30608' aria-hidden='false' data-av_icon='\uf232' data-av_iconfont='entypo-fontello' title='' data-avia-related-tooltip='Compartir en Whatsapp' rel=\"noopener\"><span class='avia_hidden_link_text'>Compartir en Whatsapp<\/span><\/a><\/li><li class='av-share-link av-social-link-linkedin' ><a target=\"_blank\" aria-label=\"Compartir en LinkedIn\" href='https:\/\/linkedin.com\/shareArticle?mini=true&#038;title=Lanzan%20programa%20de%20Prevenci%C3%B3n%20en%20Violencia%20contra%20las%20Mujeres%20en%20comuna%20de%20Ays%C3%A9n&#038;url=https:\/\/radiorevelacionfm.cl\/?p=30608' aria-hidden='false' data-av_icon='\ue8fc' data-av_iconfont='entypo-fontello' title='' data-avia-related-tooltip='Compartir en LinkedIn' rel=\"noopener\"><span class='avia_hidden_link_text'>Compartir en LinkedIn<\/span><\/a><\/li><li class='av-share-link av-social-link-mail' ><a  aria-label=\"Compartir por correo\" href='mailto:?subject=Lanzan%20programa%20de%20Prevenci%C3%B3n%20en%20Violencia%20contra%20las%20Mujeres%20en%20comuna%20de%20Ays%C3%A9n&#038;body=https:\/\/radiorevelacionfm.cl\/?p=30608' aria-hidden='false' data-av_icon='\ue805' data-av_iconfont='entypo-fontello' title='' data-avia-related-tooltip='Compartir por correo'><span class='avia_hidden_link_text'>Compartir por correo<\/span><\/a><\/li><\/ul><\/div><\/div>\n<div  style='height:50px' class='hr hr-invisible   avia-builder-el-8  el_after_av_social_share  el_before_av_comments_list '><span class='hr-inner ' ><span class='hr-inner-style'><\/span><\/span><\/div>\n<div  class='av-buildercomment  av-blog-meta-html-info-disabled av-blog-meta-tag-disabled  '><\/div>\n","protected":false},"excerpt":{"rendered":"","protected":false},"author":1,"featured_media":30609,"comment_status":"open","ping_status":"open","sticky":false,"template":"","format":"standard","meta":{"footnotes":""},"categories":[38],"tags":[],"class_list":["post-30608","post","type-post","status-publish","format-standard","has-post-thumbnail","hentry","category-regional"],"jetpack_featured_media_url":"https:\/\/radiorevelacionfm.cl\/wp-content\/uploads\/2023\/04\/dsc_0071-1_optimized.jpg","_links":{"self":[{"href":"https:\/\/radiorevelacionfm.cl\/index.php?rest_route=\/wp\/v2\/posts\/30608","targetHints":{"allow":["GET"]}}],"collection":[{"href":"https:\/\/radiorevelacionfm.cl\/index.php?rest_route=\/wp\/v2\/posts"}],"about":[{"href":"https:\/\/radiorevelacionfm.cl\/index.php?rest_route=\/wp\/v2\/types\/post"}],"author":[{"embeddable":true,"href":"https:\/\/radiorevelacionfm.cl\/index.php?rest_route=\/wp\/v2\/users\/1"}],"replies":[{"embeddable":true,"href":"https:\/\/radiorevelacionfm.cl\/index.php?rest_route=%2Fwp%2Fv2%2Fcomments&post=30608"}],"version-history":[{"count":1,"href":"https:\/\/radiorevelacionfm.cl\/index.php?rest_route=\/wp\/v2\/posts\/30608\/revisions"}],"predecessor-version":[{"id":30610,"href":"https:\/\/radiorevelacionfm.cl\/index.php?rest_route=\/wp\/v2\/posts\/30608\/revisions\/30610"}],"wp:featuredmedia":[{"embeddable":true,"href":"https:\/\/radiorevelacionfm.cl\/index.php?rest_route=\/wp\/v2\/media\/30609"}],"wp:attachment":[{"href":"https:\/\/radiorevelacionfm.cl\/index.php?rest_route=%2Fwp%2Fv2%2Fmedia&parent=30608"}],"wp:term":[{"taxonomy":"category","embeddable":true,"href":"https:\/\/radiorevelacionfm.cl\/index.php?rest_route=%2Fwp%2Fv2%2Fcategories&post=30608"},{"taxonomy":"post_tag","embeddable":true,"href":"https:\/\/radiorevelacionfm.cl\/index.php?rest_route=%2Fwp%2Fv2%2Ftags&post=30608"}],"curies":[{"name":"wp","href":"https:\/\/api.w.org\/{rel}","templated":true}]}}