{"id":30604,"date":"2023-04-29T13:18:03","date_gmt":"2023-04-29T16:18:03","guid":{"rendered":"https:\/\/radiorevelacionfm.cl\/?p=30604"},"modified":"2023-04-29T13:26:48","modified_gmt":"2023-04-29T16:26:48","slug":"doce-sindicatos-de-pescadores-artesanales-de-guaitecas-firman-acuerdo-tras-varios-dias-de-movilizaciones","status":"publish","type":"post","link":"https:\/\/radiorevelacionfm.cl\/?p=30604","title":{"rendered":"Doce sindicatos de pescadores artesanales de Guaitecas firman acuerdo tras varios d\u00edas de movilizaciones"},"content":{"rendered":"<div class=\"flex_column av_one_full  flex_column_div av-zero-column-padding first  avia-builder-el-0  el_before_av_one_full  avia-builder-el-first  \" style='border-radius:0px; '><div  class='avia-image-container  av-styling-    avia-builder-el-1  avia-builder-el-no-sibling  avia-align-center '  itemprop=\"image\" itemscope=\"itemscope\" itemtype=\"https:\/\/schema.org\/ImageObject\"  ><div class='avia-image-container-inner'><div class='avia-image-overlay-wrap'><img decoding=\"async\" class='wp-image-30605 avia-img-lazy-loading-not-30605 avia_image' src=\"https:\/\/radiorevelacionfm.cl\/wp-content\/uploads\/2023\/04\/img-20230429-wa0000-1_optimized.jpg\" alt='' title='img-20230429-wa0000-(1)_optimized' height=\"600\" width=\"800\"  itemprop=\"thumbnailUrl\" srcset=\"https:\/\/radiorevelacionfm.cl\/wp-content\/uploads\/2023\/04\/img-20230429-wa0000-1_optimized.jpg 800w, https:\/\/radiorevelacionfm.cl\/wp-content\/uploads\/2023\/04\/img-20230429-wa0000-1_optimized-300x225.jpg 300w, https:\/\/radiorevelacionfm.cl\/wp-content\/uploads\/2023\/04\/img-20230429-wa0000-1_optimized-768x576.jpg 768w, https:\/\/radiorevelacionfm.cl\/wp-content\/uploads\/2023\/04\/img-20230429-wa0000-1_optimized-705x529.jpg 705w, https:\/\/radiorevelacionfm.cl\/wp-content\/uploads\/2023\/04\/img-20230429-wa0000-1_optimized-450x338.jpg 450w, https:\/\/radiorevelacionfm.cl\/wp-content\/uploads\/2023\/04\/img-20230429-wa0000-1_optimized-600x450.jpg 600w\" sizes=\"(max-width: 800px) 100vw, 800px\" \/><\/div><\/div><\/div><\/div>\n<div class=\"flex_column av_one_full  flex_column_div av-zero-column-padding first  avia-builder-el-2  el_after_av_one_full  el_before_av_one_full  column-top-margin\" style='border-radius:0px; '><section class=\"av_textblock_section \"  itemscope=\"itemscope\" itemtype=\"https:\/\/schema.org\/BlogPosting\" itemprop=\"blogPost\" ><div class='avia_textblock  '   itemprop=\"text\" ><p style=\"text-align: center;\"><strong><span style=\"font-size: 18pt;\">Doce sindicatos de pescadores artesanales de Guaitecas firman acuerdo tras varios d\u00edas de movilizaciones\u00a0<\/span><\/strong><\/p>\n<div id=\"gtx-trans\" style=\"position: absolute; left: -50px; top: 4.31534px;\">\n<div class=\"gtx-trans-icon\"><\/div>\n<\/div>\n<\/div><\/section><\/div>\n<div class=\"flex_column av_one_full  flex_column_div av-zero-column-padding first  avia-builder-el-4  el_after_av_one_full  el_before_av_hr  column-top-margin\" style='border-radius:0px; '><section class=\"av_textblock_section \"  itemscope=\"itemscope\" itemtype=\"https:\/\/schema.org\/BlogPosting\" itemprop=\"blogPost\" ><div class='avia_textblock  '   itemprop=\"text\" ><p style=\"text-align: justify;\">Luego de tres d\u00edas de movilizaciones de pescadores y pescadoras artesanales de la comuna de Guaitecas, la Gobernadora Regional, Andrea Mac\u00edas Palma, y el Director Zonal de Pesca de Ays\u00e9n (Subsecretar\u00eda de Pesca), Manuel P\u00e9rez Montenegro, firmaron un acuerdo con los doce sindicatos movilizados. All\u00ed se solicita al Ministerio del Interior declarar zona de emergencia por cesant\u00eda y, adem\u00e1s, el Ejecutivo regional se compromete a la creaci\u00f3n de un programa para canalizar los recursos relacionados a Zonas Contiguas de los periodos 2021 y 2022.<\/p>\n<p style=\"text-align: justify;\">\u201cLogramos diferenciar lo que le corresponde al Gobierno Regional y a partir de eso un acuerdo de trabajo. Nosotros estamos solicitando al Ministerio del Interior una declaratoria de emergencia, porque los Gobiernos Regionales no tenemos un mecanismo que nos permita bajar los recursos de manera directa como es la solicitud de los pescadores\u201d, dijo la primera autoridad regional.<\/p>\n<p style=\"text-align: justify;\">La Gobernadora Regional lleg\u00f3 hasta la localidad de Melinka, junto a un equipo de trabajo, la noche del jueves a causa de las movilizaciones que realizaron trabajadores y trabajadoras de la pesca artesanal, solicitando $1.600 millones por concepto de Zonas Contiguas. Inmediatamente se reuni\u00f3 con las y los representantes de los doce sindicatos. Las negociaciones continuaron este viernes, las que culminaron con buenas noticias para la comunidad.<\/p>\n<p style=\"text-align: justify;\">Primeramente se firm\u00f3 el oficio N\u00b01299 (emitido por el Gobierno Regional) dirigido al Ministerio del Interior y Seguridad P\u00fablica, donde se solicita: \u201cdeclaraci\u00f3n de emergencia por cesant\u00eda y con ello la asignaci\u00f3n de un bono de emergencia, dada la situaci\u00f3n que afecta a las y los pescadores hace siete meses\u201d, dice el texto.<\/p>\n<p style=\"text-align: justify;\">En segunda instancia se concret\u00f3 el acuerdo que da las directrices para la entrega de $800 millones a las y los pescadores, respecto de los recursos asociados a la compensaci\u00f3n de Zonas Contiguas. El Gobierno Regional de Ays\u00e9n se compromete a asumir los gastos administrativos, garantizando que los recursos bajen, de manera \u00edntegra, a trav\u00e9s del programa en proceso de formaci\u00f3n.<\/p>\n<p style=\"text-align: justify;\">\u201cVeo con mucha tristeza que, lamentablemente, nuestros dirigentes de la pesca artesanal hist\u00f3ricamente han asumido este conflicto solos. No han estado las instituciones del Estado detr\u00e1s. Nosotros hoy d\u00eda, en esta modalidad de Gobiernos Regionales, nos hemos puesto en disposici\u00f3n de acompa\u00f1ar estos procesos\u201d, indic\u00f3 la Gobernadora Regional, Andrea Mac\u00edas Palma.<\/p>\n<p style=\"text-align: justify;\">La decisi\u00f3n beneficiar\u00e1 a 508 pescadores\/as de la comuna de Guaitecas y 40 trabajadores\/as de la localidad de Ra\u00fal Mar\u00edn Balmaceda, sumando un total de 548 receptores del programa futuro.<\/p>\n<p style=\"text-align: justify;\">Algunos de los requisitos que se consideraron: La instituci\u00f3n que ejecute el programa sea privada y sin fines de lucro, que el Gobierno Regional disponga de un equipo de trabajo en terreno para el levantamiento de las necesidades y ajustes del plan.<\/p>\n<p style=\"text-align: justify;\">Por su parte Juan Carlos Leviante, pescador artesanal,\u00a0 presidente de la Federaci\u00f3n de Pescadores de Guaitecas y presidente del sindicato Guaitecas, fue parte de la mesa negociadora y valor\u00f3 las conversaciones con la Gobernadora y con el representante de Subpesca. \u201cEsperar que en el transcurso de los d\u00edas le demos a conocer a las bases los acuerdos que hemos tomado, donde ellos van a estar contentos porque muchas medidas fueron ideas de ellos\u201d, dijo el dirigente.<\/p>\n<p style=\"text-align: justify;\">El documento tambi\u00e9n considera que el Ejecutivo regional solicite los restantes $800 millones de pesos entendidos del acuerdo total de Zonas Contiguas, \u201ccomo un bono de transferencia directa (por parte del Ministerio del Interior), y en caso de no contar con esta alternativa, ser estos transferidos como parte del programa anterior, en las mismas condiciones\u201d, dice el acta.<\/p>\n<p style=\"text-align: justify;\">\u201cUn poco m\u00e1s de tranquilidad y esperanzados de que los dineros de las Zonas Contiguas se bajen lo antes posible. Y que el Gobierno Central venga a darle soluci\u00f3n a la cesant\u00eda que estamos viviendo aqu\u00ed en Melinka\u201d, dijo Jesica Levi\u00f1anco, presidenta del Sindicato Caleta Repollal.<\/p>\n<p style=\"text-align: justify;\">Prontamente un equipo t\u00e9cnico del Gobierno Regional de Ays\u00e9n trabajar\u00e1 en conjunto con los doce dirigentes, con la finalidad de crear un programa que se ajuste a sus necesidades.<\/p>\n<\/div><\/section><\/div><div  style='height:50px' class='hr hr-invisible   avia-builder-el-6  el_after_av_one_full  el_before_av_social_share '><span class='hr-inner ' ><span class='hr-inner-style'><\/span><\/span><\/div><\/p>\n<div  class='av-social-sharing-box  avia-builder-el-7  el_after_av_hr  el_before_av_hr  '><div class='av-share-box'><h5 class='av-share-link-description av-no-toc '>Compartir esta noticia<\/h5><ul class='av-share-box-list noLightbox'><li class='av-share-link av-social-link-facebook' ><a target=\"_blank\" aria-label=\"Compartir en Facebook\" href='https:\/\/www.facebook.com\/sharer.php?u=https:\/\/radiorevelacionfm.cl\/?p=30604&#038;t=Doce%20sindicatos%20de%20pescadores%20artesanales%20de%20Guaitecas%20firman%20acuerdo%20tras%20varios%20d%C3%ADas%20de%20movilizaciones' aria-hidden='false' data-av_icon='\ue8f3' data-av_iconfont='entypo-fontello' title='' data-avia-related-tooltip='Compartir en Facebook' rel=\"noopener\"><span class='avia_hidden_link_text'>Compartir en Facebook<\/span><\/a><\/li><li class='av-share-link av-social-link-twitter' ><a target=\"_blank\" aria-label=\"Compartir en Twitter\" href='https:\/\/twitter.com\/share?text=Doce%20sindicatos%20de%20pescadores%20artesanales%20de%20Guaitecas%20firman%20acuerdo%20tras%20varios%20d%C3%ADas%20de%20movilizaciones&#038;url=https:\/\/radiorevelacionfm.cl\/?p=30604' aria-hidden='false' data-av_icon='\ue8f1' data-av_iconfont='entypo-fontello' title='' data-avia-related-tooltip='Compartir en Twitter' rel=\"noopener\"><span class='avia_hidden_link_text'>Compartir en Twitter<\/span><\/a><\/li><li class='av-share-link av-social-link-whatsapp' ><a target=\"_blank\" aria-label=\"Compartir en Whatsapp\" href='https:\/\/api.whatsapp.com\/send?text=https:\/\/radiorevelacionfm.cl\/?p=30604' aria-hidden='false' data-av_icon='\uf232' data-av_iconfont='entypo-fontello' title='' data-avia-related-tooltip='Compartir en Whatsapp' rel=\"noopener\"><span class='avia_hidden_link_text'>Compartir en Whatsapp<\/span><\/a><\/li><li class='av-share-link av-social-link-linkedin' ><a target=\"_blank\" aria-label=\"Compartir en LinkedIn\" href='https:\/\/linkedin.com\/shareArticle?mini=true&#038;title=Doce%20sindicatos%20de%20pescadores%20artesanales%20de%20Guaitecas%20firman%20acuerdo%20tras%20varios%20d%C3%ADas%20de%20movilizaciones&#038;url=https:\/\/radiorevelacionfm.cl\/?p=30604' aria-hidden='false' data-av_icon='\ue8fc' data-av_iconfont='entypo-fontello' title='' data-avia-related-tooltip='Compartir en LinkedIn' rel=\"noopener\"><span class='avia_hidden_link_text'>Compartir en LinkedIn<\/span><\/a><\/li><li class='av-share-link av-social-link-mail' ><a  aria-label=\"Compartir por correo\" href='mailto:?subject=Doce%20sindicatos%20de%20pescadores%20artesanales%20de%20Guaitecas%20firman%20acuerdo%20tras%20varios%20d%C3%ADas%20de%20movilizaciones&#038;body=https:\/\/radiorevelacionfm.cl\/?p=30604' aria-hidden='false' data-av_icon='\ue805' data-av_iconfont='entypo-fontello' title='' data-avia-related-tooltip='Compartir por correo'><span class='avia_hidden_link_text'>Compartir por correo<\/span><\/a><\/li><\/ul><\/div><\/div>\n<div  style='height:50px' class='hr hr-invisible   avia-builder-el-8  el_after_av_social_share  el_before_av_comments_list '><span class='hr-inner ' ><span class='hr-inner-style'><\/span><\/span><\/div>\n<div  class='av-buildercomment  av-blog-meta-html-info-disabled av-blog-meta-tag-disabled  '><\/div>\n","protected":false},"excerpt":{"rendered":"","protected":false},"author":1,"featured_media":30605,"comment_status":"open","ping_status":"open","sticky":false,"template":"","format":"standard","meta":{"footnotes":""},"categories":[60],"tags":[],"class_list":["post-30604","post","type-post","status-publish","format-standard","has-post-thumbnail","hentry","category-pesca"],"jetpack_featured_media_url":"https:\/\/radiorevelacionfm.cl\/wp-content\/uploads\/2023\/04\/img-20230429-wa0000-1_optimized.jpg","_links":{"self":[{"href":"https:\/\/radiorevelacionfm.cl\/index.php?rest_route=\/wp\/v2\/posts\/30604","targetHints":{"allow":["GET"]}}],"collection":[{"href":"https:\/\/radiorevelacionfm.cl\/index.php?rest_route=\/wp\/v2\/posts"}],"about":[{"href":"https:\/\/radiorevelacionfm.cl\/index.php?rest_route=\/wp\/v2\/types\/post"}],"author":[{"embeddable":true,"href":"https:\/\/radiorevelacionfm.cl\/index.php?rest_route=\/wp\/v2\/users\/1"}],"replies":[{"embeddable":true,"href":"https:\/\/radiorevelacionfm.cl\/index.php?rest_route=%2Fwp%2Fv2%2Fcomments&post=30604"}],"version-history":[{"count":2,"href":"https:\/\/radiorevelacionfm.cl\/index.php?rest_route=\/wp\/v2\/posts\/30604\/revisions"}],"predecessor-version":[{"id":30607,"href":"https:\/\/radiorevelacionfm.cl\/index.php?rest_route=\/wp\/v2\/posts\/30604\/revisions\/30607"}],"wp:featuredmedia":[{"embeddable":true,"href":"https:\/\/radiorevelacionfm.cl\/index.php?rest_route=\/wp\/v2\/media\/30605"}],"wp:attachment":[{"href":"https:\/\/radiorevelacionfm.cl\/index.php?rest_route=%2Fwp%2Fv2%2Fmedia&parent=30604"}],"wp:term":[{"taxonomy":"category","embeddable":true,"href":"https:\/\/radiorevelacionfm.cl\/index.php?rest_route=%2Fwp%2Fv2%2Fcategories&post=30604"},{"taxonomy":"post_tag","embeddable":true,"href":"https:\/\/radiorevelacionfm.cl\/index.php?rest_route=%2Fwp%2Fv2%2Ftags&post=30604"}],"curies":[{"name":"wp","href":"https:\/\/api.w.org\/{rel}","templated":true}]}}