{"id":30598,"date":"2023-04-29T20:58:42","date_gmt":"2023-04-29T23:58:42","guid":{"rendered":"https:\/\/radiorevelacionfm.cl\/?p=30598"},"modified":"2023-04-29T20:58:42","modified_gmt":"2023-04-29T23:58:42","slug":"ministro-a-de-la-mujer-y-de-agricultura-participaron-de-encuentro-latinoamericano-y-del-caribe-de-mujeres-rurales","status":"publish","type":"post","link":"https:\/\/radiorevelacionfm.cl\/?p=30598","title":{"rendered":"Ministro\/a de la Mujer y de Agricultura participaron de Encuentro Latinoamericano y del Caribe de Mujeres Rurales"},"content":{"rendered":"<div class=\"flex_column av_one_full  flex_column_div av-zero-column-padding first  avia-builder-el-0  el_before_av_one_full  avia-builder-el-first  \" style='border-radius:0px; '><div  class='avia-image-container  av-styling-    avia-builder-el-1  avia-builder-el-no-sibling  avia-align-center '  itemprop=\"image\" itemscope=\"itemscope\" itemtype=\"https:\/\/schema.org\/ImageObject\"  ><div class='avia-image-container-inner'><div class='avia-image-overlay-wrap'><img decoding=\"async\" class='wp-image-30599 avia-img-lazy-loading-not-30599 avia_image' src=\"https:\/\/radiorevelacionfm.cl\/wp-content\/uploads\/2023\/04\/photo1682704513-1-1_optimized-1.jpeg\" alt='' title='photo1682704513-(1)-(1)_optimized (1)' height=\"600\" width=\"898\"  itemprop=\"thumbnailUrl\" srcset=\"https:\/\/radiorevelacionfm.cl\/wp-content\/uploads\/2023\/04\/photo1682704513-1-1_optimized-1.jpeg 898w, https:\/\/radiorevelacionfm.cl\/wp-content\/uploads\/2023\/04\/photo1682704513-1-1_optimized-1-300x200.jpeg 300w, https:\/\/radiorevelacionfm.cl\/wp-content\/uploads\/2023\/04\/photo1682704513-1-1_optimized-1-768x513.jpeg 768w, https:\/\/radiorevelacionfm.cl\/wp-content\/uploads\/2023\/04\/photo1682704513-1-1_optimized-1-705x471.jpeg 705w, https:\/\/radiorevelacionfm.cl\/wp-content\/uploads\/2023\/04\/photo1682704513-1-1_optimized-1-450x301.jpeg 450w, https:\/\/radiorevelacionfm.cl\/wp-content\/uploads\/2023\/04\/photo1682704513-1-1_optimized-1-600x401.jpeg 600w\" sizes=\"(max-width: 898px) 100vw, 898px\" \/><\/div><\/div><\/div><\/div>\n<div class=\"flex_column av_one_full  flex_column_div av-zero-column-padding first  avia-builder-el-2  el_after_av_one_full  el_before_av_one_full  column-top-margin\" style='border-radius:0px; '><section class=\"av_textblock_section \"  itemscope=\"itemscope\" itemtype=\"https:\/\/schema.org\/BlogPosting\" itemprop=\"blogPost\" ><div class='avia_textblock  '   itemprop=\"text\" ><p style=\"text-align: center;\"><strong><span style=\"font-size: 18pt;\">Ministro\/a de la Mujer y de Agricultura participaron de Encuentro Latinoamericano y del Caribe de Mujeres Rurales <\/span><\/strong><\/p>\n<div id=\"gtx-trans\" style=\"position: absolute; left: -50px; top: 4.31534px;\">\n<div class=\"gtx-trans-icon\"><\/div>\n<\/div>\n<\/div><\/section><\/div><div class=\"flex_column av_one_full  flex_column_div av-zero-column-padding first  avia-builder-el-4  el_after_av_one_full  el_before_av_hr  column-top-margin\" style='border-radius:0px; '><section class=\"av_textblock_section \"  itemscope=\"itemscope\" itemtype=\"https:\/\/schema.org\/BlogPosting\" itemprop=\"blogPost\" ><div class='avia_textblock  '   itemprop=\"text\" ><p style=\"text-align: justify;\">La Ministra de la Mujer y la Equidad de G\u00e9nero, Antonia Orellana Guarello, junto al Ministro de Agricultura, Esteban Valenzuela, participaron en el cierre del V Encuentro Latinoamericano y del Caribe de Mujeres Rurales (RedLac), el que tuvo una duraci\u00f3n de 5 d\u00edas y que finaliz\u00f3 durante esta jornada en la ciudad de Coyhaique, regi\u00f3n de Ays\u00e9n.<\/p>\n<p style=\"text-align: justify;\">La Ministra Orellana agradeci\u00f3 a las asistentes y se\u00f1al\u00f3 \u201cc\u00f3mo nos ha demostrado no s\u00f3lo la evidencia internacional, sino c\u00f3mo lo reconocemos conversando con las mujeres d\u00eda a d\u00eda, en la ciudad y en el campo hay diferencias en el acceso a los derechos que todas tenemos y por lo tanto, para conseguir la plena autonom\u00eda de las mujeres rurales necesitamos poner esfuerzos focalizados. C\u00f3mo gobierno hemos asumido ese camino a trav\u00e9s del trabajo conjunto con todos los servicios correspondientes. Adem\u00e1s, estamos apoyando para que se declare la d\u00e9cada de las mujeres rurales a nivel internacional para que podamos establecer objetivos, metas y acuerdos para que al finalizar esta d\u00e9cada podamos decir con convicci\u00f3n que todas las mujeres est\u00e1n accediendo a todos los derechos\u201d.<\/p>\n<p style=\"text-align: justify;\">El encuentro, financiado por el Gobierno Regional, cont\u00f3 con la presencia de la secretaria ejecutiva de la REDLAC, Luz Maclovia Haro Guanga; Consejero Uni\u00f3n Iberoamericana de Municipalistas (Chile), Juan Ercilio Salinas Fern\u00e1ndez; Secretaria T\u00e9cnica de REDLAC, Anayansi P\u00e9rez Hern\u00e1ndez; Directora Nacional Fundaci\u00f3n PRODEMU, Marcela Sandoval Osorio y la Seremi de la mujer y la equidad de g\u00e9nero, Andrea M\u00e9ndez Valenzuela, entre otras autoridades.<\/p>\n<p style=\"text-align: justify;\">Seg\u00fan la Encuesta Casen 2017, las mujeres rurales en Chile presentan mayores niveles de pobreza por ingresos (17,2%), que las mujeres de las zonas urbanas (7,8%). Adem\u00e1s, la participaci\u00f3n de la mujer rural en el mercado laboral llega s\u00f3lo al 32,2% de los ocupados; 10 puntos porcentuales menos que la participaci\u00f3n de la mujer en los territorios urbanos, brecha que fue incrementada durante el periodo de crisis sanitaria por el Covid-19 (INE, promedio 2022).<\/p>\n<p style=\"text-align: justify;\">Para contribuir en avanzar en participaci\u00f3n y autonom\u00eda econ\u00f3mica, el Gobierno ha impulsado diferentes acciones, una de ellas es el concurso nacional de riego para mujeres.<\/p>\n<p style=\"text-align: justify;\">Al respecto el Ministro de Agricultura, Esteban Valenzuela, se\u00f1al\u00f3 que \u201cla ministra Orellana ha valorado que en el Ministerio de Agricultura los usuarios de la CNR (Comisi\u00f3n Nacional de Riego) en los concursos que son mujeres han pasado de cerca de un 20% a un 40%, que seis de los doce servicios sean dirigidos por mujeres, tambi\u00e9n que el aporte v\u00eda fertilizaci\u00f3n y los programas de mayor complejidad como invernaderos, tecnolog\u00eda, est\u00e9n focalizados en las mujeres, que son esenciales en la seguridad alimentaria\u201d.<\/p>\n<p style=\"text-align: justify;\">Otra l\u00ednea de acci\u00f3n desarrollada por el Gobierno es la Mesa Mujer Rural, que tiene la labor de ejecutar, junto a otros servicios, un plan de capacitaci\u00f3n y orientaci\u00f3n para ir venciendo las brechas que limitan el desarrollo de las mujeres en sus comunidades; esto se suma a los fondos de transversalizaci\u00f3n que buscan fortalecer y visibilizar el rol de las mujeres rurales, y tambi\u00e9n, a la prohibici\u00f3n de agrot\u00f3xicos para as\u00ed avanzar hacia una agricultura sostenible, verde y agroecol\u00f3gica, entre otros planes que est\u00e1n en desarrollo y van en la l\u00ednea de aumentar la autonom\u00eda econom\u00eda de la mujer rural.<\/p>\n<\/div><\/section><\/div><\/p>\n<div  style='height:50px' class='hr hr-invisible   avia-builder-el-6  el_after_av_one_full  el_before_av_social_share '><span class='hr-inner ' ><span class='hr-inner-style'><\/span><\/span><\/div>\n<div  class='av-social-sharing-box  avia-builder-el-7  el_after_av_hr  el_before_av_hr  '><div class='av-share-box'><h5 class='av-share-link-description av-no-toc '>Compartir esta noticia<\/h5><ul class='av-share-box-list noLightbox'><li class='av-share-link av-social-link-facebook' ><a target=\"_blank\" aria-label=\"Compartir en Facebook\" href='https:\/\/www.facebook.com\/sharer.php?u=https:\/\/radiorevelacionfm.cl\/?p=30598&#038;t=Ministro%2Fa%20de%20la%20Mujer%20y%20de%20Agricultura%20participaron%20de%20Encuentro%20Latinoamericano%20y%20del%20Caribe%20de%20Mujeres%20Rurales' aria-hidden='false' data-av_icon='\ue8f3' data-av_iconfont='entypo-fontello' title='' data-avia-related-tooltip='Compartir en Facebook' rel=\"noopener\"><span class='avia_hidden_link_text'>Compartir en Facebook<\/span><\/a><\/li><li class='av-share-link av-social-link-twitter' ><a target=\"_blank\" aria-label=\"Compartir en Twitter\" href='https:\/\/twitter.com\/share?text=Ministro%2Fa%20de%20la%20Mujer%20y%20de%20Agricultura%20participaron%20de%20Encuentro%20Latinoamericano%20y%20del%20Caribe%20de%20Mujeres%20Rurales&#038;url=https:\/\/radiorevelacionfm.cl\/?p=30598' aria-hidden='false' data-av_icon='\ue8f1' data-av_iconfont='entypo-fontello' title='' data-avia-related-tooltip='Compartir en Twitter' rel=\"noopener\"><span class='avia_hidden_link_text'>Compartir en Twitter<\/span><\/a><\/li><li class='av-share-link av-social-link-whatsapp' ><a target=\"_blank\" aria-label=\"Compartir en Whatsapp\" href='https:\/\/api.whatsapp.com\/send?text=https:\/\/radiorevelacionfm.cl\/?p=30598' aria-hidden='false' data-av_icon='\uf232' data-av_iconfont='entypo-fontello' title='' data-avia-related-tooltip='Compartir en Whatsapp' rel=\"noopener\"><span class='avia_hidden_link_text'>Compartir en Whatsapp<\/span><\/a><\/li><li class='av-share-link av-social-link-linkedin' ><a target=\"_blank\" aria-label=\"Compartir en LinkedIn\" href='https:\/\/linkedin.com\/shareArticle?mini=true&#038;title=Ministro%2Fa%20de%20la%20Mujer%20y%20de%20Agricultura%20participaron%20de%20Encuentro%20Latinoamericano%20y%20del%20Caribe%20de%20Mujeres%20Rurales&#038;url=https:\/\/radiorevelacionfm.cl\/?p=30598' aria-hidden='false' data-av_icon='\ue8fc' data-av_iconfont='entypo-fontello' title='' data-avia-related-tooltip='Compartir en LinkedIn' rel=\"noopener\"><span class='avia_hidden_link_text'>Compartir en LinkedIn<\/span><\/a><\/li><li class='av-share-link av-social-link-mail' ><a  aria-label=\"Compartir por correo\" href='mailto:?subject=Ministro%2Fa%20de%20la%20Mujer%20y%20de%20Agricultura%20participaron%20de%20Encuentro%20Latinoamericano%20y%20del%20Caribe%20de%20Mujeres%20Rurales&#038;body=https:\/\/radiorevelacionfm.cl\/?p=30598' aria-hidden='false' data-av_icon='\ue805' data-av_iconfont='entypo-fontello' title='' data-avia-related-tooltip='Compartir por correo'><span class='avia_hidden_link_text'>Compartir por correo<\/span><\/a><\/li><\/ul><\/div><\/div>\n<div  style='height:50px' class='hr hr-invisible   avia-builder-el-8  el_after_av_social_share  el_before_av_comments_list '><span class='hr-inner ' ><span class='hr-inner-style'><\/span><\/span><\/div>\n<div  class='av-buildercomment  av-blog-meta-html-info-disabled av-blog-meta-tag-disabled  '><\/div>\n","protected":false},"excerpt":{"rendered":"","protected":false},"author":1,"featured_media":30599,"comment_status":"open","ping_status":"open","sticky":false,"template":"","format":"standard","meta":{"footnotes":""},"categories":[38],"tags":[],"class_list":["post-30598","post","type-post","status-publish","format-standard","has-post-thumbnail","hentry","category-regional"],"jetpack_featured_media_url":"https:\/\/radiorevelacionfm.cl\/wp-content\/uploads\/2023\/04\/photo1682704513-1-1_optimized-1.jpeg","_links":{"self":[{"href":"https:\/\/radiorevelacionfm.cl\/index.php?rest_route=\/wp\/v2\/posts\/30598","targetHints":{"allow":["GET"]}}],"collection":[{"href":"https:\/\/radiorevelacionfm.cl\/index.php?rest_route=\/wp\/v2\/posts"}],"about":[{"href":"https:\/\/radiorevelacionfm.cl\/index.php?rest_route=\/wp\/v2\/types\/post"}],"author":[{"embeddable":true,"href":"https:\/\/radiorevelacionfm.cl\/index.php?rest_route=\/wp\/v2\/users\/1"}],"replies":[{"embeddable":true,"href":"https:\/\/radiorevelacionfm.cl\/index.php?rest_route=%2Fwp%2Fv2%2Fcomments&post=30598"}],"version-history":[{"count":2,"href":"https:\/\/radiorevelacionfm.cl\/index.php?rest_route=\/wp\/v2\/posts\/30598\/revisions"}],"predecessor-version":[{"id":30611,"href":"https:\/\/radiorevelacionfm.cl\/index.php?rest_route=\/wp\/v2\/posts\/30598\/revisions\/30611"}],"wp:featuredmedia":[{"embeddable":true,"href":"https:\/\/radiorevelacionfm.cl\/index.php?rest_route=\/wp\/v2\/media\/30599"}],"wp:attachment":[{"href":"https:\/\/radiorevelacionfm.cl\/index.php?rest_route=%2Fwp%2Fv2%2Fmedia&parent=30598"}],"wp:term":[{"taxonomy":"category","embeddable":true,"href":"https:\/\/radiorevelacionfm.cl\/index.php?rest_route=%2Fwp%2Fv2%2Fcategories&post=30598"},{"taxonomy":"post_tag","embeddable":true,"href":"https:\/\/radiorevelacionfm.cl\/index.php?rest_route=%2Fwp%2Fv2%2Ftags&post=30598"}],"curies":[{"name":"wp","href":"https:\/\/api.w.org\/{rel}","templated":true}]}}