{"id":30595,"date":"2023-04-28T22:05:34","date_gmt":"2023-04-29T01:05:34","guid":{"rendered":"https:\/\/radiorevelacionfm.cl\/?p=30595"},"modified":"2023-04-28T22:05:34","modified_gmt":"2023-04-29T01:05:34","slug":"delegado-araya-visito-cesfam-de-la-junta-para-constatar-condiciones-de-atencion-medica-de-comunidades-de-la-zona-norte","status":"publish","type":"post","link":"https:\/\/radiorevelacionfm.cl\/?p=30595","title":{"rendered":"Delegado Araya visit\u00f3 Cesfam de La Junta para constatar condiciones de atenci\u00f3n m\u00e9dica de comunidades de la zona norte"},"content":{"rendered":"<div class=\"flex_column av_one_full  flex_column_div av-zero-column-padding first  avia-builder-el-0  el_before_av_one_full  avia-builder-el-first  \" style='border-radius:0px; '><div  class='avia-image-container  av-styling-    avia-builder-el-1  avia-builder-el-no-sibling  avia-align-center '  itemprop=\"image\" itemscope=\"itemscope\" itemtype=\"https:\/\/schema.org\/ImageObject\"  ><div class='avia-image-container-inner'><div class='avia-image-overlay-wrap'><img decoding=\"async\" class='wp-image-30596 avia-img-lazy-loading-not-30596 avia_image' src=\"https:\/\/radiorevelacionfm.cl\/wp-content\/uploads\/2023\/04\/whatsapp-image-2023-04-28-at-16_optimized.52.38-1.jpeg\" alt='' title='whatsapp-image-2023-04-28-at-16_optimized.52.38-(1)' height=\"600\" width=\"881\"  itemprop=\"thumbnailUrl\" srcset=\"https:\/\/radiorevelacionfm.cl\/wp-content\/uploads\/2023\/04\/whatsapp-image-2023-04-28-at-16_optimized.52.38-1.jpeg 881w, https:\/\/radiorevelacionfm.cl\/wp-content\/uploads\/2023\/04\/whatsapp-image-2023-04-28-at-16_optimized.52.38-1-300x204.jpeg 300w, https:\/\/radiorevelacionfm.cl\/wp-content\/uploads\/2023\/04\/whatsapp-image-2023-04-28-at-16_optimized.52.38-1-768x523.jpeg 768w, https:\/\/radiorevelacionfm.cl\/wp-content\/uploads\/2023\/04\/whatsapp-image-2023-04-28-at-16_optimized.52.38-1-705x480.jpeg 705w, https:\/\/radiorevelacionfm.cl\/wp-content\/uploads\/2023\/04\/whatsapp-image-2023-04-28-at-16_optimized.52.38-1-450x306.jpeg 450w, https:\/\/radiorevelacionfm.cl\/wp-content\/uploads\/2023\/04\/whatsapp-image-2023-04-28-at-16_optimized.52.38-1-600x409.jpeg 600w\" sizes=\"(max-width: 881px) 100vw, 881px\" \/><\/div><\/div><\/div><\/div><div class=\"flex_column av_one_full  flex_column_div av-zero-column-padding first  avia-builder-el-2  el_after_av_one_full  el_before_av_one_full  column-top-margin\" style='border-radius:0px; '><section class=\"av_textblock_section \"  itemscope=\"itemscope\" itemtype=\"https:\/\/schema.org\/BlogPosting\" itemprop=\"blogPost\" ><div class='avia_textblock  '   itemprop=\"text\" ><p style=\"text-align: center;\"><strong><span style=\"font-size: 18pt;\">Delegado Araya visit\u00f3 Cesfam de La Junta para constatar condiciones de atenci\u00f3n m\u00e9dica de comunidades de la zona norte<\/span><\/strong><\/p>\n<div id=\"gtx-trans\" style=\"position: absolute; left: -50px; top: 4.31534px;\">\n<div class=\"gtx-trans-icon\"><\/div>\n<\/div>\n<\/div><\/section><\/div><div class=\"flex_column av_one_full  flex_column_div av-zero-column-padding first  avia-builder-el-4  el_after_av_one_full  el_before_av_hr  column-top-margin\" style='border-radius:0px; '><section class=\"av_textblock_section \"  itemscope=\"itemscope\" itemtype=\"https:\/\/schema.org\/BlogPosting\" itemprop=\"blogPost\" ><div class='avia_textblock  '   itemprop=\"text\" ><p style=\"text-align: justify;\">Las condiciones de atenci\u00f3n para las comunidades de La Junta, Puyuhuapi, Lago Verde y Ra\u00fal Mar\u00edn Balmaceda en el norte de la Regi\u00f3n de Ays\u00e9n, constat\u00f3 el delegado presidencial regional, Rodrigo Araya, en el marco de un conjunto de actividades en el \u00e1rea norte de la Regi\u00f3n de Ays\u00e9n.<\/p>\n<p style=\"text-align: justify;\">En este contexto visit\u00f3 el Centro de Salud Familiar (Cesfam) La Junta, en la comuna de Cisnes, donde realiz\u00f3 un recorrido por las modernas instalaciones, conoci\u00f3 al personal y convers\u00f3 con los funcionarias y funcionarios del establecimiento.<\/p>\n<p style=\"text-align: justify;\">\u201cPudimos conversar sobre los progresos y los desaf\u00edos, pero tambi\u00e9n sobre la historia que ha significado, no solo la construcci\u00f3n de este establecimiento, sino tambi\u00e9n la llegada de nuevos equipos y la transformaci\u00f3n a este nuevo modelo de salud familiar\u201d, recalc\u00f3.<\/p>\n<p style=\"text-align: justify;\">De igual modo, puso \u00e9nfasis en lo que consider\u00f3 el principal desaf\u00edo para este nuevo sistema, sobre \u201cc\u00f3mo la comunidad se incorpora al quehacer habitual del centro de salud y c\u00f3mo mejora la calidad de vida de sus integrantes, no solo desde el punto de vista de la asistencialidad directa, sino tambi\u00e9n desde la promoci\u00f3n y la prevenci\u00f3n\u201d. Para esto, foment\u00f3 la idea de trabajar una buena comunicaci\u00f3n con el consejo consultivo, organizaciones sociales y la comunidad en general.<\/p>\n<p style=\"text-align: justify;\">El director (s) del Cesfam La Junta, Joaqu\u00edn Guti\u00e9rrez, asegur\u00f3 contar con una completa planta de profesionales, que trabajan tanto en establecimiento, como en grupos de rondas, que acuden a las comunidades cercanas a prestar servicios de salud. Tambi\u00e9n se refiri\u00f3 a otros dispositivos que est\u00e1n funcionando en la comuna de Cisnes. \u201cTenemos adosado un dispositivo de urgencia que atiende a la poblaci\u00f3n en distintos tipos de horarios, donde, dependiendo de la gravedad, acude un m\u00e9dico en forma presencial o no\u201d, coment\u00f3 al respecto.<\/p>\n<p style=\"text-align: justify;\">Cabe destacar que el Centro de Salud Familiar de La Junta, que depende administrativamente de la Direcci\u00f3n de Salud Rural del Servicio de Salud Ays\u00e9n, est\u00e1 integrado por aproximadamente 60 funcionarias y funcionarios, con cuatro m\u00e9dicos generales de zona y un m\u00e9dico a cargo del programa de salud mental, en el marco de la relevancia que el Gobierno ha puesto en avanzar en comunidades m\u00e1s sanas y saludables.<\/p>\n<\/div><\/section><\/div><div  style='height:50px' class='hr hr-invisible   avia-builder-el-6  el_after_av_one_full  el_before_av_social_share '><span class='hr-inner ' ><span class='hr-inner-style'><\/span><\/span><\/div><\/p>\n<div  class='av-social-sharing-box  avia-builder-el-7  el_after_av_hr  el_before_av_hr  '><div class='av-share-box'><h5 class='av-share-link-description av-no-toc '>Compartir esta noticia<\/h5><ul class='av-share-box-list noLightbox'><li class='av-share-link av-social-link-facebook' ><a target=\"_blank\" aria-label=\"Compartir en Facebook\" href='https:\/\/www.facebook.com\/sharer.php?u=https:\/\/radiorevelacionfm.cl\/?p=30595&#038;t=Delegado%20Araya%20visit%C3%B3%20Cesfam%20de%20La%20Junta%20para%20constatar%20condiciones%20de%20atenci%C3%B3n%20m%C3%A9dica%20de%20comunidades%20de%20la%20zona%20norte' aria-hidden='false' data-av_icon='\ue8f3' data-av_iconfont='entypo-fontello' title='' data-avia-related-tooltip='Compartir en Facebook' rel=\"noopener\"><span class='avia_hidden_link_text'>Compartir en Facebook<\/span><\/a><\/li><li class='av-share-link av-social-link-twitter' ><a target=\"_blank\" aria-label=\"Compartir en Twitter\" href='https:\/\/twitter.com\/share?text=Delegado%20Araya%20visit%C3%B3%20Cesfam%20de%20La%20Junta%20para%20constatar%20condiciones%20de%20atenci%C3%B3n%20m%C3%A9dica%20de%20comunidades%20de%20la%20zona%20norte&#038;url=https:\/\/radiorevelacionfm.cl\/?p=30595' aria-hidden='false' data-av_icon='\ue8f1' data-av_iconfont='entypo-fontello' title='' data-avia-related-tooltip='Compartir en Twitter' rel=\"noopener\"><span class='avia_hidden_link_text'>Compartir en Twitter<\/span><\/a><\/li><li class='av-share-link av-social-link-whatsapp' ><a target=\"_blank\" aria-label=\"Compartir en Whatsapp\" href='https:\/\/api.whatsapp.com\/send?text=https:\/\/radiorevelacionfm.cl\/?p=30595' aria-hidden='false' data-av_icon='\uf232' data-av_iconfont='entypo-fontello' title='' data-avia-related-tooltip='Compartir en Whatsapp' rel=\"noopener\"><span class='avia_hidden_link_text'>Compartir en Whatsapp<\/span><\/a><\/li><li class='av-share-link av-social-link-linkedin' ><a target=\"_blank\" aria-label=\"Compartir en LinkedIn\" href='https:\/\/linkedin.com\/shareArticle?mini=true&#038;title=Delegado%20Araya%20visit%C3%B3%20Cesfam%20de%20La%20Junta%20para%20constatar%20condiciones%20de%20atenci%C3%B3n%20m%C3%A9dica%20de%20comunidades%20de%20la%20zona%20norte&#038;url=https:\/\/radiorevelacionfm.cl\/?p=30595' aria-hidden='false' data-av_icon='\ue8fc' data-av_iconfont='entypo-fontello' title='' data-avia-related-tooltip='Compartir en LinkedIn' rel=\"noopener\"><span class='avia_hidden_link_text'>Compartir en LinkedIn<\/span><\/a><\/li><li class='av-share-link av-social-link-mail' ><a  aria-label=\"Compartir por correo\" href='mailto:?subject=Delegado%20Araya%20visit%C3%B3%20Cesfam%20de%20La%20Junta%20para%20constatar%20condiciones%20de%20atenci%C3%B3n%20m%C3%A9dica%20de%20comunidades%20de%20la%20zona%20norte&#038;body=https:\/\/radiorevelacionfm.cl\/?p=30595' aria-hidden='false' data-av_icon='\ue805' data-av_iconfont='entypo-fontello' title='' data-avia-related-tooltip='Compartir por correo'><span class='avia_hidden_link_text'>Compartir por correo<\/span><\/a><\/li><\/ul><\/div><\/div>\n<div  style='height:50px' class='hr hr-invisible   avia-builder-el-8  el_after_av_social_share  el_before_av_comments_list '><span class='hr-inner ' ><span class='hr-inner-style'><\/span><\/span><\/div>\n<div  class='av-buildercomment  av-blog-meta-html-info-disabled av-blog-meta-tag-disabled  '><\/div>\n","protected":false},"excerpt":{"rendered":"","protected":false},"author":1,"featured_media":30596,"comment_status":"open","ping_status":"open","sticky":false,"template":"","format":"standard","meta":{"footnotes":""},"categories":[38],"tags":[],"class_list":["post-30595","post","type-post","status-publish","format-standard","has-post-thumbnail","hentry","category-regional"],"jetpack_featured_media_url":"https:\/\/radiorevelacionfm.cl\/wp-content\/uploads\/2023\/04\/whatsapp-image-2023-04-28-at-16_optimized.52.38-1.jpeg","_links":{"self":[{"href":"https:\/\/radiorevelacionfm.cl\/index.php?rest_route=\/wp\/v2\/posts\/30595","targetHints":{"allow":["GET"]}}],"collection":[{"href":"https:\/\/radiorevelacionfm.cl\/index.php?rest_route=\/wp\/v2\/posts"}],"about":[{"href":"https:\/\/radiorevelacionfm.cl\/index.php?rest_route=\/wp\/v2\/types\/post"}],"author":[{"embeddable":true,"href":"https:\/\/radiorevelacionfm.cl\/index.php?rest_route=\/wp\/v2\/users\/1"}],"replies":[{"embeddable":true,"href":"https:\/\/radiorevelacionfm.cl\/index.php?rest_route=%2Fwp%2Fv2%2Fcomments&post=30595"}],"version-history":[{"count":1,"href":"https:\/\/radiorevelacionfm.cl\/index.php?rest_route=\/wp\/v2\/posts\/30595\/revisions"}],"predecessor-version":[{"id":30597,"href":"https:\/\/radiorevelacionfm.cl\/index.php?rest_route=\/wp\/v2\/posts\/30595\/revisions\/30597"}],"wp:featuredmedia":[{"embeddable":true,"href":"https:\/\/radiorevelacionfm.cl\/index.php?rest_route=\/wp\/v2\/media\/30596"}],"wp:attachment":[{"href":"https:\/\/radiorevelacionfm.cl\/index.php?rest_route=%2Fwp%2Fv2%2Fmedia&parent=30595"}],"wp:term":[{"taxonomy":"category","embeddable":true,"href":"https:\/\/radiorevelacionfm.cl\/index.php?rest_route=%2Fwp%2Fv2%2Fcategories&post=30595"},{"taxonomy":"post_tag","embeddable":true,"href":"https:\/\/radiorevelacionfm.cl\/index.php?rest_route=%2Fwp%2Fv2%2Ftags&post=30595"}],"curies":[{"name":"wp","href":"https:\/\/api.w.org\/{rel}","templated":true}]}}