{"id":30592,"date":"2023-04-29T12:15:02","date_gmt":"2023-04-29T15:15:02","guid":{"rendered":"https:\/\/radiorevelacionfm.cl\/?p=30592"},"modified":"2023-04-29T12:15:02","modified_gmt":"2023-04-29T15:15:02","slug":"realizaran-fiscalizaciones-en-terreno-este-1-de-mayo-por-feriado-obligatorio-e-irrenunciable-del-comercio","status":"publish","type":"post","link":"https:\/\/radiorevelacionfm.cl\/?p=30592","title":{"rendered":"Realizar\u00e1n fiscalizaciones en terreno este 1 de mayo por feriado obligatorio e irrenunciable del comercio"},"content":{"rendered":"<div class=\"flex_column av_one_full  flex_column_div av-zero-column-padding first  avia-builder-el-0  el_before_av_one_full  avia-builder-el-first  \" style='border-radius:0px; '><div  class='avia-image-container  av-styling-    avia-builder-el-1  avia-builder-el-no-sibling  avia-align-center '  itemprop=\"image\" itemscope=\"itemscope\" itemtype=\"https:\/\/schema.org\/ImageObject\"  ><div class='avia-image-container-inner'><div class='avia-image-overlay-wrap'><img decoding=\"async\" class='wp-image-30593 avia-img-lazy-loading-not-30593 avia_image' src=\"https:\/\/radiorevelacionfm.cl\/wp-content\/uploads\/2023\/04\/feriadoirrenunciablecomercio_1mayo-1-b-1-1_optimized-1.jpg\" alt='' title='feriadoirrenunciablecomercio_1mayo-(1)-b-(1)-(1)_optimized (1)' height=\"600\" width=\"811\"  itemprop=\"thumbnailUrl\" srcset=\"https:\/\/radiorevelacionfm.cl\/wp-content\/uploads\/2023\/04\/feriadoirrenunciablecomercio_1mayo-1-b-1-1_optimized-1.jpg 811w, https:\/\/radiorevelacionfm.cl\/wp-content\/uploads\/2023\/04\/feriadoirrenunciablecomercio_1mayo-1-b-1-1_optimized-1-300x222.jpg 300w, https:\/\/radiorevelacionfm.cl\/wp-content\/uploads\/2023\/04\/feriadoirrenunciablecomercio_1mayo-1-b-1-1_optimized-1-768x568.jpg 768w, https:\/\/radiorevelacionfm.cl\/wp-content\/uploads\/2023\/04\/feriadoirrenunciablecomercio_1mayo-1-b-1-1_optimized-1-705x522.jpg 705w, https:\/\/radiorevelacionfm.cl\/wp-content\/uploads\/2023\/04\/feriadoirrenunciablecomercio_1mayo-1-b-1-1_optimized-1-450x333.jpg 450w, https:\/\/radiorevelacionfm.cl\/wp-content\/uploads\/2023\/04\/feriadoirrenunciablecomercio_1mayo-1-b-1-1_optimized-1-600x444.jpg 600w\" sizes=\"(max-width: 811px) 100vw, 811px\" \/><\/div><\/div><\/div><\/div><div class=\"flex_column av_one_full  flex_column_div av-zero-column-padding first  avia-builder-el-2  el_after_av_one_full  el_before_av_one_full  column-top-margin\" style='border-radius:0px; '><section class=\"av_textblock_section \"  itemscope=\"itemscope\" itemtype=\"https:\/\/schema.org\/BlogPosting\" itemprop=\"blogPost\" ><div class='avia_textblock  '   itemprop=\"text\" ><p style=\"text-align: center;\"><strong><span style=\"font-size: 18pt;\">Realizar\u00e1n fiscalizaciones en terreno este 1 de mayo por feriado obligatorio e irrenunciable del comercio<\/span><\/strong><\/p>\n<div id=\"gtx-trans\" style=\"position: absolute; left: -50px; top: 4.31534px;\">\n<div class=\"gtx-trans-icon\"><\/div>\n<\/div>\n<\/div><\/section><\/div><div class=\"flex_column av_one_full  flex_column_div av-zero-column-padding first  avia-builder-el-4  el_after_av_one_full  el_before_av_hr  column-top-margin\" style='border-radius:0px; '><section class=\"av_textblock_section \"  itemscope=\"itemscope\" itemtype=\"https:\/\/schema.org\/BlogPosting\" itemprop=\"blogPost\" ><div class='avia_textblock  '   itemprop=\"text\" ><p class=\"v1MsoNormal\" style=\"text-align: justify;\">Un llamado a respetar el feriado obligatorio e irrenunciable para las y los trabajadores del comercio durante el pr\u00f3ximo lunes 1 de mayo realizaron el Seremi del Trabajo y Previsi\u00f3n Social, Rodrigo D\u00edaz Cordaro junto al Director regional(s), Christian Aros Troncoso, de la Direcci\u00f3n del Trabajo (DT).<\/p>\n<p class=\"v1MsoNormal\" style=\"text-align: justify;\">El Seremi Rodrigo D\u00edaz llam\u00f3 a los empleadores a respetar la norma, teniendo en cuenta que en la Regi\u00f3n de Ays\u00e9n no se han cursado multas ni se han recibido denuncias por este tema en los \u00faltimos a\u00f1os, \u00abQueremos recordar que este 1\u00b0 de mayo es un feriado irrenunciable para el comercio, por lo tanto, le pedimos a todos los empleadores que le den las facilidades a los trabajadores de poder tomarse este d\u00eda feriado como la ley lo indica. Tambi\u00e9n quiero reiterar que solo pueden ser atendidos los locales por sus due\u00f1os o familiares directos, as\u00ed es que esperamos que todos hagan uso de este d\u00eda feriado legal que es irrenunciable para el comercio, que sea un d\u00eda tranquilo y beneficioso para todos\u00bb, mencion\u00f3 la autoridad de Trabajo y Previsi\u00f3n Social.<\/p>\n<p class=\"v1MsoNormal\" style=\"text-align: justify;\">Por su parte, Christian Aros, Director regional(s) del Trabajo afirm\u00f3 que estar\u00e1n en terreno fiscalizando y recibiendo denuncias, \u00abComo Direcci\u00f3n del Trabajo estaremos fiscalizando, recorriendo los locales que se encuentren abiertos, por lo tanto, las empresas que no est\u00e9n autorizadas\u00a0 para funcionar y las detectemos funcionando, se exponen a multas que van de 5 a 20 unidades tributarias mensuales por trabajador. Los trabajadores pueden hacer sus denuncias directamente al tel\u00e9fono 600 450 4000 o directamente en nuestra p\u00e1gina web\u00a0<a href=\"http:\/\/www.direcciondeltrabajo.cl\/\" target=\"_blank\" rel=\"noopener noreferrer\">www.direcciondeltrabajo.cl<\/a>\u00ab.<\/p>\n<p class=\"v1MsoNormal\" style=\"text-align: justify;\">Esta vez la DT fiscalizar\u00e1 dos materias: el feriado como tal y el descanso de los trabajadores del comercio que cumplieron turnos para el mismo empleador el 1 de mayo de 2022. Esto \u00faltimo, en virtud de una norma vigente desde mayo de 2016 que permite este reposo alternado bianual para los dependientes del comercio exceptuados del feriado.<\/p>\n<p class=\"v1MsoNormal\" style=\"text-align: justify;\">A nivel nacional, el 1 de mayo de 2022 se realizaron 104 fiscalizaciones que terminaron con 48 multas, equivalentes a casi $50 millones. De las multas, 39 obedecieron a \u00abno respetar feriados\u00bb, 8 por \u00abno respetar descanso alternado\u00bb y 1 por \u00abno llevar correctamente el registro de asistencia\u00bb. Adem\u00e1s, a 86 trabajadores a los que no les correspond\u00eda trabajar se les suspendi\u00f3 la jornada y fueron enviados a sus casas.<\/p>\n<p class=\"v1MsoNormal\" style=\"text-align: justify;\">El 1 de mayo es uno de los cinco feriados obligatorios e irrenunciables en el comercio, tal como el del 1 de enero, 18 y 19 de septiembre y 25 de diciembre, establecidos como tales a fines de 2007. En todos los casos, el feriado comienza a las 21.00 horas del d\u00eda anterior al festivo y termina a las 06:00 de la ma\u00f1ana del d\u00eda posterior, salvo los turnos rotativos, para los que rigen otros horarios.<\/p>\n<p class=\"v1MsoNormal\" style=\"text-align: justify;\">Se except\u00faan del feriado irrenunciable los trabajadores del comercio de clubes y restaurantes; establecimientos de entretenimiento (cines, espect\u00e1culos en vivo, discotecas, pub, cabaret), locales comerciales en los aer\u00f3dromos civiles p\u00fablicos y aeropuertos, casinos de juegos y otros lugares de juegos legalmente autorizados; y expendio de combustibles, farmacias de urgencia y farmacias que deban cumplir turnos fijados por la autoridad sanitaria. Tambi\u00e9n deben trabajar los dependientes de las llamadas \u00abtiendas de conveniencia\u00bb adosadas a los servicentros si venden alimentos preparados all\u00ed mismo.<\/p>\n<p class=\"v1MsoNormal\" style=\"text-align: justify;\"><b>SANCIONES<\/b><\/p>\n<p class=\"v1MsoNormal\" style=\"text-align: justify;\">En caso de no cumplir con este feriado obligatorio e irrenunciable, las infracciones ser\u00e1n sancionadas con multas que van desde las 5 UTM ($315.370 al mes de mayo de 2023) hasta 20 UTM ($1.261.480 al mes de mayo de 2023) por cada trabajador afectado por la infracci\u00f3n, considerando el n\u00famero de trabajadores total de la empresa. (Inc. final, Art. 2. Ley 19.973).<\/p>\n<ul style=\"text-align: justify;\" type=\"disc\">\n<li class=\"v1MsoNormal\">De 1 a 9 trabajadores: 5 UTM por cada trabajador afectado.<\/li>\n<li class=\"v1MsoNormal\">De 10 a 49 trabajadores: 5 UTM por cada trabajador afectado.<\/li>\n<li class=\"v1MsoNormal\">50 a 199 trabajadores: 10 UTM por cada trabajador afectado.<\/li>\n<li class=\"v1MsoNormal\">De 200 y m\u00e1s trabajadores: 20 UTM por cada trabajador afectado.<\/li>\n<\/ul>\n<p class=\"v1MsoNormal\" style=\"text-align: justify;\">Los trabajadores en infracci\u00f3n deber\u00e1n cesar de inmediato sus turnos y abandonar su lugar de trabajo.<\/p>\n<p class=\"v1MsoNormal\" style=\"text-align: justify;\">En caso de no otorgar el descanso alternado a los trabajadores que laboraron en el mismo feriado del a\u00f1o anterior, las multas van desde las 5 UTM ($315.370 al mes de mayo de 2023) hasta 20 UTM ($1.261.480 al mes de mayo de 2023) por cada trabajador afectado por la infracci\u00f3n, considerando el n\u00famero de trabajadores total de la empresa. (Inc. final, Art. 2. Ley 19.973).<\/p>\n<ul type=\"disc\">\n<li class=\"v1MsoNormal\" style=\"text-align: justify;\">De 1 a 9 trabajadores: 5 UTM por cada trabajador afectado.<\/li>\n<li class=\"v1MsoNormal\" style=\"text-align: justify;\">De 10 a 49 trabajadores: 5 UTM por cada trabajador afectado.<\/li>\n<li class=\"v1MsoNormal\" style=\"text-align: justify;\">De 50 a 199 trabajadores: 10 UTM por cada trabajador afectado.<\/li>\n<li class=\"v1MsoNormal\" style=\"text-align: justify;\">De 200 y m\u00e1s trabajadores: 20 UTM por cada trabajador afectado.<\/li>\n<\/ul>\n<\/div><\/section><\/div><div  style='height:50px' class='hr hr-invisible   avia-builder-el-6  el_after_av_one_full  el_before_av_social_share '><span class='hr-inner ' ><span class='hr-inner-style'><\/span><\/span><\/div><\/p>\n<div  class='av-social-sharing-box  avia-builder-el-7  el_after_av_hr  el_before_av_hr  '><div class='av-share-box'><h5 class='av-share-link-description av-no-toc '>Compartir esta noticia<\/h5><ul class='av-share-box-list noLightbox'><li class='av-share-link av-social-link-facebook' ><a target=\"_blank\" aria-label=\"Compartir en Facebook\" href='https:\/\/www.facebook.com\/sharer.php?u=https:\/\/radiorevelacionfm.cl\/?p=30592&#038;t=Realizar%C3%A1n%20fiscalizaciones%20en%20terreno%20este%201%20de%20mayo%20por%20feriado%20obligatorio%20e%20irrenunciable%20del%20comercio' aria-hidden='false' data-av_icon='\ue8f3' data-av_iconfont='entypo-fontello' title='' data-avia-related-tooltip='Compartir en Facebook' rel=\"noopener\"><span class='avia_hidden_link_text'>Compartir en Facebook<\/span><\/a><\/li><li class='av-share-link av-social-link-twitter' ><a target=\"_blank\" aria-label=\"Compartir en Twitter\" href='https:\/\/twitter.com\/share?text=Realizar%C3%A1n%20fiscalizaciones%20en%20terreno%20este%201%20de%20mayo%20por%20feriado%20obligatorio%20e%20irrenunciable%20del%20comercio&#038;url=https:\/\/radiorevelacionfm.cl\/?p=30592' aria-hidden='false' data-av_icon='\ue8f1' data-av_iconfont='entypo-fontello' title='' data-avia-related-tooltip='Compartir en Twitter' rel=\"noopener\"><span class='avia_hidden_link_text'>Compartir en Twitter<\/span><\/a><\/li><li class='av-share-link av-social-link-whatsapp' ><a target=\"_blank\" aria-label=\"Compartir en Whatsapp\" href='https:\/\/api.whatsapp.com\/send?text=https:\/\/radiorevelacionfm.cl\/?p=30592' aria-hidden='false' data-av_icon='\uf232' data-av_iconfont='entypo-fontello' title='' data-avia-related-tooltip='Compartir en Whatsapp' rel=\"noopener\"><span class='avia_hidden_link_text'>Compartir en Whatsapp<\/span><\/a><\/li><li class='av-share-link av-social-link-linkedin' ><a target=\"_blank\" aria-label=\"Compartir en LinkedIn\" href='https:\/\/linkedin.com\/shareArticle?mini=true&#038;title=Realizar%C3%A1n%20fiscalizaciones%20en%20terreno%20este%201%20de%20mayo%20por%20feriado%20obligatorio%20e%20irrenunciable%20del%20comercio&#038;url=https:\/\/radiorevelacionfm.cl\/?p=30592' aria-hidden='false' data-av_icon='\ue8fc' data-av_iconfont='entypo-fontello' title='' data-avia-related-tooltip='Compartir en LinkedIn' rel=\"noopener\"><span class='avia_hidden_link_text'>Compartir en LinkedIn<\/span><\/a><\/li><li class='av-share-link av-social-link-mail' ><a  aria-label=\"Compartir por correo\" href='mailto:?subject=Realizar%C3%A1n%20fiscalizaciones%20en%20terreno%20este%201%20de%20mayo%20por%20feriado%20obligatorio%20e%20irrenunciable%20del%20comercio&#038;body=https:\/\/radiorevelacionfm.cl\/?p=30592' aria-hidden='false' data-av_icon='\ue805' data-av_iconfont='entypo-fontello' title='' data-avia-related-tooltip='Compartir por correo'><span class='avia_hidden_link_text'>Compartir por correo<\/span><\/a><\/li><\/ul><\/div><\/div>\n<div  style='height:50px' class='hr hr-invisible   avia-builder-el-8  el_after_av_social_share  el_before_av_comments_list '><span class='hr-inner ' ><span class='hr-inner-style'><\/span><\/span><\/div>\n<div  class='av-buildercomment  av-blog-meta-html-info-disabled av-blog-meta-tag-disabled  '><\/div>\n","protected":false},"excerpt":{"rendered":"","protected":false},"author":1,"featured_media":30593,"comment_status":"open","ping_status":"open","sticky":false,"template":"","format":"standard","meta":{"footnotes":""},"categories":[56],"tags":[],"class_list":["post-30592","post","type-post","status-publish","format-standard","has-post-thumbnail","hentry","category-trabajo"],"jetpack_featured_media_url":"https:\/\/radiorevelacionfm.cl\/wp-content\/uploads\/2023\/04\/feriadoirrenunciablecomercio_1mayo-1-b-1-1_optimized-1.jpg","_links":{"self":[{"href":"https:\/\/radiorevelacionfm.cl\/index.php?rest_route=\/wp\/v2\/posts\/30592","targetHints":{"allow":["GET"]}}],"collection":[{"href":"https:\/\/radiorevelacionfm.cl\/index.php?rest_route=\/wp\/v2\/posts"}],"about":[{"href":"https:\/\/radiorevelacionfm.cl\/index.php?rest_route=\/wp\/v2\/types\/post"}],"author":[{"embeddable":true,"href":"https:\/\/radiorevelacionfm.cl\/index.php?rest_route=\/wp\/v2\/users\/1"}],"replies":[{"embeddable":true,"href":"https:\/\/radiorevelacionfm.cl\/index.php?rest_route=%2Fwp%2Fv2%2Fcomments&post=30592"}],"version-history":[{"count":1,"href":"https:\/\/radiorevelacionfm.cl\/index.php?rest_route=\/wp\/v2\/posts\/30592\/revisions"}],"predecessor-version":[{"id":30594,"href":"https:\/\/radiorevelacionfm.cl\/index.php?rest_route=\/wp\/v2\/posts\/30592\/revisions\/30594"}],"wp:featuredmedia":[{"embeddable":true,"href":"https:\/\/radiorevelacionfm.cl\/index.php?rest_route=\/wp\/v2\/media\/30593"}],"wp:attachment":[{"href":"https:\/\/radiorevelacionfm.cl\/index.php?rest_route=%2Fwp%2Fv2%2Fmedia&parent=30592"}],"wp:term":[{"taxonomy":"category","embeddable":true,"href":"https:\/\/radiorevelacionfm.cl\/index.php?rest_route=%2Fwp%2Fv2%2Fcategories&post=30592"},{"taxonomy":"post_tag","embeddable":true,"href":"https:\/\/radiorevelacionfm.cl\/index.php?rest_route=%2Fwp%2Fv2%2Ftags&post=30592"}],"curies":[{"name":"wp","href":"https:\/\/api.w.org\/{rel}","templated":true}]}}