{"id":30588,"date":"2023-04-28T22:24:50","date_gmt":"2023-04-29T01:24:50","guid":{"rendered":"https:\/\/radiorevelacionfm.cl\/?p=30588"},"modified":"2023-04-28T22:25:13","modified_gmt":"2023-04-29T01:25:13","slug":"agricultura-conforma-mesa-de-desarrollo-ovino-en-region-de-aysen","status":"publish","type":"post","link":"https:\/\/radiorevelacionfm.cl\/?p=30588","title":{"rendered":"Agricultura conforma mesa de desarrollo ovino en regi\u00f3n de Ays\u00e9n"},"content":{"rendered":"<div class=\"flex_column av_one_full  flex_column_div av-zero-column-padding first  avia-builder-el-0  el_before_av_one_full  avia-builder-el-first  \" style='border-radius:0px; '><div  class='avia-image-container  av-styling-    avia-builder-el-1  avia-builder-el-no-sibling  avia-align-center '  itemprop=\"image\" itemscope=\"itemscope\" itemtype=\"https:\/\/schema.org\/ImageObject\"  ><div class='avia-image-container-inner'><div class='avia-image-overlay-wrap'><img decoding=\"async\" class='wp-image-30589 avia-img-lazy-loading-not-30589 avia_image' src=\"https:\/\/radiorevelacionfm.cl\/wp-content\/uploads\/2023\/04\/WhatsApp-Image-2023-04-28-at-17.03.38-1-1-1.jpeg\" alt='' title='WhatsApp Image 2023-04-28 at 17.03.38 (1) (1) (1)' height=\"600\" width=\"901\"  itemprop=\"thumbnailUrl\" srcset=\"https:\/\/radiorevelacionfm.cl\/wp-content\/uploads\/2023\/04\/WhatsApp-Image-2023-04-28-at-17.03.38-1-1-1.jpeg 901w, https:\/\/radiorevelacionfm.cl\/wp-content\/uploads\/2023\/04\/WhatsApp-Image-2023-04-28-at-17.03.38-1-1-1-300x200.jpeg 300w, https:\/\/radiorevelacionfm.cl\/wp-content\/uploads\/2023\/04\/WhatsApp-Image-2023-04-28-at-17.03.38-1-1-1-768x511.jpeg 768w, https:\/\/radiorevelacionfm.cl\/wp-content\/uploads\/2023\/04\/WhatsApp-Image-2023-04-28-at-17.03.38-1-1-1-705x469.jpeg 705w, https:\/\/radiorevelacionfm.cl\/wp-content\/uploads\/2023\/04\/WhatsApp-Image-2023-04-28-at-17.03.38-1-1-1-450x300.jpeg 450w, https:\/\/radiorevelacionfm.cl\/wp-content\/uploads\/2023\/04\/WhatsApp-Image-2023-04-28-at-17.03.38-1-1-1-600x400.jpeg 600w\" sizes=\"(max-width: 901px) 100vw, 901px\" \/><\/div><\/div><\/div><\/div>\n<div class=\"flex_column av_one_full  flex_column_div av-zero-column-padding first  avia-builder-el-2  el_after_av_one_full  el_before_av_one_full  column-top-margin\" style='border-radius:0px; '><section class=\"av_textblock_section \"  itemscope=\"itemscope\" itemtype=\"https:\/\/schema.org\/BlogPosting\" itemprop=\"blogPost\" ><div class='avia_textblock  '   itemprop=\"text\" ><p style=\"text-align: center;\"><strong><span style=\"font-size: 18pt;\">Agricultura conforma mesa de desarrollo ovino en regi\u00f3n de Ays\u00e9n <\/span><\/strong><\/p>\n<div id=\"gtx-trans\" style=\"position: absolute; left: -50px; top: 4.31534px;\">\n<div class=\"gtx-trans-icon\"><\/div>\n<\/div>\n<\/div><\/section><\/div><div class=\"flex_column av_one_full  flex_column_div av-zero-column-padding first  avia-builder-el-4  el_after_av_one_full  el_before_av_hr  column-top-margin\" style='border-radius:0px; '><section class=\"av_textblock_section \"  itemscope=\"itemscope\" itemtype=\"https:\/\/schema.org\/BlogPosting\" itemprop=\"blogPost\" ><div class='avia_textblock  '   itemprop=\"text\" ><p class=\"v1MsoNormal v1ContentPasted0\" style=\"text-align: justify;\">Para abordar las dificultades que ha generado para los productores de lana de la regi\u00f3n de Ays\u00e9n la acumulaci\u00f3n de aproximadamente 400 mil kilos acopiados de hasta 3 y 4 temporadas, el ministro de Agricultura, Esteban Valenzuela, lider\u00f3 la reuni\u00f3n intersectorial en la que se acord\u00f3 la creaci\u00f3n de la mesa de desarrollo ovino, con la que se pretende abordar esta situaci\u00f3n que afecta a los productores.<\/p>\n<p class=\"v1MsoNormal v1ContentPasted0\" style=\"text-align: justify;\">Tras la reuni\u00f3n, en la que se dio a conocer la problem\u00e1tica que enfrenta el sector, el secretario de Estado resalt\u00f3 el acuerdo al que llegaron todos los participantes. \u00abConstituimos la mesa de desarrollo de todo el sector y sobre todo, yo dir\u00eda la consciencia de que Ays\u00e9n requiere dos industrias sustentables con nuestros corderos: la industria de la carne y la de la lana\u00bb, se\u00f1al\u00f3.<\/p>\n<p class=\"v1MsoNormal v1ContentPasted0\" style=\"text-align: justify;\">Asimismo, el titular del Agro se refiri\u00f3 a una de las posibilidades de utilizaci\u00f3n de la lana, como es usarla como \u00abmaterial de construcci\u00f3n para la climatizaci\u00f3n de hogares y que logremos, como est\u00e1 en el programa de gobierno, un nuevo modelo de desarrollo, haciendo cosas muy simples, agreguemos valor y hag\u00e1moslo sustentable\u00bb, destac\u00f3.<span class=\"v1ContentPasted0\">\u00a0\u00a0<\/span><\/p>\n<p class=\"v1MsoNormal v1ContentPasted0\" style=\"text-align: justify;\">Sobre este mismo uso del producto ovino, la arquitecta y emprendedora de la lana, Mar\u00eda de los \u00c1ngeles Lobos, se refiri\u00f3 a las ventajas que tendr\u00eda su utilizaci\u00f3n en la construcci\u00f3n. \u00abEsta iniciativa no la inventamos nosotros, la vimos en Espa\u00f1a, nosotros fuimos a estudiar, nos capacitamos en eficiencia energ\u00e9tica y si en Europa lo est\u00e1 haciendo por qu\u00e9 no lo podemos hacer ac\u00e1 (&#8230;) Aqu\u00ed en lo local podemos dar nuestras soluciones y dinamizar la econom\u00eda local, que es lo que tanto requieren nuestros pobladores\u00bb, dijo.<span class=\"v1ContentPasted0\">\u00a0\u00a0\u00a0<\/span><\/p>\n<p class=\"v1MsoNormal v1ContentPasted0\" style=\"text-align: justify;\">Otro de los productores que particip\u00f3 de la reuni\u00f3n en la que se gener\u00f3 la instancia de trabajo, fue Cirilo Peede, presidente de la Asociaci\u00f3n Corriedale, quien relev\u00f3 la nueva mesa ovina. \u00abEncontramos muy buena la disposici\u00f3n del ministro y de todas las autoridades para salir adelante (&#8230;) Lo m\u00e1s importante es buscar los canales de comercializaci\u00f3n para poder vender este producto, porque sin eso no podemos surgir. Ya estamos 4 a\u00f1os con una producci\u00f3n estancada\u00bb, indic\u00f3.<\/p>\n<p class=\"v1MsoNormal v1ContentPasted0\" style=\"text-align: justify;\">Por su parte, el delegado presidencial regional de Ays\u00e9n, Rodrigo Araya, valor\u00f3 la instancia liderada por el ministro Valenzuela y el trabajo multisectorial que se realizar\u00e1. \u00abEl compromiso nuestro es colaborar con la coordinaci\u00f3n de todos los servicios p\u00fablicos que tienen relaci\u00f3n con este problema (&#8230;) Todas las instituciones p\u00fablicas involucradas en esto, ll\u00e1mese INIA, FIA, SERCOTEC, CORFO, ProChile, van a trabajar codo a codo en esta nueva mesa para poder llegar a prontas soluciones que vayan resolviendo la problem\u00e1tica actual que tiene el mundo de la ganader\u00eda ovina\u00bb, se\u00f1al\u00f3.<\/p>\n<p class=\"v1MsoNormal v1ContentPasted0\" style=\"text-align: justify;\">En la misma l\u00ednea, el seremi de Agricultura en Ays\u00e9n, Alan Espinoza Ortiz<span class=\"v1ContentPasted0\">\u00a0\u00a0<\/span>, destac\u00f3 que \u00abhemos tratado de ir en apoyo de productores y productoras, hemos hecho grandes avances y hoy d\u00eda esta mesa intersectorial, donde est\u00e1 el mundo p\u00fablico y privado, nos compromete a seguir buscando soluciones en conjunto entre todos los actores trabajando por una mejor agricultura para regi\u00f3n\u00bb.<\/p>\n<p class=\"v1MsoNormal\" style=\"text-align: justify;\"><span class=\"v1contentpasted0\"><span class=\"v1ContentPasted0\">V ENCUENTRO DE MUJERES RURALES DE LATINOAM\u00c9RICA Y EL CARIBE\u00a0<\/span><\/span><\/p>\n<p class=\"v1MsoNormal v1ContentPasted0\" style=\"text-align: justify;\"><span class=\"v1contentpasted0\"><span class=\"v1ContentPasted0\">El ministro Valenzuela particip\u00f3, adem\u00e1s, de la jornada de cierre\u00a0<\/span><\/span>del V Encuentro de Mujeres Rurales de Latino Am\u00e9rica y el Caribe,<span class=\"v1contentpasted0\"><span class=\"v1ContentPasted0\">\u00a0<\/span><\/span>que por primera vez se realiza en Chile, instancia que permite establecer redes, intercambiar experiencias y elaborar una agenda com\u00fan de las mujeres rurales de la regi\u00f3n latinoamericana.<\/p>\n<p class=\"v1MsoNormal v1ContentPasted0\" style=\"text-align: justify;\">En la cita, a la que acudi\u00f3 la ministra\u00a0<span class=\"v1contentpasted0\"><span class=\"v1ContentPasted0\">de la Mujer y Equidad de G\u00e9nero, Antonia Orellana,\u00a0<\/span><\/span>autoridades regionales y representantes de organizaciones internacionales, Esteban Valenzuela destac\u00f3 avances de la cartera que dirige en apoyo a las mujeres rurales. \u00abLa ministra Orellana ha valorado que en el Ministerio de Agricultura los usuarios de la CNR (Comisi\u00f3n Nacional de Riego) en los concursos que son mujeres han pasado de cerca de un 20% a un 40%, que seis de los doce servicios sean dirigidos por mujeres; tambi\u00e9n que el aporte v\u00eda fertilizaci\u00f3n y los programas de mayor complejidad como invernaderos, tecnolog\u00eda, est\u00e9n focalizados en las mujeres, que son esenciales en la seguridad alimentaria\u00bb, enfatiz\u00f3.<\/p>\n<p class=\"v1MsoNormal v1ContentPasted0\" style=\"text-align: justify;\">Sobre la importancia que tiene el apoyo a las mujeres en los sectores rurales, la ministra Orellana indic\u00f3 que \u00abcomo nos ha demostrado no solo la evidencia internacional, si no como lo reconocemos conversando con las mujeres d\u00eda a d\u00eda, en la ciudad y en el campo, hay diferencias en el acceso a los derechos que todas tenemos y por lo tanto, para conseguir la plena autonom\u00eda de las mujeres rurales, necesitamos poner esfuerzos focalizados. Como gobierno hemos asumido ese camino a trav\u00e9s del trabajo conjunto con todos los servicios correspondientes\u00bb.<\/p>\n<p class=\"v1MsoNormal v1ContentPasted0\" style=\"text-align: justify;\">Por su parte, Luz Haro, secretaria ejecutiva de la Red de Mujeres Rurales de Latinoamericana y el Caribe, relev\u00f3 la realizaci\u00f3n de la cita, as\u00ed como la asistencia del ministro de Agricultura. \u00abHemos desarrollado el 5\u00b0 encuentro latinoamericano y del caribe de mujeres rurales, que lo hemos llevado a cabo con mujeres de 16 pa\u00edses y estamos agradecidas de la presencia del ministro y que nos animara con sus mensajes. Valoramos el compromiso de apoyar la d\u00e9cada de las mujeres rurales como un hito de resarcimiento para una vida con dignidad y producci\u00f3n en el campo\u00bb, finaliz\u00f3.<\/p>\n<\/div><\/section><\/div><\/p>\n<div  style='height:50px' class='hr hr-invisible   avia-builder-el-6  el_after_av_one_full  el_before_av_social_share '><span class='hr-inner ' ><span class='hr-inner-style'><\/span><\/span><\/div>\n<div  class='av-social-sharing-box  avia-builder-el-7  el_after_av_hr  el_before_av_hr  '><div class='av-share-box'><h5 class='av-share-link-description av-no-toc '>Compartir esta noticia<\/h5><ul class='av-share-box-list noLightbox'><li class='av-share-link av-social-link-facebook' ><a target=\"_blank\" aria-label=\"Compartir en Facebook\" href='https:\/\/www.facebook.com\/sharer.php?u=https:\/\/radiorevelacionfm.cl\/?p=30588&#038;t=Agricultura%20conforma%20mesa%20de%20desarrollo%20ovino%20en%20regi%C3%B3n%20de%20Ays%C3%A9n' aria-hidden='false' data-av_icon='\ue8f3' data-av_iconfont='entypo-fontello' title='' data-avia-related-tooltip='Compartir en Facebook' rel=\"noopener\"><span class='avia_hidden_link_text'>Compartir en Facebook<\/span><\/a><\/li><li class='av-share-link av-social-link-twitter' ><a target=\"_blank\" aria-label=\"Compartir en Twitter\" href='https:\/\/twitter.com\/share?text=Agricultura%20conforma%20mesa%20de%20desarrollo%20ovino%20en%20regi%C3%B3n%20de%20Ays%C3%A9n&#038;url=https:\/\/radiorevelacionfm.cl\/?p=30588' aria-hidden='false' data-av_icon='\ue8f1' data-av_iconfont='entypo-fontello' title='' data-avia-related-tooltip='Compartir en Twitter' rel=\"noopener\"><span class='avia_hidden_link_text'>Compartir en Twitter<\/span><\/a><\/li><li class='av-share-link av-social-link-whatsapp' ><a target=\"_blank\" aria-label=\"Compartir en Whatsapp\" href='https:\/\/api.whatsapp.com\/send?text=https:\/\/radiorevelacionfm.cl\/?p=30588' aria-hidden='false' data-av_icon='\uf232' data-av_iconfont='entypo-fontello' title='' data-avia-related-tooltip='Compartir en Whatsapp' rel=\"noopener\"><span class='avia_hidden_link_text'>Compartir en Whatsapp<\/span><\/a><\/li><li class='av-share-link av-social-link-linkedin' ><a target=\"_blank\" aria-label=\"Compartir en LinkedIn\" href='https:\/\/linkedin.com\/shareArticle?mini=true&#038;title=Agricultura%20conforma%20mesa%20de%20desarrollo%20ovino%20en%20regi%C3%B3n%20de%20Ays%C3%A9n&#038;url=https:\/\/radiorevelacionfm.cl\/?p=30588' aria-hidden='false' data-av_icon='\ue8fc' data-av_iconfont='entypo-fontello' title='' data-avia-related-tooltip='Compartir en LinkedIn' rel=\"noopener\"><span class='avia_hidden_link_text'>Compartir en LinkedIn<\/span><\/a><\/li><li class='av-share-link av-social-link-mail' ><a  aria-label=\"Compartir por correo\" href='mailto:?subject=Agricultura%20conforma%20mesa%20de%20desarrollo%20ovino%20en%20regi%C3%B3n%20de%20Ays%C3%A9n&#038;body=https:\/\/radiorevelacionfm.cl\/?p=30588' aria-hidden='false' data-av_icon='\ue805' data-av_iconfont='entypo-fontello' title='' data-avia-related-tooltip='Compartir por correo'><span class='avia_hidden_link_text'>Compartir por correo<\/span><\/a><\/li><\/ul><\/div><\/div>\n<div  style='height:50px' class='hr hr-invisible   avia-builder-el-8  el_after_av_social_share  el_before_av_comments_list '><span class='hr-inner ' ><span class='hr-inner-style'><\/span><\/span><\/div>\n<div  class='av-buildercomment  av-blog-meta-html-info-disabled av-blog-meta-tag-disabled  '><\/div>\n","protected":false},"excerpt":{"rendered":"","protected":false},"author":1,"featured_media":30589,"comment_status":"open","ping_status":"open","sticky":false,"template":"","format":"standard","meta":{"footnotes":""},"categories":[58],"tags":[],"class_list":["post-30588","post","type-post","status-publish","format-standard","has-post-thumbnail","hentry","category-agricultura"],"jetpack_featured_media_url":"https:\/\/radiorevelacionfm.cl\/wp-content\/uploads\/2023\/04\/WhatsApp-Image-2023-04-28-at-17.03.38-1-1-1.jpeg","_links":{"self":[{"href":"https:\/\/radiorevelacionfm.cl\/index.php?rest_route=\/wp\/v2\/posts\/30588","targetHints":{"allow":["GET"]}}],"collection":[{"href":"https:\/\/radiorevelacionfm.cl\/index.php?rest_route=\/wp\/v2\/posts"}],"about":[{"href":"https:\/\/radiorevelacionfm.cl\/index.php?rest_route=\/wp\/v2\/types\/post"}],"author":[{"embeddable":true,"href":"https:\/\/radiorevelacionfm.cl\/index.php?rest_route=\/wp\/v2\/users\/1"}],"replies":[{"embeddable":true,"href":"https:\/\/radiorevelacionfm.cl\/index.php?rest_route=%2Fwp%2Fv2%2Fcomments&post=30588"}],"version-history":[{"count":3,"href":"https:\/\/radiorevelacionfm.cl\/index.php?rest_route=\/wp\/v2\/posts\/30588\/revisions"}],"predecessor-version":[{"id":30602,"href":"https:\/\/radiorevelacionfm.cl\/index.php?rest_route=\/wp\/v2\/posts\/30588\/revisions\/30602"}],"wp:featuredmedia":[{"embeddable":true,"href":"https:\/\/radiorevelacionfm.cl\/index.php?rest_route=\/wp\/v2\/media\/30589"}],"wp:attachment":[{"href":"https:\/\/radiorevelacionfm.cl\/index.php?rest_route=%2Fwp%2Fv2%2Fmedia&parent=30588"}],"wp:term":[{"taxonomy":"category","embeddable":true,"href":"https:\/\/radiorevelacionfm.cl\/index.php?rest_route=%2Fwp%2Fv2%2Fcategories&post=30588"},{"taxonomy":"post_tag","embeddable":true,"href":"https:\/\/radiorevelacionfm.cl\/index.php?rest_route=%2Fwp%2Fv2%2Ftags&post=30588"}],"curies":[{"name":"wp","href":"https:\/\/api.w.org\/{rel}","templated":true}]}}