{"id":30585,"date":"2023-04-28T20:56:31","date_gmt":"2023-04-28T23:56:31","guid":{"rendered":"https:\/\/radiorevelacionfm.cl\/?p=30585"},"modified":"2023-04-28T20:56:31","modified_gmt":"2023-04-28T23:56:31","slug":"campana-expertos-en-feriados-de-sernatur-invita-a-optar-por-un-turismo-interno-los-fines-de-semana-largos","status":"publish","type":"post","link":"https:\/\/radiorevelacionfm.cl\/?p=30585","title":{"rendered":"Campa\u00f1a \u00abExpertos en Feriados\u00bb de Sernatur invita a optar por un turismo interno los fines de semana largos"},"content":{"rendered":"<div class=\"flex_column av_one_full  flex_column_div av-zero-column-padding first  avia-builder-el-0  el_before_av_one_full  avia-builder-el-first  \" style='border-radius:0px; '><div  class='avia-image-container  av-styling-    avia-builder-el-1  avia-builder-el-no-sibling  avia-align-center '  itemprop=\"image\" itemscope=\"itemscope\" itemtype=\"https:\/\/schema.org\/ImageObject\"  ><div class='avia-image-container-inner'><div class='avia-image-overlay-wrap'><img decoding=\"async\" class='wp-image-30586 avia-img-lazy-loading-not-30586 avia_image' src=\"https:\/\/radiorevelacionfm.cl\/wp-content\/uploads\/2023\/04\/puertosanchezferiado-1-1_optimized.jpeg\" alt='' title='puertosanchezferiado-(1)-(1)_optimized' height=\"600\" width=\"800\"  itemprop=\"thumbnailUrl\" srcset=\"https:\/\/radiorevelacionfm.cl\/wp-content\/uploads\/2023\/04\/puertosanchezferiado-1-1_optimized.jpeg 800w, https:\/\/radiorevelacionfm.cl\/wp-content\/uploads\/2023\/04\/puertosanchezferiado-1-1_optimized-300x225.jpeg 300w, https:\/\/radiorevelacionfm.cl\/wp-content\/uploads\/2023\/04\/puertosanchezferiado-1-1_optimized-768x576.jpeg 768w, https:\/\/radiorevelacionfm.cl\/wp-content\/uploads\/2023\/04\/puertosanchezferiado-1-1_optimized-705x529.jpeg 705w, https:\/\/radiorevelacionfm.cl\/wp-content\/uploads\/2023\/04\/puertosanchezferiado-1-1_optimized-450x338.jpeg 450w, https:\/\/radiorevelacionfm.cl\/wp-content\/uploads\/2023\/04\/puertosanchezferiado-1-1_optimized-600x450.jpeg 600w\" sizes=\"(max-width: 800px) 100vw, 800px\" \/><\/div><\/div><\/div><\/div><div class=\"flex_column av_one_full  flex_column_div av-zero-column-padding first  avia-builder-el-2  el_after_av_one_full  el_before_av_one_full  column-top-margin\" style='border-radius:0px; '><section class=\"av_textblock_section \"  itemscope=\"itemscope\" itemtype=\"https:\/\/schema.org\/BlogPosting\" itemprop=\"blogPost\" ><div class='avia_textblock  '   itemprop=\"text\" ><p style=\"text-align: center;\"><strong><span style=\"font-size: 18pt;\">Campa\u00f1a \u00abExpertos en Feriados\u00bb de Sernatur invita a optar por un turismo interno los fines de semana largos<\/span><\/strong><\/p>\n<div id=\"gtx-trans\" style=\"position: absolute; left: -50px; top: 4.31534px;\">\n<div class=\"gtx-trans-icon\"><\/div>\n<\/div>\n<\/div><\/section><\/div><div class=\"flex_column av_one_full  flex_column_div av-zero-column-padding first  avia-builder-el-4  el_after_av_one_full  el_before_av_hr  column-top-margin\" style='border-radius:0px; '><section class=\"av_textblock_section \"  itemscope=\"itemscope\" itemtype=\"https:\/\/schema.org\/BlogPosting\" itemprop=\"blogPost\" ><div class='avia_textblock  '   itemprop=\"text\" ><p class=\"v1MsoNormal\" style=\"text-align: justify;\"><span class=\"v1ContentPasted2\" lang=\"ES-TRAD\">Expertos en feriados es el nombre de la campa\u00f1a que lanz\u00f3 Sernatur a nivel nacional para redes sociales con la participaci\u00f3n de los influenciadores Titi Vidaurre y el actor Cristi\u00e1n Riquelme quienes potenciar\u00e1n y promocionar\u00e1n destinos y experiencias tur\u00edsticas que se pueden disfrutar al interior del territorio, en donde la regi\u00f3n de Ays\u00e9n se suma con sus diversos atractivos.<\/span><\/p>\n<p class=\"v1MsoNormal\" style=\"text-align: justify;\"><span class=\"v1ContentPasted2\" lang=\"ES-TRAD\">Es as\u00ed que previo a cada feriado de este 2023 se estar\u00e1n difundiendo panoramas de descanso en donde adicionalmente la invitaci\u00f3n es a los prestadores de servicios tur\u00edsticos de la regi\u00f3n de Ays\u00e9n a inscribirse en el cat\u00e1logo digital de experiencias del sitio web Chile es Tuyo. As\u00ed lo resalt\u00f3 la directora (S) de Sernatur Ays\u00e9n Sandra Navarro \u00abEsta campa\u00f1a que impulsamos, busca romper con la estacionalidad del turismo y potenciar destinos y experiencias en temporada baja que sabemos que en nuestra regi\u00f3n tenemos destinos \u00fanicos donde se pueden recorrer por el d\u00eda o planificando una mayor estad\u00eda\u00bb, agregando que \u00abLo importante es que los prestadores de servicios tur\u00edsticos que ya est\u00e1n registrados en Sernatur, no pierdan la oportunidad de estar en el cat\u00e1logo digital de experiencias que les permitir\u00e1 difundir las actividades que realizan en Ays\u00e9n Patagonia\u00bb.<\/span><\/p>\n<p class=\"v1MsoNormal\" style=\"text-align: justify;\"><span class=\"v1ContentPasted2\" lang=\"ES-TRAD\">Al respecto, la Unidad de Formalizaci\u00f3n de Sernatur de la regi\u00f3n de Ays\u00e9n es la que se encarga de estar informando en diversas instancias de c\u00f3mo ser parte de la oferta formal de los servicios tur\u00edsticos para dar cumplimiento a la normativa vigente que est\u00e1 en la ley 20.423 y su reglamento con el decreto 19.<\/span><\/p>\n<p class=\"v1MsoNormal\" style=\"text-align: justify;\"><span class=\"v1ContentPasted2\" lang=\"ES-TRAD\">En este sentido Navarro reforz\u00f3 que \u00abEs importante destacar que los turistas no solo buscan un destino, sino que adem\u00e1s requieren saber d\u00f3nde comer, dormir y nosotros como Sernatur tenemos en nuestras plataformas toda esa informaci\u00f3n que les permite a los turistas disfrutar de forma segura, por tanto, reiteramos la importancia de estar registrados y toda esta informaci\u00f3n se puede revisar en serviciosturisticos.sernatur.cl\u00bb.<\/span><\/p>\n<p class=\"v1MsoNormal\" style=\"text-align: justify;\"><span class=\"v1ContentPasted2\" lang=\"ES-TRAD\">Actualmente est\u00e1n registrados 208 tour operadores en la regi\u00f3n de Ays\u00e9n y entre todas las categor\u00edas de prestaciones de servicios tur\u00edsticos suman 1854, por lo que la campa\u00f1a expertos en feriados viene en reforzar la amplia oferta existente a la que se puede acceder en el destino Ays\u00e9n Patagonia. Toda la informaci\u00f3n se puede revisar en el cat\u00e1logo de experiencias en el\u00a0<\/span><span class=\"v1ContentPasted2\">Link\u00a0<\/span><a class=\"v1ContentPasted2\" href=\"https:\/\/chileestuyo.cl\/experiencias\/\" target=\"_blank\" rel=\"noopener noreferrer\">https:\/\/chileestuyo.cl\/experiencias\/<\/a><span class=\"v1ContentPasted2\">\u00a0y\u00a0<\/span>se invita a los prestadores a ser parte de la oferta registr\u00e1ndose en el\u00a0<span class=\"v1ContentPasted2\">link\u00a0<\/span><span class=\"v1xcontentpasted1\"><span class=\"v1ContentPasted2\">\u00a0<\/span><\/span><a class=\"v1ContentPasted2\" href=\"https:\/\/experiencias.sernatur.cl\/\" target=\"_blank\" rel=\"noopener noreferrer\">https:\/\/<span class=\"v1xmarkrj2x7qn4h\">experiencia<\/span>s.sernatur.cl\/<\/a><span class=\"v1ContentPasted2\" lang=\"ES-TRAD\">.<\/span><\/p>\n<p class=\"v1MsoNormal\" style=\"text-align: justify;\"><span lang=\"ES-TRAD\">\u00a0<\/span><\/p>\n<\/div><\/section><\/div><div  style='height:50px' class='hr hr-invisible   avia-builder-el-6  el_after_av_one_full  el_before_av_social_share '><span class='hr-inner ' ><span class='hr-inner-style'><\/span><\/span><\/div><\/p>\n<div  class='av-social-sharing-box  avia-builder-el-7  el_after_av_hr  el_before_av_hr  '><div class='av-share-box'><h5 class='av-share-link-description av-no-toc '>Compartir esta noticia<\/h5><ul class='av-share-box-list noLightbox'><li class='av-share-link av-social-link-facebook' ><a target=\"_blank\" aria-label=\"Compartir en Facebook\" href='https:\/\/www.facebook.com\/sharer.php?u=https:\/\/radiorevelacionfm.cl\/?p=30585&#038;t=Campa%C3%B1a%20%C2%ABExpertos%20en%20Feriados%C2%BB%20de%20Sernatur%20invita%20a%20optar%20por%20un%20turismo%20interno%20los%20fines%20de%20semana%20largos' aria-hidden='false' data-av_icon='\ue8f3' data-av_iconfont='entypo-fontello' title='' data-avia-related-tooltip='Compartir en Facebook' rel=\"noopener\"><span class='avia_hidden_link_text'>Compartir en Facebook<\/span><\/a><\/li><li class='av-share-link av-social-link-twitter' ><a target=\"_blank\" aria-label=\"Compartir en Twitter\" href='https:\/\/twitter.com\/share?text=Campa%C3%B1a%20%C2%ABExpertos%20en%20Feriados%C2%BB%20de%20Sernatur%20invita%20a%20optar%20por%20un%20turismo%20interno%20los%20fines%20de%20semana%20largos&#038;url=https:\/\/radiorevelacionfm.cl\/?p=30585' aria-hidden='false' data-av_icon='\ue8f1' data-av_iconfont='entypo-fontello' title='' data-avia-related-tooltip='Compartir en Twitter' rel=\"noopener\"><span class='avia_hidden_link_text'>Compartir en Twitter<\/span><\/a><\/li><li class='av-share-link av-social-link-whatsapp' ><a target=\"_blank\" aria-label=\"Compartir en Whatsapp\" href='https:\/\/api.whatsapp.com\/send?text=https:\/\/radiorevelacionfm.cl\/?p=30585' aria-hidden='false' data-av_icon='\uf232' data-av_iconfont='entypo-fontello' title='' data-avia-related-tooltip='Compartir en Whatsapp' rel=\"noopener\"><span class='avia_hidden_link_text'>Compartir en Whatsapp<\/span><\/a><\/li><li class='av-share-link av-social-link-linkedin' ><a target=\"_blank\" aria-label=\"Compartir en LinkedIn\" href='https:\/\/linkedin.com\/shareArticle?mini=true&#038;title=Campa%C3%B1a%20%C2%ABExpertos%20en%20Feriados%C2%BB%20de%20Sernatur%20invita%20a%20optar%20por%20un%20turismo%20interno%20los%20fines%20de%20semana%20largos&#038;url=https:\/\/radiorevelacionfm.cl\/?p=30585' aria-hidden='false' data-av_icon='\ue8fc' data-av_iconfont='entypo-fontello' title='' data-avia-related-tooltip='Compartir en LinkedIn' rel=\"noopener\"><span class='avia_hidden_link_text'>Compartir en LinkedIn<\/span><\/a><\/li><li class='av-share-link av-social-link-mail' ><a  aria-label=\"Compartir por correo\" href='mailto:?subject=Campa%C3%B1a%20%C2%ABExpertos%20en%20Feriados%C2%BB%20de%20Sernatur%20invita%20a%20optar%20por%20un%20turismo%20interno%20los%20fines%20de%20semana%20largos&#038;body=https:\/\/radiorevelacionfm.cl\/?p=30585' aria-hidden='false' data-av_icon='\ue805' data-av_iconfont='entypo-fontello' title='' data-avia-related-tooltip='Compartir por correo'><span class='avia_hidden_link_text'>Compartir por correo<\/span><\/a><\/li><\/ul><\/div><\/div>\n<div  style='height:50px' class='hr hr-invisible   avia-builder-el-8  el_after_av_social_share  el_before_av_comments_list '><span class='hr-inner ' ><span class='hr-inner-style'><\/span><\/span><\/div>\n<div  class='av-buildercomment  av-blog-meta-html-info-disabled av-blog-meta-tag-disabled  '><\/div>\n","protected":false},"excerpt":{"rendered":"","protected":false},"author":1,"featured_media":30586,"comment_status":"open","ping_status":"open","sticky":false,"template":"","format":"standard","meta":{"footnotes":""},"categories":[54],"tags":[],"class_list":["post-30585","post","type-post","status-publish","format-standard","has-post-thumbnail","hentry","category-turismo"],"jetpack_featured_media_url":"https:\/\/radiorevelacionfm.cl\/wp-content\/uploads\/2023\/04\/puertosanchezferiado-1-1_optimized.jpeg","_links":{"self":[{"href":"https:\/\/radiorevelacionfm.cl\/index.php?rest_route=\/wp\/v2\/posts\/30585","targetHints":{"allow":["GET"]}}],"collection":[{"href":"https:\/\/radiorevelacionfm.cl\/index.php?rest_route=\/wp\/v2\/posts"}],"about":[{"href":"https:\/\/radiorevelacionfm.cl\/index.php?rest_route=\/wp\/v2\/types\/post"}],"author":[{"embeddable":true,"href":"https:\/\/radiorevelacionfm.cl\/index.php?rest_route=\/wp\/v2\/users\/1"}],"replies":[{"embeddable":true,"href":"https:\/\/radiorevelacionfm.cl\/index.php?rest_route=%2Fwp%2Fv2%2Fcomments&post=30585"}],"version-history":[{"count":1,"href":"https:\/\/radiorevelacionfm.cl\/index.php?rest_route=\/wp\/v2\/posts\/30585\/revisions"}],"predecessor-version":[{"id":30587,"href":"https:\/\/radiorevelacionfm.cl\/index.php?rest_route=\/wp\/v2\/posts\/30585\/revisions\/30587"}],"wp:featuredmedia":[{"embeddable":true,"href":"https:\/\/radiorevelacionfm.cl\/index.php?rest_route=\/wp\/v2\/media\/30586"}],"wp:attachment":[{"href":"https:\/\/radiorevelacionfm.cl\/index.php?rest_route=%2Fwp%2Fv2%2Fmedia&parent=30585"}],"wp:term":[{"taxonomy":"category","embeddable":true,"href":"https:\/\/radiorevelacionfm.cl\/index.php?rest_route=%2Fwp%2Fv2%2Fcategories&post=30585"},{"taxonomy":"post_tag","embeddable":true,"href":"https:\/\/radiorevelacionfm.cl\/index.php?rest_route=%2Fwp%2Fv2%2Ftags&post=30585"}],"curies":[{"name":"wp","href":"https:\/\/api.w.org\/{rel}","templated":true}]}}