{"id":30582,"date":"2023-04-29T16:28:43","date_gmt":"2023-04-29T19:28:43","guid":{"rendered":"https:\/\/radiorevelacionfm.cl\/?p=30582"},"modified":"2023-04-29T16:28:43","modified_gmt":"2023-04-29T19:28:43","slug":"jornada-de-trabajo-y-capacitacion-de-los-cecosf-permite-intercambiar-experiencias-y-estrategias","status":"publish","type":"post","link":"https:\/\/radiorevelacionfm.cl\/?p=30582","title":{"rendered":"Jornada de trabajo y capacitaci\u00f3n de los CECOSF permite intercambiar experiencias y estrategias"},"content":{"rendered":"<div class=\"flex_column av_one_full  flex_column_div av-zero-column-padding first  avia-builder-el-0  el_before_av_one_full  avia-builder-el-first  \" style='border-radius:0px; '><div  class='avia-image-container  av-styling-    avia-builder-el-1  avia-builder-el-no-sibling  avia-align-center '  itemprop=\"image\" itemscope=\"itemscope\" itemtype=\"https:\/\/schema.org\/ImageObject\"  ><div class='avia-image-container-inner'><div class='avia-image-overlay-wrap'><img decoding=\"async\" class='wp-image-30583 avia-img-lazy-loading-not-30583 avia_image' src=\"https:\/\/radiorevelacionfm.cl\/wp-content\/uploads\/2023\/04\/CECOSF-5-1-1.jpeg\" alt='' title='CECOSF (5) (1) (1)' height=\"600\" width=\"900\"  itemprop=\"thumbnailUrl\" srcset=\"https:\/\/radiorevelacionfm.cl\/wp-content\/uploads\/2023\/04\/CECOSF-5-1-1.jpeg 900w, https:\/\/radiorevelacionfm.cl\/wp-content\/uploads\/2023\/04\/CECOSF-5-1-1-300x200.jpeg 300w, https:\/\/radiorevelacionfm.cl\/wp-content\/uploads\/2023\/04\/CECOSF-5-1-1-768x512.jpeg 768w, https:\/\/radiorevelacionfm.cl\/wp-content\/uploads\/2023\/04\/CECOSF-5-1-1-705x470.jpeg 705w, https:\/\/radiorevelacionfm.cl\/wp-content\/uploads\/2023\/04\/CECOSF-5-1-1-450x300.jpeg 450w, https:\/\/radiorevelacionfm.cl\/wp-content\/uploads\/2023\/04\/CECOSF-5-1-1-600x400.jpeg 600w\" sizes=\"(max-width: 900px) 100vw, 900px\" \/><\/div><\/div><\/div><\/div><div class=\"flex_column av_one_full  flex_column_div av-zero-column-padding first  avia-builder-el-2  el_after_av_one_full  el_before_av_one_full  column-top-margin\" style='border-radius:0px; '><section class=\"av_textblock_section \"  itemscope=\"itemscope\" itemtype=\"https:\/\/schema.org\/BlogPosting\" itemprop=\"blogPost\" ><div class='avia_textblock  '   itemprop=\"text\" ><p style=\"text-align: center;\"><strong><span style=\"font-size: 18pt;\">Jornada de trabajo y capacitaci\u00f3n de los CECOSF permite intercambiar experiencias y estrategias<\/span><\/strong><\/p>\n<div id=\"gtx-trans\" style=\"position: absolute; left: -50px; top: 4.31534px;\">\n<div class=\"gtx-trans-icon\"><\/div>\n<\/div>\n<\/div><\/section><\/div><div class=\"flex_column av_one_full  flex_column_div av-zero-column-padding first  avia-builder-el-4  el_after_av_one_full  el_before_av_hr  column-top-margin\" style='border-radius:0px; '><section class=\"av_textblock_section \"  itemscope=\"itemscope\" itemtype=\"https:\/\/schema.org\/BlogPosting\" itemprop=\"blogPost\" ><div class='avia_textblock  '   itemprop=\"text\" ><p style=\"font-weight: 400; text-align: justify;\">Hasta el Centro Comunitario de Salud Familiar (CECOSF) del sector Ribera Sur de Puerto Ays\u00e9n, llegaron los encargados de los distintos establecimientos de este tipo de la regi\u00f3n de Ays\u00e9n, que incluyen Villa Ma\u00f1ihuales, Coyhaique, Puerto Ays\u00e9n y Chacabuco.<\/p>\n<p style=\"font-weight: 400; text-align: justify;\">La actividad fue convocada por la referente del \u00e1rea, Sandra Tapia de la Pe\u00f1a, quien manifest\u00f3 que \u201cestamos marcando precedente respecto a potenciar y replicar el trabajo de dispositivos exitosos en\u00a0 los resultados de salud comunitaria, \u00a0buscando de esta forma reactivar la salud familiar, conect\u00e1ndonos con la comunidad y el Intersector, motivo por el que nos hemos reunido para trabajar en esta jornada, para replicar las actividades en los distintos lugares donde est\u00e1n ubicados los CECOSF\u201d.<\/p>\n<p style=\"font-weight: 400; text-align: justify;\">El prop\u00f3sito de los CECOSF es fomentar la Co-Participaci\u00f3n activa de la comunidad organizada en sus procesos de salud-enfermedad-salud con el apoyo, gu\u00eda y monitoreo permanente de los Equipos de Cabecera, incluyendo los Gestores Comunitarios.<\/p>\n<p style=\"font-weight: 400; text-align: justify;\">\u201cFue una instancia de un intercambio muy positivo entre los equipos y valoro mucho que podamos compartir las experiencias que se viven en los CECOSF que son diametralmente diferentes a lo que pasa en un CESFAM, en una Posta Rural e incluso un hospital, as\u00ed que es muy importante que los equipos conozcan las estrategias que son muy distintas a los CESFAM y es una responsabilidad mayor cuando un CESFAM es responsable de dos CECOSF, como Ribera Sur y Chacabuco y muy agradecida para seguir fortaleciendo la acci\u00f3n comunitaria\u201d, indic\u00f3 Milenka Adofacci, directora del Centro de Salud Familiar de Puerto Ays\u00e9n.<\/p>\n<p style=\"font-weight: 400; text-align: justify;\">La jornada tuvo como objetivo reactivar las actividades comunitarias y generar v\u00ednculos entre los encargados de CECOSF de la regi\u00f3n que nos permitan avanzar. \u201cPocas veces tenemos la oportunidad de conversar entre los distintos establecimientos de salud las estrategias que hemos usado y compartir ese conocimiento, qu\u00e9 ha resulta y qu\u00e9 no, y estas jornadas nos ayudan mucho a compartir y crear nuevas estrategias, porque lo que importa es generar comunidades saludables, sanadoras y desde all\u00ed construir una salud entre todos y eso es lo que m\u00e1s \u00e9nfasis tienen estos programas de CECOSF, que si bien tienen que cumplir con el rol asistencial, de atenciones bajo la estructura de calidad necesaria, pero adem\u00e1s tiene un componente comunitario y participativo muy importante\u201d, concluy\u00f3 Mar\u00eda Ignacia Vald\u00e9s, m\u00e9dico, parte del equipo que implement\u00f3 la estrategia de Modelo de Atenci\u00f3n Integral en Salud Familiar y Comunitaria (MAIS) en el CECOSF Ribera Sur.<\/p>\n<\/div><\/section><\/div><div  style='height:50px' class='hr hr-invisible   avia-builder-el-6  el_after_av_one_full  el_before_av_social_share '><span class='hr-inner ' ><span class='hr-inner-style'><\/span><\/span><\/div><\/p>\n<div  class='av-social-sharing-box  avia-builder-el-7  el_after_av_hr  el_before_av_hr  '><div class='av-share-box'><h5 class='av-share-link-description av-no-toc '>Compartir esta noticia<\/h5><ul class='av-share-box-list noLightbox'><li class='av-share-link av-social-link-facebook' ><a target=\"_blank\" aria-label=\"Compartir en Facebook\" href='https:\/\/www.facebook.com\/sharer.php?u=https:\/\/radiorevelacionfm.cl\/?p=30582&#038;t=Jornada%20de%20trabajo%20y%20capacitaci%C3%B3n%20de%20los%20CECOSF%20permite%20intercambiar%20experiencias%20y%20estrategias' aria-hidden='false' data-av_icon='\ue8f3' data-av_iconfont='entypo-fontello' title='' data-avia-related-tooltip='Compartir en Facebook' rel=\"noopener\"><span class='avia_hidden_link_text'>Compartir en Facebook<\/span><\/a><\/li><li class='av-share-link av-social-link-twitter' ><a target=\"_blank\" aria-label=\"Compartir en Twitter\" href='https:\/\/twitter.com\/share?text=Jornada%20de%20trabajo%20y%20capacitaci%C3%B3n%20de%20los%20CECOSF%20permite%20intercambiar%20experiencias%20y%20estrategias&#038;url=https:\/\/radiorevelacionfm.cl\/?p=30582' aria-hidden='false' data-av_icon='\ue8f1' data-av_iconfont='entypo-fontello' title='' data-avia-related-tooltip='Compartir en Twitter' rel=\"noopener\"><span class='avia_hidden_link_text'>Compartir en Twitter<\/span><\/a><\/li><li class='av-share-link av-social-link-whatsapp' ><a target=\"_blank\" aria-label=\"Compartir en Whatsapp\" href='https:\/\/api.whatsapp.com\/send?text=https:\/\/radiorevelacionfm.cl\/?p=30582' aria-hidden='false' data-av_icon='\uf232' data-av_iconfont='entypo-fontello' title='' data-avia-related-tooltip='Compartir en Whatsapp' rel=\"noopener\"><span class='avia_hidden_link_text'>Compartir en Whatsapp<\/span><\/a><\/li><li class='av-share-link av-social-link-linkedin' ><a target=\"_blank\" aria-label=\"Compartir en LinkedIn\" href='https:\/\/linkedin.com\/shareArticle?mini=true&#038;title=Jornada%20de%20trabajo%20y%20capacitaci%C3%B3n%20de%20los%20CECOSF%20permite%20intercambiar%20experiencias%20y%20estrategias&#038;url=https:\/\/radiorevelacionfm.cl\/?p=30582' aria-hidden='false' data-av_icon='\ue8fc' data-av_iconfont='entypo-fontello' title='' data-avia-related-tooltip='Compartir en LinkedIn' rel=\"noopener\"><span class='avia_hidden_link_text'>Compartir en LinkedIn<\/span><\/a><\/li><li class='av-share-link av-social-link-mail' ><a  aria-label=\"Compartir por correo\" href='mailto:?subject=Jornada%20de%20trabajo%20y%20capacitaci%C3%B3n%20de%20los%20CECOSF%20permite%20intercambiar%20experiencias%20y%20estrategias&#038;body=https:\/\/radiorevelacionfm.cl\/?p=30582' aria-hidden='false' data-av_icon='\ue805' data-av_iconfont='entypo-fontello' title='' data-avia-related-tooltip='Compartir por correo'><span class='avia_hidden_link_text'>Compartir por correo<\/span><\/a><\/li><\/ul><\/div><\/div>\n<div  style='height:50px' class='hr hr-invisible   avia-builder-el-8  el_after_av_social_share  el_before_av_comments_list '><span class='hr-inner ' ><span class='hr-inner-style'><\/span><\/span><\/div>\n<div  class='av-buildercomment  av-blog-meta-html-info-disabled av-blog-meta-tag-disabled  '><\/div>\n","protected":false},"excerpt":{"rendered":"","protected":false},"author":1,"featured_media":30583,"comment_status":"open","ping_status":"open","sticky":false,"template":"","format":"standard","meta":{"footnotes":""},"categories":[46],"tags":[],"class_list":["post-30582","post","type-post","status-publish","format-standard","has-post-thumbnail","hentry","category-salud"],"jetpack_featured_media_url":"https:\/\/radiorevelacionfm.cl\/wp-content\/uploads\/2023\/04\/CECOSF-5-1-1.jpeg","_links":{"self":[{"href":"https:\/\/radiorevelacionfm.cl\/index.php?rest_route=\/wp\/v2\/posts\/30582","targetHints":{"allow":["GET"]}}],"collection":[{"href":"https:\/\/radiorevelacionfm.cl\/index.php?rest_route=\/wp\/v2\/posts"}],"about":[{"href":"https:\/\/radiorevelacionfm.cl\/index.php?rest_route=\/wp\/v2\/types\/post"}],"author":[{"embeddable":true,"href":"https:\/\/radiorevelacionfm.cl\/index.php?rest_route=\/wp\/v2\/users\/1"}],"replies":[{"embeddable":true,"href":"https:\/\/radiorevelacionfm.cl\/index.php?rest_route=%2Fwp%2Fv2%2Fcomments&post=30582"}],"version-history":[{"count":1,"href":"https:\/\/radiorevelacionfm.cl\/index.php?rest_route=\/wp\/v2\/posts\/30582\/revisions"}],"predecessor-version":[{"id":30584,"href":"https:\/\/radiorevelacionfm.cl\/index.php?rest_route=\/wp\/v2\/posts\/30582\/revisions\/30584"}],"wp:featuredmedia":[{"embeddable":true,"href":"https:\/\/radiorevelacionfm.cl\/index.php?rest_route=\/wp\/v2\/media\/30583"}],"wp:attachment":[{"href":"https:\/\/radiorevelacionfm.cl\/index.php?rest_route=%2Fwp%2Fv2%2Fmedia&parent=30582"}],"wp:term":[{"taxonomy":"category","embeddable":true,"href":"https:\/\/radiorevelacionfm.cl\/index.php?rest_route=%2Fwp%2Fv2%2Fcategories&post=30582"},{"taxonomy":"post_tag","embeddable":true,"href":"https:\/\/radiorevelacionfm.cl\/index.php?rest_route=%2Fwp%2Fv2%2Ftags&post=30582"}],"curies":[{"name":"wp","href":"https:\/\/api.w.org\/{rel}","templated":true}]}}