{"id":30579,"date":"2023-04-28T19:08:26","date_gmt":"2023-04-28T22:08:26","guid":{"rendered":"https:\/\/radiorevelacionfm.cl\/?p=30579"},"modified":"2023-04-28T19:08:26","modified_gmt":"2023-04-28T22:08:26","slug":"programa-acciona-de-culturas-aysen-prepara-su-desembarco-en-8-establecimientos-de-la-region","status":"publish","type":"post","link":"https:\/\/radiorevelacionfm.cl\/?p=30579","title":{"rendered":"Programa Acciona de Culturas Ays\u00e9n prepara su desembarco en 8 establecimientos de la regi\u00f3n"},"content":{"rendered":"<div class=\"flex_column av_one_full  flex_column_div av-zero-column-padding first  avia-builder-el-0  el_before_av_one_full  avia-builder-el-first  \" style='border-radius:0px; '><div  class='avia-image-container  av-styling-    avia-builder-el-1  avia-builder-el-no-sibling  avia-align-center '  itemprop=\"image\" itemscope=\"itemscope\" itemtype=\"https:\/\/schema.org\/ImageObject\"  ><div class='avia-image-container-inner'><div class='avia-image-overlay-wrap'><img decoding=\"async\" class='wp-image-30580 avia-img-lazy-loading-not-30580 avia_image' src=\"https:\/\/radiorevelacionfm.cl\/wp-content\/uploads\/2023\/04\/acciona3-1-1_optimized.jpg\" alt='' title='acciona3-(1)-(1)_optimized' height=\"600\" width=\"899\"  itemprop=\"thumbnailUrl\" srcset=\"https:\/\/radiorevelacionfm.cl\/wp-content\/uploads\/2023\/04\/acciona3-1-1_optimized.jpg 899w, https:\/\/radiorevelacionfm.cl\/wp-content\/uploads\/2023\/04\/acciona3-1-1_optimized-300x200.jpg 300w, https:\/\/radiorevelacionfm.cl\/wp-content\/uploads\/2023\/04\/acciona3-1-1_optimized-768x513.jpg 768w, https:\/\/radiorevelacionfm.cl\/wp-content\/uploads\/2023\/04\/acciona3-1-1_optimized-705x471.jpg 705w, https:\/\/radiorevelacionfm.cl\/wp-content\/uploads\/2023\/04\/acciona3-1-1_optimized-450x300.jpg 450w, https:\/\/radiorevelacionfm.cl\/wp-content\/uploads\/2023\/04\/acciona3-1-1_optimized-600x400.jpg 600w\" sizes=\"(max-width: 899px) 100vw, 899px\" \/><\/div><\/div><\/div><\/div><div class=\"flex_column av_one_full  flex_column_div av-zero-column-padding first  avia-builder-el-2  el_after_av_one_full  el_before_av_one_full  column-top-margin\" style='border-radius:0px; '><section class=\"av_textblock_section \"  itemscope=\"itemscope\" itemtype=\"https:\/\/schema.org\/BlogPosting\" itemprop=\"blogPost\" ><div class='avia_textblock  '   itemprop=\"text\" ><p style=\"text-align: center;\"><span style=\"font-size: 18pt;\"><b>Programa Acciona de Culturas Ays\u00e9n prepara su desembarco en 8 establecimientos de la regi\u00f3n<\/b><\/span><\/p>\n<div id=\"gtx-trans\" style=\"position: absolute; left: -50px; top: 4.31534px;\">\n<div class=\"gtx-trans-icon\"><\/div>\n<\/div>\n<\/div><\/section><\/div><div class=\"flex_column av_one_full  flex_column_div av-zero-column-padding first  avia-builder-el-4  el_after_av_one_full  el_before_av_hr  column-top-margin\" style='border-radius:0px; '><section class=\"av_textblock_section \"  itemscope=\"itemscope\" itemtype=\"https:\/\/schema.org\/BlogPosting\" itemprop=\"blogPost\" ><div class='avia_textblock  '   itemprop=\"text\" ><p style=\"text-align: justify;\">Ni\u00f1os, ni\u00f1as y adolescentes de cuatro comunas de la Regi\u00f3n de Ays\u00e9n se integran este 2023 a los proyectos Acciona que desarrolla el Departamento de Educaci\u00f3n Art\u00edstica de la Seremi de Culturas Ays\u00e9n en el territorio<\/p>\n<p style=\"text-align: justify;\">\u201cPara nosotros es muy importante asumir la pertinencia territorial y las condiciones geogr\u00e1ficas de nuestra regi\u00f3n\u201d, explica Patricia Rivera, encargada de Educaci\u00f3n Art\u00edstica de Culturas Ays\u00e9n, y agrega que \u201clas dos comunas nuevas para el programa, Chile Chico y Cisnes, surgen de conversaciones y participaciones de a\u00f1os anteriores en nuestras diversas actividades art\u00edstico culturales que hemos implementado y all\u00ed los respectivos directores de los establecimientos educacionales manifestaron su inter\u00e9s y deseo de contar con proyectos Acciona\u201d.<\/p>\n<p style=\"text-align: justify;\">Se trata del Liceo Luisa Rabanal Palma de Chile Chico y la Escuela Guido G\u00f3mez de Puerto Cisnes, cuyo estudiantes acceder\u00e1n a los contenidos y programaci\u00f3n Acciona. Se suman a los establecimientos que ya cuentan con el programa Acciona: Escuela Baquedano, V\u00edctor Domingo Silva y Valle Simpson en Coyhaique; Escuela Litoral Austral, Liceo Ma\u00f1ihuales y Escuela Almirante Simpson de la comuna de Ays\u00e9n<\/p>\n<p style=\"text-align: justify;\">La educadora Evelyn Rossel se adjudic\u00f3 la licitaci\u00f3n del programa Acciona 2023 y su apreciaci\u00f3n del desaf\u00edo 2023 \u201cse relaciona con la incorporaci\u00f3n de cinco\u00a0\u00a0establecimientos educacionales de las comunas de Ays\u00e9n, Cisnes y chile Chico, lo que permitir\u00e1 aumentar el alcance del programa. Adem\u00e1s, se est\u00e1 trabajando en la Red de Artistas Educadores, considerando la diversidad geogr\u00e1fica y cultural del territorio. Es importante seguir trabajando en la promoci\u00f3n de la cultura local y en el fortalecimiento de la educaci\u00f3n art\u00edstica en zonas rurales y aisladas de nuestro territorio\u201d<\/p>\n<p style=\"text-align: justify;\">Acciona es un programa social desarrollado por el Departamento de Educaci\u00f3n y Formaci\u00f3n en Artes y Cultura de la Subsecretar\u00eda de las Culturas y las Artes, con el prop\u00f3sito de aumentar el acceso de ni\u00f1os ni\u00f1as y j\u00f3venes en procesos formativos del \u00e1mbito de las artes y las culturas.<\/p>\n<p style=\"text-align: justify;\">La metodolog\u00eda de Acciona se basa en proyectos art\u00edstico-culturales que facilitan el desarrollo de procesos pedag\u00f3gicos con ni\u00f1os, ni\u00f1as y adolescentes; y son mediados por una dupla docente conformada por un\/a profesor\/a del establecimiento educacional y un\/a artista educador\/a contratado desde el Programa, quienes dise\u00f1an, planifican e implementan colaborativamente un proceso interdisciplinario, a partir de un diagn\u00f3stico participativo junto a estudiantes, considerando la relaci\u00f3n con el contexto sociocultural de cada comunidad educativa y entorno.<\/p>\n<\/div><\/section><\/div><div  style='height:50px' class='hr hr-invisible   avia-builder-el-6  el_after_av_one_full  el_before_av_social_share '><span class='hr-inner ' ><span class='hr-inner-style'><\/span><\/span><\/div><\/p>\n<div  class='av-social-sharing-box  avia-builder-el-7  el_after_av_hr  el_before_av_hr  '><div class='av-share-box'><h5 class='av-share-link-description av-no-toc '>Compartir esta noticia<\/h5><ul class='av-share-box-list noLightbox'><li class='av-share-link av-social-link-facebook' ><a target=\"_blank\" aria-label=\"Compartir en Facebook\" href='https:\/\/www.facebook.com\/sharer.php?u=https:\/\/radiorevelacionfm.cl\/?p=30579&#038;t=Programa%20Acciona%20de%20Culturas%20Ays%C3%A9n%20prepara%20su%20desembarco%20en%208%20establecimientos%20de%20la%20regi%C3%B3n' aria-hidden='false' data-av_icon='\ue8f3' data-av_iconfont='entypo-fontello' title='' data-avia-related-tooltip='Compartir en Facebook' rel=\"noopener\"><span class='avia_hidden_link_text'>Compartir en Facebook<\/span><\/a><\/li><li class='av-share-link av-social-link-twitter' ><a target=\"_blank\" aria-label=\"Compartir en Twitter\" href='https:\/\/twitter.com\/share?text=Programa%20Acciona%20de%20Culturas%20Ays%C3%A9n%20prepara%20su%20desembarco%20en%208%20establecimientos%20de%20la%20regi%C3%B3n&#038;url=https:\/\/radiorevelacionfm.cl\/?p=30579' aria-hidden='false' data-av_icon='\ue8f1' data-av_iconfont='entypo-fontello' title='' data-avia-related-tooltip='Compartir en Twitter' rel=\"noopener\"><span class='avia_hidden_link_text'>Compartir en Twitter<\/span><\/a><\/li><li class='av-share-link av-social-link-whatsapp' ><a target=\"_blank\" aria-label=\"Compartir en Whatsapp\" href='https:\/\/api.whatsapp.com\/send?text=https:\/\/radiorevelacionfm.cl\/?p=30579' aria-hidden='false' data-av_icon='\uf232' data-av_iconfont='entypo-fontello' title='' data-avia-related-tooltip='Compartir en Whatsapp' rel=\"noopener\"><span class='avia_hidden_link_text'>Compartir en Whatsapp<\/span><\/a><\/li><li class='av-share-link av-social-link-linkedin' ><a target=\"_blank\" aria-label=\"Compartir en LinkedIn\" href='https:\/\/linkedin.com\/shareArticle?mini=true&#038;title=Programa%20Acciona%20de%20Culturas%20Ays%C3%A9n%20prepara%20su%20desembarco%20en%208%20establecimientos%20de%20la%20regi%C3%B3n&#038;url=https:\/\/radiorevelacionfm.cl\/?p=30579' aria-hidden='false' data-av_icon='\ue8fc' data-av_iconfont='entypo-fontello' title='' data-avia-related-tooltip='Compartir en LinkedIn' rel=\"noopener\"><span class='avia_hidden_link_text'>Compartir en LinkedIn<\/span><\/a><\/li><li class='av-share-link av-social-link-mail' ><a  aria-label=\"Compartir por correo\" href='mailto:?subject=Programa%20Acciona%20de%20Culturas%20Ays%C3%A9n%20prepara%20su%20desembarco%20en%208%20establecimientos%20de%20la%20regi%C3%B3n&#038;body=https:\/\/radiorevelacionfm.cl\/?p=30579' aria-hidden='false' data-av_icon='\ue805' data-av_iconfont='entypo-fontello' title='' data-avia-related-tooltip='Compartir por correo'><span class='avia_hidden_link_text'>Compartir por correo<\/span><\/a><\/li><\/ul><\/div><\/div>\n<div  style='height:50px' class='hr hr-invisible   avia-builder-el-8  el_after_av_social_share  el_before_av_comments_list '><span class='hr-inner ' ><span class='hr-inner-style'><\/span><\/span><\/div>\n<div  class='av-buildercomment  av-blog-meta-html-info-disabled av-blog-meta-tag-disabled  '><\/div>\n","protected":false},"excerpt":{"rendered":"","protected":false},"author":1,"featured_media":30580,"comment_status":"open","ping_status":"open","sticky":false,"template":"","format":"standard","meta":{"footnotes":""},"categories":[52],"tags":[],"class_list":["post-30579","post","type-post","status-publish","format-standard","has-post-thumbnail","hentry","category-cultura"],"jetpack_featured_media_url":"https:\/\/radiorevelacionfm.cl\/wp-content\/uploads\/2023\/04\/acciona3-1-1_optimized.jpg","_links":{"self":[{"href":"https:\/\/radiorevelacionfm.cl\/index.php?rest_route=\/wp\/v2\/posts\/30579","targetHints":{"allow":["GET"]}}],"collection":[{"href":"https:\/\/radiorevelacionfm.cl\/index.php?rest_route=\/wp\/v2\/posts"}],"about":[{"href":"https:\/\/radiorevelacionfm.cl\/index.php?rest_route=\/wp\/v2\/types\/post"}],"author":[{"embeddable":true,"href":"https:\/\/radiorevelacionfm.cl\/index.php?rest_route=\/wp\/v2\/users\/1"}],"replies":[{"embeddable":true,"href":"https:\/\/radiorevelacionfm.cl\/index.php?rest_route=%2Fwp%2Fv2%2Fcomments&post=30579"}],"version-history":[{"count":1,"href":"https:\/\/radiorevelacionfm.cl\/index.php?rest_route=\/wp\/v2\/posts\/30579\/revisions"}],"predecessor-version":[{"id":30581,"href":"https:\/\/radiorevelacionfm.cl\/index.php?rest_route=\/wp\/v2\/posts\/30579\/revisions\/30581"}],"wp:featuredmedia":[{"embeddable":true,"href":"https:\/\/radiorevelacionfm.cl\/index.php?rest_route=\/wp\/v2\/media\/30580"}],"wp:attachment":[{"href":"https:\/\/radiorevelacionfm.cl\/index.php?rest_route=%2Fwp%2Fv2%2Fmedia&parent=30579"}],"wp:term":[{"taxonomy":"category","embeddable":true,"href":"https:\/\/radiorevelacionfm.cl\/index.php?rest_route=%2Fwp%2Fv2%2Fcategories&post=30579"},{"taxonomy":"post_tag","embeddable":true,"href":"https:\/\/radiorevelacionfm.cl\/index.php?rest_route=%2Fwp%2Fv2%2Ftags&post=30579"}],"curies":[{"name":"wp","href":"https:\/\/api.w.org\/{rel}","templated":true}]}}