{"id":30576,"date":"2023-04-28T20:00:47","date_gmt":"2023-04-28T23:00:47","guid":{"rendered":"https:\/\/radiorevelacionfm.cl\/?p=30576"},"modified":"2023-04-28T20:00:47","modified_gmt":"2023-04-28T23:00:47","slug":"familias-de-comites-el-nogal-y-llaves-sonadas-visitaron-la-casa-piloto-de-su-anhelado-proyecto-habitacional","status":"publish","type":"post","link":"https:\/\/radiorevelacionfm.cl\/?p=30576","title":{"rendered":"Familias de comit\u00e9s \u201cEl Nogal\u201d y \u201cLlaves So\u00f1adas\u201d visitaron la casa piloto de su anhelado proyecto habitacional"},"content":{"rendered":"<div class=\"flex_column av_one_full  flex_column_div av-zero-column-padding first  avia-builder-el-0  el_before_av_one_full  avia-builder-el-first  \" style='border-radius:0px; '><div  class='avia-image-container  av-styling-    avia-builder-el-1  avia-builder-el-no-sibling  avia-align-center '  itemprop=\"image\" itemscope=\"itemscope\" itemtype=\"https:\/\/schema.org\/ImageObject\"  ><div class='avia-image-container-inner'><div class='avia-image-overlay-wrap'><img decoding=\"async\" class='wp-image-30577 avia-img-lazy-loading-not-30577 avia_image' src=\"https:\/\/radiorevelacionfm.cl\/wp-content\/uploads\/2023\/04\/seremi-exterior-casa-piloto-proyecto-80-familias-puerto-aysen-1_optimized.jpg\" alt='' title='seremi-exterior-casa-piloto-proyecto-80-familias-puerto-ays\u00e9n-(1)_optimized' height=\"600\" width=\"901\"  itemprop=\"thumbnailUrl\" srcset=\"https:\/\/radiorevelacionfm.cl\/wp-content\/uploads\/2023\/04\/seremi-exterior-casa-piloto-proyecto-80-familias-puerto-aysen-1_optimized.jpg 901w, https:\/\/radiorevelacionfm.cl\/wp-content\/uploads\/2023\/04\/seremi-exterior-casa-piloto-proyecto-80-familias-puerto-aysen-1_optimized-300x200.jpg 300w, https:\/\/radiorevelacionfm.cl\/wp-content\/uploads\/2023\/04\/seremi-exterior-casa-piloto-proyecto-80-familias-puerto-aysen-1_optimized-768x511.jpg 768w, https:\/\/radiorevelacionfm.cl\/wp-content\/uploads\/2023\/04\/seremi-exterior-casa-piloto-proyecto-80-familias-puerto-aysen-1_optimized-705x469.jpg 705w, https:\/\/radiorevelacionfm.cl\/wp-content\/uploads\/2023\/04\/seremi-exterior-casa-piloto-proyecto-80-familias-puerto-aysen-1_optimized-450x300.jpg 450w, https:\/\/radiorevelacionfm.cl\/wp-content\/uploads\/2023\/04\/seremi-exterior-casa-piloto-proyecto-80-familias-puerto-aysen-1_optimized-600x400.jpg 600w\" sizes=\"(max-width: 901px) 100vw, 901px\" \/><\/div><\/div><\/div><\/div><div class=\"flex_column av_one_full  flex_column_div av-zero-column-padding first  avia-builder-el-2  el_after_av_one_full  el_before_av_one_full  column-top-margin\" style='border-radius:0px; '><section class=\"av_textblock_section \"  itemscope=\"itemscope\" itemtype=\"https:\/\/schema.org\/BlogPosting\" itemprop=\"blogPost\" ><div class='avia_textblock  '   itemprop=\"text\" ><p style=\"text-align: center;\"><span style=\"font-size: 18pt;\"><strong>Familias de comit\u00e9s \u201cEl Nogal\u201d y \u201cLlaves So\u00f1adas\u201d visitaron la casa piloto de su anhelado proyecto habitacional<\/strong><\/span><\/p>\n<div id=\"gtx-trans\" style=\"position: absolute; left: -50px; top: 4.31534px;\">\n<div class=\"gtx-trans-icon\"><\/div>\n<\/div>\n<\/div><\/section><\/div><div class=\"flex_column av_one_full  flex_column_div av-zero-column-padding first  avia-builder-el-4  el_after_av_one_full  el_before_av_hr  column-top-margin\" style='border-radius:0px; '><section class=\"av_textblock_section \"  itemscope=\"itemscope\" itemtype=\"https:\/\/schema.org\/BlogPosting\" itemprop=\"blogPost\" ><div class='avia_textblock  '   itemprop=\"text\" ><p style=\"text-align: justify;\">M\u00e1s de un 18% de avance presenta la construcci\u00f3n de 80 viviendas para las familias integrantes de los comit\u00e9s \u201cEl Nogal\u201d y \u201cLlaves So\u00f1adas\u201d de Puerto Ays\u00e9n, obra que est\u00e1 ejecutando la empresa L y D en terrenos que se ubican en el sector Ribera Sur de la ciudad.<\/p>\n<p style=\"text-align: justify;\">Cabe consignar que el comit\u00e9 \u201cEl Nogal\u201d se compone de 30 familias y el comit\u00e9 \u201cLlaves So\u00f1adas\u201d de 50, quienes trabajan juntos por la casa propia desde hace m\u00e1s de cinco a\u00f1os. En ese periodo y con recursos del Ministerio de Vivienda lograron adquirir terrenos del Vicariato Apost\u00f3lico de Ays\u00e9n, para luego recibir sus certificados de subsidio a fines de 2021. Posteriormente, a mediados del a\u00f1o pasado, consiguieron m\u00e1s de 900 millones de pesos como aportes complementarios del Gobierno Regional, lo que permiti\u00f3 iniciar la ejecuci\u00f3n del proyecto, siempre con asesor\u00eda de la Entidad Patrocinante Dalco, que los apoya y acompa\u00f1a durante todo el proceso.<\/p>\n<p style=\"text-align: justify;\">La casa piloto del proyecto fue visitada recientemente por las familias beneficiarias y por la Seremi de Vivienda y Urbanismo, Paulina Ruz, quien destac\u00f3 la excelente calidad de las soluciones que se est\u00e1n entregando en toda la regi\u00f3n, con altos niveles de seguridad, dise\u00f1o, aislaci\u00f3n t\u00e9rmica y materialidad acorde con la realidad local. \u201cFue una visita que nos sorprendi\u00f3 gratamente, ya que la calidad de las viviendas que se puede apreciar en la casa piloto es muy buena. Adem\u00e1s, considerar que la entidad patrocinante Dalco, con la cual se est\u00e1 trabajando, funciona a trav\u00e9s de un modelo de vivienda que es ya industrializado y prefabricado, lo que implica mayor eficiencia en los tiempos de la ejecuci\u00f3n, pero por supuesto, manteniendo la calidad. Nosotros, en el marco del Plan de Emergencia Habitacional, lo que hemos estado realizando a trav\u00e9s de las distintas gestiones es garantizar a las vecinas y vecinos de toda la regi\u00f3n de Ays\u00e9n su derecho a la vivienda digna y no solamente eso, sino que tambi\u00e9n con condiciones que sean acordes a la realidad territorial, lo cual en este caso se puede comprobar a trav\u00e9s de la visita que realizamos\u201d, precis\u00f3.<\/p>\n<p style=\"text-align: justify;\">Tanto las autoridades como los beneficiarios coincidieron en destacar la calidad de la casa piloto, que incluye ventanas termopanel en todo el inmueble, cer\u00e1mica en ba\u00f1o, living y cocina, piso flotante en todos los dormitorios, escalera plegable para facilitar el traslado de elementos de mayor envergadura al segundo piso, calefont y lavaplatos, entre otros, caracter\u00edsticas que sin duda garantizan una mejor calidad de vida para las 80 familias que dar\u00e1n vida a este nuevo barrio de Puerto Ays\u00e9n.<\/p>\n<p style=\"text-align: justify;\">Las obras, que implican una inversi\u00f3n aproximada de 2 mil 100 millones de pesos, tienen un plazo de ejecuci\u00f3n de 365 d\u00edas corridos, por lo que las familias esperan recibir sus viviendas el segundo semestre de este a\u00f1o. De esta forma se va dando vida a un nuevo barrio que se complementa con m\u00e1s de 360 soluciones habitacionales que se est\u00e1n ejecutando en la ribera norte de Puerto Ays\u00e9n, todo eso sin considerar los trabajos que ya se iniciaron para radicar a casi 70 familias del campamento Las Quilas.<\/p>\n<p style=\"text-align: justify;\">En ese contexto record\u00f3 la Seremi Paulina Ruz que todas estas obras permitir\u00e1n continuar avanzando en los objetivos del Plan de Emergencia Habitacional del Gobierno, donde se espera superar la meta de entregar m\u00e1s de mil 293 viviendas en el periodo a nivel regional, sumando a eso numerosos proyectos de espacios p\u00fablicos y pavimentaci\u00f3n, los que sin duda permitir\u00e1n seguir incentivando la reactivaci\u00f3n, generando puestos de trabajo y mejorando la vida de los vecinos y vecinas de nuestra regi\u00f3n de Ays\u00e9n.<\/p>\n<\/div><\/section><\/div><div  style='height:50px' class='hr hr-invisible   avia-builder-el-6  el_after_av_one_full  el_before_av_social_share '><span class='hr-inner ' ><span class='hr-inner-style'><\/span><\/span><\/div><\/p>\n<div  class='av-social-sharing-box  avia-builder-el-7  el_after_av_hr  el_before_av_hr  '><div class='av-share-box'><h5 class='av-share-link-description av-no-toc '>Compartir esta noticia<\/h5><ul class='av-share-box-list noLightbox'><li class='av-share-link av-social-link-facebook' ><a target=\"_blank\" aria-label=\"Compartir en Facebook\" href='https:\/\/www.facebook.com\/sharer.php?u=https:\/\/radiorevelacionfm.cl\/?p=30576&#038;t=Familias%20de%20comit%C3%A9s%20%E2%80%9CEl%20Nogal%E2%80%9D%20y%20%E2%80%9CLlaves%20So%C3%B1adas%E2%80%9D%20visitaron%20la%20casa%20piloto%20de%20su%20anhelado%20proyecto%20habitacional' aria-hidden='false' data-av_icon='\ue8f3' data-av_iconfont='entypo-fontello' title='' data-avia-related-tooltip='Compartir en Facebook' rel=\"noopener\"><span class='avia_hidden_link_text'>Compartir en Facebook<\/span><\/a><\/li><li class='av-share-link av-social-link-twitter' ><a target=\"_blank\" aria-label=\"Compartir en Twitter\" href='https:\/\/twitter.com\/share?text=Familias%20de%20comit%C3%A9s%20%E2%80%9CEl%20Nogal%E2%80%9D%20y%20%E2%80%9CLlaves%20So%C3%B1adas%E2%80%9D%20visitaron%20la%20casa%20piloto%20de%20su%20anhelado%20proyecto%20habitacional&#038;url=https:\/\/radiorevelacionfm.cl\/?p=30576' aria-hidden='false' data-av_icon='\ue8f1' data-av_iconfont='entypo-fontello' title='' data-avia-related-tooltip='Compartir en Twitter' rel=\"noopener\"><span class='avia_hidden_link_text'>Compartir en Twitter<\/span><\/a><\/li><li class='av-share-link av-social-link-whatsapp' ><a target=\"_blank\" aria-label=\"Compartir en Whatsapp\" href='https:\/\/api.whatsapp.com\/send?text=https:\/\/radiorevelacionfm.cl\/?p=30576' aria-hidden='false' data-av_icon='\uf232' data-av_iconfont='entypo-fontello' title='' data-avia-related-tooltip='Compartir en Whatsapp' rel=\"noopener\"><span class='avia_hidden_link_text'>Compartir en Whatsapp<\/span><\/a><\/li><li class='av-share-link av-social-link-linkedin' ><a target=\"_blank\" aria-label=\"Compartir en LinkedIn\" href='https:\/\/linkedin.com\/shareArticle?mini=true&#038;title=Familias%20de%20comit%C3%A9s%20%E2%80%9CEl%20Nogal%E2%80%9D%20y%20%E2%80%9CLlaves%20So%C3%B1adas%E2%80%9D%20visitaron%20la%20casa%20piloto%20de%20su%20anhelado%20proyecto%20habitacional&#038;url=https:\/\/radiorevelacionfm.cl\/?p=30576' aria-hidden='false' data-av_icon='\ue8fc' data-av_iconfont='entypo-fontello' title='' data-avia-related-tooltip='Compartir en LinkedIn' rel=\"noopener\"><span class='avia_hidden_link_text'>Compartir en LinkedIn<\/span><\/a><\/li><li class='av-share-link av-social-link-mail' ><a  aria-label=\"Compartir por correo\" href='mailto:?subject=Familias%20de%20comit%C3%A9s%20%E2%80%9CEl%20Nogal%E2%80%9D%20y%20%E2%80%9CLlaves%20So%C3%B1adas%E2%80%9D%20visitaron%20la%20casa%20piloto%20de%20su%20anhelado%20proyecto%20habitacional&#038;body=https:\/\/radiorevelacionfm.cl\/?p=30576' aria-hidden='false' data-av_icon='\ue805' data-av_iconfont='entypo-fontello' title='' data-avia-related-tooltip='Compartir por correo'><span class='avia_hidden_link_text'>Compartir por correo<\/span><\/a><\/li><\/ul><\/div><\/div>\n<div  style='height:50px' class='hr hr-invisible   avia-builder-el-8  el_after_av_social_share  el_before_av_comments_list '><span class='hr-inner ' ><span class='hr-inner-style'><\/span><\/span><\/div>\n<div  class='av-buildercomment  av-blog-meta-html-info-disabled av-blog-meta-tag-disabled  '><\/div>\n","protected":false},"excerpt":{"rendered":"","protected":false},"author":1,"featured_media":30577,"comment_status":"open","ping_status":"open","sticky":false,"template":"","format":"standard","meta":{"footnotes":""},"categories":[57],"tags":[],"class_list":["post-30576","post","type-post","status-publish","format-standard","has-post-thumbnail","hentry","category-vivienda"],"jetpack_featured_media_url":"https:\/\/radiorevelacionfm.cl\/wp-content\/uploads\/2023\/04\/seremi-exterior-casa-piloto-proyecto-80-familias-puerto-aysen-1_optimized.jpg","_links":{"self":[{"href":"https:\/\/radiorevelacionfm.cl\/index.php?rest_route=\/wp\/v2\/posts\/30576","targetHints":{"allow":["GET"]}}],"collection":[{"href":"https:\/\/radiorevelacionfm.cl\/index.php?rest_route=\/wp\/v2\/posts"}],"about":[{"href":"https:\/\/radiorevelacionfm.cl\/index.php?rest_route=\/wp\/v2\/types\/post"}],"author":[{"embeddable":true,"href":"https:\/\/radiorevelacionfm.cl\/index.php?rest_route=\/wp\/v2\/users\/1"}],"replies":[{"embeddable":true,"href":"https:\/\/radiorevelacionfm.cl\/index.php?rest_route=%2Fwp%2Fv2%2Fcomments&post=30576"}],"version-history":[{"count":1,"href":"https:\/\/radiorevelacionfm.cl\/index.php?rest_route=\/wp\/v2\/posts\/30576\/revisions"}],"predecessor-version":[{"id":30578,"href":"https:\/\/radiorevelacionfm.cl\/index.php?rest_route=\/wp\/v2\/posts\/30576\/revisions\/30578"}],"wp:featuredmedia":[{"embeddable":true,"href":"https:\/\/radiorevelacionfm.cl\/index.php?rest_route=\/wp\/v2\/media\/30577"}],"wp:attachment":[{"href":"https:\/\/radiorevelacionfm.cl\/index.php?rest_route=%2Fwp%2Fv2%2Fmedia&parent=30576"}],"wp:term":[{"taxonomy":"category","embeddable":true,"href":"https:\/\/radiorevelacionfm.cl\/index.php?rest_route=%2Fwp%2Fv2%2Fcategories&post=30576"},{"taxonomy":"post_tag","embeddable":true,"href":"https:\/\/radiorevelacionfm.cl\/index.php?rest_route=%2Fwp%2Fv2%2Ftags&post=30576"}],"curies":[{"name":"wp","href":"https:\/\/api.w.org\/{rel}","templated":true}]}}