{"id":30573,"date":"2023-04-29T19:48:18","date_gmt":"2023-04-29T22:48:18","guid":{"rendered":"https:\/\/radiorevelacionfm.cl\/?p=30573"},"modified":"2023-04-29T19:48:18","modified_gmt":"2023-04-29T22:48:18","slug":"edelaysen-realiza-diversas-actividades-con-la-comunidad-en-villa-ohiggins","status":"publish","type":"post","link":"https:\/\/radiorevelacionfm.cl\/?p=30573","title":{"rendered":"Edelaysen realiza diversas actividades con la comunidad en Villa O&#8217;Higgins"},"content":{"rendered":"<div class=\"flex_column av_one_full  flex_column_div av-zero-column-padding first  avia-builder-el-0  el_before_av_one_full  avia-builder-el-first  \" style='border-radius:0px; '><div  class='avia-image-container  av-styling-    avia-builder-el-1  avia-builder-el-no-sibling  avia-align-center '  itemprop=\"image\" itemscope=\"itemscope\" itemtype=\"https:\/\/schema.org\/ImageObject\"  ><div class='avia-image-container-inner'><div class='avia-image-overlay-wrap'><img decoding=\"async\" class='wp-image-30574 avia-img-lazy-loading-not-30574 avia_image' src=\"https:\/\/radiorevelacionfm.cl\/wp-content\/uploads\/2023\/04\/hielito-azul2-1_optimized.jpg\" alt='' title='hielito-azul2-(1)_optimized' height=\"600\" width=\"853\"  itemprop=\"thumbnailUrl\" srcset=\"https:\/\/radiorevelacionfm.cl\/wp-content\/uploads\/2023\/04\/hielito-azul2-1_optimized.jpg 853w, https:\/\/radiorevelacionfm.cl\/wp-content\/uploads\/2023\/04\/hielito-azul2-1_optimized-300x211.jpg 300w, https:\/\/radiorevelacionfm.cl\/wp-content\/uploads\/2023\/04\/hielito-azul2-1_optimized-768x540.jpg 768w, https:\/\/radiorevelacionfm.cl\/wp-content\/uploads\/2023\/04\/hielito-azul2-1_optimized-705x496.jpg 705w, https:\/\/radiorevelacionfm.cl\/wp-content\/uploads\/2023\/04\/hielito-azul2-1_optimized-450x317.jpg 450w, https:\/\/radiorevelacionfm.cl\/wp-content\/uploads\/2023\/04\/hielito-azul2-1_optimized-600x422.jpg 600w\" sizes=\"(max-width: 853px) 100vw, 853px\" \/><\/div><\/div><\/div><\/div><div class=\"flex_column av_one_full  flex_column_div av-zero-column-padding first  avia-builder-el-2  el_after_av_one_full  el_before_av_one_full  column-top-margin\" style='border-radius:0px; '><section class=\"av_textblock_section \"  itemscope=\"itemscope\" itemtype=\"https:\/\/schema.org\/BlogPosting\" itemprop=\"blogPost\" ><div class='avia_textblock  '   itemprop=\"text\" ><p style=\"text-align: center;\"><span style=\"font-size: 18pt;\"><strong>Edelaysen realiza diversas actividades con la comunidad en Villa O&#8217;Higgins<\/strong><\/span><\/p>\n<div id=\"gtx-trans\" style=\"position: absolute; left: -50px; top: 4.31534px;\">\n<div class=\"gtx-trans-icon\"><\/div>\n<\/div>\n<\/div><\/section><\/div><div class=\"flex_column av_one_full  flex_column_div av-zero-column-padding first  avia-builder-el-4  el_after_av_one_full  el_before_av_hr  column-top-margin\" style='border-radius:0px; '><section class=\"av_textblock_section \"  itemscope=\"itemscope\" itemtype=\"https:\/\/schema.org\/BlogPosting\" itemprop=\"blogPost\" ><div class='avia_textblock  '   itemprop=\"text\" ><p style=\"text-align: justify;\">Personal de Edelaysen se traslad\u00f3 a la comuna de O\u2019Higgins para reunirse con la autoridad comunal y los vecinos, donde se abordaron las necesidades de la comuna y desaf\u00edos en relaci\u00f3n con el servicio el\u00e9ctrico del lugar. Durante la visita, se recogieron solicitudes e inquietudes por parte de la municipalidad, lo que permitir\u00e1 seguir entregando un servicio el\u00e9ctrico continuo y de calidad.<\/p>\n<p style=\"text-align: justify;\">En relaci\u00f3n a ello, el alcalde de la Municipalidad de O\u2019Higgins, Jos\u00e9 Fica destac\u00f3 que: \u201c(Fue) muy positivo encuentro donde abordamos el funcionamiento de la empresa en nuestra comuna, el nuevo convenio que estamos por firmar relativo a las tarifas, la solicitud de algunos pobladores de ampliar la red el\u00e9ctrica para los sectores aleda\u00f1os a Villa O\u2019Higgins y en relaci\u00f3n en general al buen funcionamiento y mantener la calidad de la entrega de energ\u00eda en Villa O`Higgins, que actualmente est\u00e1 bien pero hay que tratar de que las cosas siempre se hagan a\u00fan mejor, as\u00ed agradecemos por cierto la presencia de los ejecutivos de Edelaysen en nuestra comuna\u201d.<\/p>\n<p style=\"text-align: justify;\">Asimismo, durante la visita, el jefe de Servicio al Cliente de Edelaysen, Patricio Raimilla, se\u00f1al\u00f3 que: \u201cPara nosotros como empresa es muy importante el trabajo en equipo para seguir mejorando el servicio el\u00e9ctrico en cada una de nuestras localidades en la zona de concesi\u00f3n, dando cuenta del compromiso que tenemos con nuestros clientes y la comunidad\u201d.<\/p>\n<p style=\"text-align: justify;\">Otra de las actividades que se realiz\u00f3 fue la visita a la central el\u00e9ctrica en Bah\u00eda Bahamondes, donde se pudo conocer de primera mano el funcionamiento del equipo y los desaf\u00edos que enfrenta en la generaci\u00f3n y distribuci\u00f3n de energ\u00eda el\u00e9ctrica en la comuna.<\/p>\n<p style=\"text-align: justify;\">Junto con ello, parte de las actividades programadas fue la presencia en el Jard\u00edn Infantil y sala cuna \u201cHielito Azul\u201d donde se realiz\u00f3 una donaci\u00f3n a los ni\u00f1os, como parte del programa \u201cEscuela con Energ\u00eda\u201d de la empresa el\u00e9ctrica.<\/p>\n<p style=\"text-align: justify;\">Claudia V\u00e1squez, directora del establecimiento coment\u00f3 que \u201cestamos felices con la visita de Edelaysen, la verdad que es gratificante el recibimiento que tuvieron los ni\u00f1os. Les encantaron los regalos as\u00ed que muchas gracias porque igual al ser botas y mochilas les sirve mucho para venir al jard\u00edn. Esta es una localidad extrema donde las lluvias y el clima en s\u00ed es bien extremo as\u00ed que van a ser recursos buenos para que los ni\u00f1os puedan asistir sin problemas a este jard\u00edn, el m\u00e1s austral de Chile. Agradecida totalmente de Edelaysen\u201d.<\/p>\n<p style=\"text-align: justify;\">Con esta actividad concluyeron las jornadas de trabajo en la zona m\u00e1s austral de la regi\u00f3n de Ays\u00e9n, por parte del personal de la empresa el\u00e9ctrica Edelaysen.<\/p>\n<\/div><\/section><\/div><div  style='height:50px' class='hr hr-invisible   avia-builder-el-6  el_after_av_one_full  el_before_av_social_share '><span class='hr-inner ' ><span class='hr-inner-style'><\/span><\/span><\/div><\/p>\n<div  class='av-social-sharing-box  avia-builder-el-7  el_after_av_hr  el_before_av_hr  '><div class='av-share-box'><h5 class='av-share-link-description av-no-toc '>Compartir esta noticia<\/h5><ul class='av-share-box-list noLightbox'><li class='av-share-link av-social-link-facebook' ><a target=\"_blank\" aria-label=\"Compartir en Facebook\" href='https:\/\/www.facebook.com\/sharer.php?u=https:\/\/radiorevelacionfm.cl\/?p=30573&#038;t=Edelaysen%20realiza%20diversas%20actividades%20con%20la%20comunidad%20en%20Villa%20O%E2%80%99Higgins' aria-hidden='false' data-av_icon='\ue8f3' data-av_iconfont='entypo-fontello' title='' data-avia-related-tooltip='Compartir en Facebook' rel=\"noopener\"><span class='avia_hidden_link_text'>Compartir en Facebook<\/span><\/a><\/li><li class='av-share-link av-social-link-twitter' ><a target=\"_blank\" aria-label=\"Compartir en Twitter\" href='https:\/\/twitter.com\/share?text=Edelaysen%20realiza%20diversas%20actividades%20con%20la%20comunidad%20en%20Villa%20O%E2%80%99Higgins&#038;url=https:\/\/radiorevelacionfm.cl\/?p=30573' aria-hidden='false' data-av_icon='\ue8f1' data-av_iconfont='entypo-fontello' title='' data-avia-related-tooltip='Compartir en Twitter' rel=\"noopener\"><span class='avia_hidden_link_text'>Compartir en Twitter<\/span><\/a><\/li><li class='av-share-link av-social-link-whatsapp' ><a target=\"_blank\" aria-label=\"Compartir en Whatsapp\" href='https:\/\/api.whatsapp.com\/send?text=https:\/\/radiorevelacionfm.cl\/?p=30573' aria-hidden='false' data-av_icon='\uf232' data-av_iconfont='entypo-fontello' title='' data-avia-related-tooltip='Compartir en Whatsapp' rel=\"noopener\"><span class='avia_hidden_link_text'>Compartir en Whatsapp<\/span><\/a><\/li><li class='av-share-link av-social-link-linkedin' ><a target=\"_blank\" aria-label=\"Compartir en LinkedIn\" href='https:\/\/linkedin.com\/shareArticle?mini=true&#038;title=Edelaysen%20realiza%20diversas%20actividades%20con%20la%20comunidad%20en%20Villa%20O%E2%80%99Higgins&#038;url=https:\/\/radiorevelacionfm.cl\/?p=30573' aria-hidden='false' data-av_icon='\ue8fc' data-av_iconfont='entypo-fontello' title='' data-avia-related-tooltip='Compartir en LinkedIn' rel=\"noopener\"><span class='avia_hidden_link_text'>Compartir en LinkedIn<\/span><\/a><\/li><li class='av-share-link av-social-link-mail' ><a  aria-label=\"Compartir por correo\" href='mailto:?subject=Edelaysen%20realiza%20diversas%20actividades%20con%20la%20comunidad%20en%20Villa%20O%E2%80%99Higgins&#038;body=https:\/\/radiorevelacionfm.cl\/?p=30573' aria-hidden='false' data-av_icon='\ue805' data-av_iconfont='entypo-fontello' title='' data-avia-related-tooltip='Compartir por correo'><span class='avia_hidden_link_text'>Compartir por correo<\/span><\/a><\/li><\/ul><\/div><\/div>\n<div  style='height:50px' class='hr hr-invisible   avia-builder-el-8  el_after_av_social_share  el_before_av_comments_list '><span class='hr-inner ' ><span class='hr-inner-style'><\/span><\/span><\/div>\n<div  class='av-buildercomment  av-blog-meta-html-info-disabled av-blog-meta-tag-disabled  '><\/div>\n","protected":false},"excerpt":{"rendered":"","protected":false},"author":1,"featured_media":30574,"comment_status":"open","ping_status":"open","sticky":false,"template":"","format":"standard","meta":{"footnotes":""},"categories":[38],"tags":[],"class_list":["post-30573","post","type-post","status-publish","format-standard","has-post-thumbnail","hentry","category-regional"],"jetpack_featured_media_url":"https:\/\/radiorevelacionfm.cl\/wp-content\/uploads\/2023\/04\/hielito-azul2-1_optimized.jpg","_links":{"self":[{"href":"https:\/\/radiorevelacionfm.cl\/index.php?rest_route=\/wp\/v2\/posts\/30573","targetHints":{"allow":["GET"]}}],"collection":[{"href":"https:\/\/radiorevelacionfm.cl\/index.php?rest_route=\/wp\/v2\/posts"}],"about":[{"href":"https:\/\/radiorevelacionfm.cl\/index.php?rest_route=\/wp\/v2\/types\/post"}],"author":[{"embeddable":true,"href":"https:\/\/radiorevelacionfm.cl\/index.php?rest_route=\/wp\/v2\/users\/1"}],"replies":[{"embeddable":true,"href":"https:\/\/radiorevelacionfm.cl\/index.php?rest_route=%2Fwp%2Fv2%2Fcomments&post=30573"}],"version-history":[{"count":1,"href":"https:\/\/radiorevelacionfm.cl\/index.php?rest_route=\/wp\/v2\/posts\/30573\/revisions"}],"predecessor-version":[{"id":30575,"href":"https:\/\/radiorevelacionfm.cl\/index.php?rest_route=\/wp\/v2\/posts\/30573\/revisions\/30575"}],"wp:featuredmedia":[{"embeddable":true,"href":"https:\/\/radiorevelacionfm.cl\/index.php?rest_route=\/wp\/v2\/media\/30574"}],"wp:attachment":[{"href":"https:\/\/radiorevelacionfm.cl\/index.php?rest_route=%2Fwp%2Fv2%2Fmedia&parent=30573"}],"wp:term":[{"taxonomy":"category","embeddable":true,"href":"https:\/\/radiorevelacionfm.cl\/index.php?rest_route=%2Fwp%2Fv2%2Fcategories&post=30573"},{"taxonomy":"post_tag","embeddable":true,"href":"https:\/\/radiorevelacionfm.cl\/index.php?rest_route=%2Fwp%2Fv2%2Ftags&post=30573"}],"curies":[{"name":"wp","href":"https:\/\/api.w.org\/{rel}","templated":true}]}}