{"id":30570,"date":"2023-04-29T12:03:10","date_gmt":"2023-04-29T15:03:10","guid":{"rendered":"https:\/\/radiorevelacionfm.cl\/?p=30570"},"modified":"2023-04-29T12:04:43","modified_gmt":"2023-04-29T15:04:43","slug":"comenzaron-las-inscripciones-para-el-torneo-interescolar-delibera-2023","status":"publish","type":"post","link":"https:\/\/radiorevelacionfm.cl\/?p=30570","title":{"rendered":"Comenzaron las inscripciones para el Torneo Delibera 2023"},"content":{"rendered":"<div class=\"flex_column av_one_full  flex_column_div av-zero-column-padding first  avia-builder-el-0  el_before_av_one_full  avia-builder-el-first  \" style='border-radius:0px; '><div  class='avia-image-container  av-styling-    avia-builder-el-1  avia-builder-el-no-sibling  avia-align-center '  itemprop=\"image\" itemscope=\"itemscope\" itemtype=\"https:\/\/schema.org\/ImageObject\"  ><div class='avia-image-container-inner'><div class='avia-image-overlay-wrap'><img decoding=\"async\" class='wp-image-30571 avia-img-lazy-loading-not-30571 avia_image' src=\"https:\/\/radiorevelacionfm.cl\/wp-content\/uploads\/2023\/04\/Torneo-Delibera-1-1.jpg\" alt='' title='Torneo Delibera (1) (1)' height=\"600\" width=\"600\"  itemprop=\"thumbnailUrl\" srcset=\"https:\/\/radiorevelacionfm.cl\/wp-content\/uploads\/2023\/04\/Torneo-Delibera-1-1.jpg 600w, https:\/\/radiorevelacionfm.cl\/wp-content\/uploads\/2023\/04\/Torneo-Delibera-1-1-300x300.jpg 300w, https:\/\/radiorevelacionfm.cl\/wp-content\/uploads\/2023\/04\/Torneo-Delibera-1-1-80x80.jpg 80w, https:\/\/radiorevelacionfm.cl\/wp-content\/uploads\/2023\/04\/Torneo-Delibera-1-1-36x36.jpg 36w, https:\/\/radiorevelacionfm.cl\/wp-content\/uploads\/2023\/04\/Torneo-Delibera-1-1-180x180.jpg 180w, https:\/\/radiorevelacionfm.cl\/wp-content\/uploads\/2023\/04\/Torneo-Delibera-1-1-120x120.jpg 120w, https:\/\/radiorevelacionfm.cl\/wp-content\/uploads\/2023\/04\/Torneo-Delibera-1-1-450x450.jpg 450w, https:\/\/radiorevelacionfm.cl\/wp-content\/uploads\/2023\/04\/Torneo-Delibera-1-1-100x100.jpg 100w\" sizes=\"(max-width: 600px) 100vw, 600px\" \/><\/div><\/div><\/div><\/div>\n<div class=\"flex_column av_one_full  flex_column_div av-zero-column-padding first  avia-builder-el-2  el_after_av_one_full  el_before_av_one_full  column-top-margin\" style='border-radius:0px; '><section class=\"av_textblock_section \"  itemscope=\"itemscope\" itemtype=\"https:\/\/schema.org\/BlogPosting\" itemprop=\"blogPost\" ><div class='avia_textblock  '   itemprop=\"text\" ><p style=\"text-align: center;\"><strong><span style=\"font-size: 18pt;\">Comenzaron las inscripciones para el Torneo Delibera 2023<\/span><\/strong><\/p>\n<div id=\"gtx-trans\" style=\"position: absolute; left: -50px; top: 4.31534px;\">\n<div class=\"gtx-trans-icon\"><\/div>\n<\/div>\n<\/div><\/section><\/div><div class=\"flex_column av_one_full  flex_column_div av-zero-column-padding first  avia-builder-el-4  el_after_av_one_full  el_before_av_hr  column-top-margin\" style='border-radius:0px; '><section class=\"av_textblock_section \"  itemscope=\"itemscope\" itemtype=\"https:\/\/schema.org\/BlogPosting\" itemprop=\"blogPost\" ><div class='avia_textblock  '   itemprop=\"text\" ><p dir=\"ltr\" style=\"text-align: justify;\">Hasta el 29 de mayo estudiantes de s\u00e9ptimo a\u00f1o de ense\u00f1anza b\u00e1sica hasta cuarto a\u00f1o de Ense\u00f1anza Media de la Regi\u00f3n de Ays\u00e9n podr\u00e1n sumarse al torneo Interescolar de deliberaci\u00f3n y formaci\u00f3n c\u00edvica impulsada por el Congreso Nacional y ejecutada en la regi\u00f3n en coordinaci\u00f3n con la Universidad de Ays\u00e9n.<\/p>\n<p dir=\"ltr\" style=\"text-align: justify;\">Ya se inici\u00f3 en todo Chile el proceso de inscripci\u00f3n en el Torneo Delibera 2023, instancia de formaci\u00f3n c\u00edvica organizada por la Biblioteca del Congreso Nacional de Chile (BCN) por encargo del Senado y de la C\u00e1mara de Diputadas y Diputados y liderada en la regi\u00f3n por la Universidad de Ays\u00e9n, permite a estudiantes desde s\u00e9ptimo b\u00e1sico a cuarto medio presentar iniciativas de ley que apunten a la soluci\u00f3n de un problema que afecte a su regi\u00f3n a al pa\u00eds, promoviendo de esta manera a los y las estudiantes adquirir conocimientos y habilidades relacionadas con la labor legislativa, as\u00ed como fortalecer su vinculaci\u00f3n con el Congreso Nacional.<\/p>\n<p dir=\"ltr\" style=\"text-align: justify;\">Los equipos deber\u00e1n estar compuestos por cuatro estudiantes m\u00e1s un profesor gu\u00eda. Aunque pueden inscribirse alumnos y alumnas de un mismo curso, tambi\u00e9n se permite la inscripci\u00f3n de estudiantes de distintos cursos y niveles. El plazo de inscripci\u00f3n se extender\u00e1 hasta el pr\u00f3ximo lunes 29 de mayo.<\/p>\n<p dir=\"ltr\" style=\"text-align: justify;\">Mario Saldivia, Master del torneo en la regi\u00f3n destac\u00f3 la posibilidad que brinda a los estudiantes ser parte de esta iniciativa. \u00abEsta es una oportunidad donde los y las estudiantes de la regi\u00f3n de Ays\u00e9n tienen la posibilidad de pensar y crear iniciativas de ley que puedan mejorar la calidad de vida de sus vecinos o su entorno. Tambi\u00e9n es una instancia donde participantes anteriores nos han comentado que por el momento se sintieron parlamentarios argumentando y defendiendo sus proyectos de ley. Este torneo es una herramienta clave para potenciar la formaci\u00f3n c\u00edvica de los estudiantes de s\u00e9ptimo a cuarto medio y por esta raz\u00f3n nosotros les invitamos, los motivamos a participar de este torneo de debate escolar\u00bb.<\/p>\n<p dir=\"ltr\" style=\"text-align: justify;\">Los equipos que se inscriban, competir\u00e1n por un lugar en las finales regionales, y luego,\u00a0 los 16 equipos triunfadores participar\u00e1n en la gran final nacional, que se realizar\u00e1 en noviembre en la sede del Congreso Nacional en Valpara\u00edso.<\/p>\n<p dir=\"ltr\" style=\"text-align: justify;\">Mas informaci\u00f3n del proceso en la web <a href=\"http:\/\/delibera.cl\/\" target=\"_blank\" rel=\"noopener noreferrer\">delibera.cl<\/a><\/p>\n<\/div><\/section><\/div><\/p>\n<div  style='height:50px' class='hr hr-invisible   avia-builder-el-6  el_after_av_one_full  el_before_av_social_share '><span class='hr-inner ' ><span class='hr-inner-style'><\/span><\/span><\/div>\n<div  class='av-social-sharing-box  avia-builder-el-7  el_after_av_hr  el_before_av_hr  '><div class='av-share-box'><h5 class='av-share-link-description av-no-toc '>Compartir esta noticia<\/h5><ul class='av-share-box-list noLightbox'><li class='av-share-link av-social-link-facebook' ><a target=\"_blank\" aria-label=\"Compartir en Facebook\" href='https:\/\/www.facebook.com\/sharer.php?u=https:\/\/radiorevelacionfm.cl\/?p=30570&#038;t=Comenzaron%20las%20inscripciones%20para%20el%20Torneo%20Delibera%202023' aria-hidden='false' data-av_icon='\ue8f3' data-av_iconfont='entypo-fontello' title='' data-avia-related-tooltip='Compartir en Facebook' rel=\"noopener\"><span class='avia_hidden_link_text'>Compartir en Facebook<\/span><\/a><\/li><li class='av-share-link av-social-link-twitter' ><a target=\"_blank\" aria-label=\"Compartir en Twitter\" href='https:\/\/twitter.com\/share?text=Comenzaron%20las%20inscripciones%20para%20el%20Torneo%20Delibera%202023&#038;url=https:\/\/radiorevelacionfm.cl\/?p=30570' aria-hidden='false' data-av_icon='\ue8f1' data-av_iconfont='entypo-fontello' title='' data-avia-related-tooltip='Compartir en Twitter' rel=\"noopener\"><span class='avia_hidden_link_text'>Compartir en Twitter<\/span><\/a><\/li><li class='av-share-link av-social-link-whatsapp' ><a target=\"_blank\" aria-label=\"Compartir en Whatsapp\" href='https:\/\/api.whatsapp.com\/send?text=https:\/\/radiorevelacionfm.cl\/?p=30570' aria-hidden='false' data-av_icon='\uf232' data-av_iconfont='entypo-fontello' title='' data-avia-related-tooltip='Compartir en Whatsapp' rel=\"noopener\"><span class='avia_hidden_link_text'>Compartir en Whatsapp<\/span><\/a><\/li><li class='av-share-link av-social-link-linkedin' ><a target=\"_blank\" aria-label=\"Compartir en LinkedIn\" href='https:\/\/linkedin.com\/shareArticle?mini=true&#038;title=Comenzaron%20las%20inscripciones%20para%20el%20Torneo%20Delibera%202023&#038;url=https:\/\/radiorevelacionfm.cl\/?p=30570' aria-hidden='false' data-av_icon='\ue8fc' data-av_iconfont='entypo-fontello' title='' data-avia-related-tooltip='Compartir en LinkedIn' rel=\"noopener\"><span class='avia_hidden_link_text'>Compartir en LinkedIn<\/span><\/a><\/li><li class='av-share-link av-social-link-mail' ><a  aria-label=\"Compartir por correo\" href='mailto:?subject=Comenzaron%20las%20inscripciones%20para%20el%20Torneo%20Delibera%202023&#038;body=https:\/\/radiorevelacionfm.cl\/?p=30570' aria-hidden='false' data-av_icon='\ue805' data-av_iconfont='entypo-fontello' title='' data-avia-related-tooltip='Compartir por correo'><span class='avia_hidden_link_text'>Compartir por correo<\/span><\/a><\/li><\/ul><\/div><\/div>\n<div  style='height:50px' class='hr hr-invisible   avia-builder-el-8  el_after_av_social_share  el_before_av_comments_list '><span class='hr-inner ' ><span class='hr-inner-style'><\/span><\/span><\/div>\n<div  class='av-buildercomment  av-blog-meta-html-info-disabled av-blog-meta-tag-disabled  '><\/div>\n","protected":false},"excerpt":{"rendered":"","protected":false},"author":1,"featured_media":30571,"comment_status":"open","ping_status":"open","sticky":false,"template":"","format":"standard","meta":{"footnotes":""},"categories":[49],"tags":[],"class_list":["post-30570","post","type-post","status-publish","format-standard","has-post-thumbnail","hentry","category-educacion"],"jetpack_featured_media_url":"https:\/\/radiorevelacionfm.cl\/wp-content\/uploads\/2023\/04\/Torneo-Delibera-1-1.jpg","_links":{"self":[{"href":"https:\/\/radiorevelacionfm.cl\/index.php?rest_route=\/wp\/v2\/posts\/30570","targetHints":{"allow":["GET"]}}],"collection":[{"href":"https:\/\/radiorevelacionfm.cl\/index.php?rest_route=\/wp\/v2\/posts"}],"about":[{"href":"https:\/\/radiorevelacionfm.cl\/index.php?rest_route=\/wp\/v2\/types\/post"}],"author":[{"embeddable":true,"href":"https:\/\/radiorevelacionfm.cl\/index.php?rest_route=\/wp\/v2\/users\/1"}],"replies":[{"embeddable":true,"href":"https:\/\/radiorevelacionfm.cl\/index.php?rest_route=%2Fwp%2Fv2%2Fcomments&post=30570"}],"version-history":[{"count":2,"href":"https:\/\/radiorevelacionfm.cl\/index.php?rest_route=\/wp\/v2\/posts\/30570\/revisions"}],"predecessor-version":[{"id":30603,"href":"https:\/\/radiorevelacionfm.cl\/index.php?rest_route=\/wp\/v2\/posts\/30570\/revisions\/30603"}],"wp:featuredmedia":[{"embeddable":true,"href":"https:\/\/radiorevelacionfm.cl\/index.php?rest_route=\/wp\/v2\/media\/30571"}],"wp:attachment":[{"href":"https:\/\/radiorevelacionfm.cl\/index.php?rest_route=%2Fwp%2Fv2%2Fmedia&parent=30570"}],"wp:term":[{"taxonomy":"category","embeddable":true,"href":"https:\/\/radiorevelacionfm.cl\/index.php?rest_route=%2Fwp%2Fv2%2Fcategories&post=30570"},{"taxonomy":"post_tag","embeddable":true,"href":"https:\/\/radiorevelacionfm.cl\/index.php?rest_route=%2Fwp%2Fv2%2Ftags&post=30570"}],"curies":[{"name":"wp","href":"https:\/\/api.w.org\/{rel}","templated":true}]}}